{"id":539840,"date":"2025-11-17T08:28:15","date_gmt":"2025-11-17T08:28:15","guid":{"rendered":"https:\/\/www.europesays.com\/fr\/539840\/"},"modified":"2025-11-17T08:28:15","modified_gmt":"2025-11-17T08:28:15","slug":"en-piste-mercredi-seul-tanner-tessmann-va-retrouver-lol-tardivement","status":"publish","type":"post","link":"https:\/\/www.europesays.com\/fr\/539840\/","title":{"rendered":"en piste mercredi, seul Tanner Tessmann va retrouver l\u2019OL tardivement"},"content":{"rendered":"<p>C\u2019est l\u2019heure des derniers tours de roue de l\u2019ann\u00e9e 2025 pour les internationaux de l\u2019OL, qui vont rejoindre d\u2019ici quelques heures <a href=\"https:\/\/www.leprogres.fr\/sport\/2025\/11\/10\/match-a-rebondissements-decisions-arbitrales-litigieuses-l-ol-craque-dans-les-ultimes-secondes-face-au-psg\" target=\"_blank\" rel=\"noopener\">Nicolas Tagliafico. Le capitaine face au PSG<\/a> en a fini pour cette ann\u00e9e civile avec la s\u00e9lection argentine apr\u00e8s 90 minutes et la victoire en amical face \u00e0 l\u2019Angola (2-0), vendredi.<\/p>\n<p>Aussi auteur d\u2019un match entier et \u00e9prouvant avec le S\u00e9n\u00e9gal, d\u00e9fait par le Br\u00e9sil en amical (0-2) samedi, <a href=\"https:\/\/www.leprogres.fr\/p\/moussa-niakhate\" target=\"_blank\" rel=\"noopener\">Moussa Niakhat\u00e9<\/a> pourrait \u00eatre m\u00e9nag\u00e9 mardi pour le dernier d\u00e9fi, moins prestigieux, face au Kenya. D\u2019autres titulaires en puissance rentreront t\u00f4t \u00e0 Lyon, puisqu\u2019<a href=\"https:\/\/www.leprogres.fr\/p\/adam-karabec\" target=\"_blank\" rel=\"noopener\">Adam Karabec<\/a> et les Tch\u00e8ques affrontent ce lundi soir Gibraltar. <\/p>\n<p>Tessmann de retour vendredi \u00e0 Lyon<\/p>\n<p>Mathys De Carvalho est l\u2019autre Lyonnais en piste ce jour avec le Portugal U20 face \u00e0 la Roumanie, tandis qu\u2019<a href=\"https:\/\/www.leprogres.fr\/p\/afonso-moreira\" target=\"_blank\" rel=\"noopener\">Afonso Moreira<\/a> sera lui sur le terrain mardi avec les espoirs lusitaniens, comme <a href=\"https:\/\/www.leprogres.fr\/sport\/2025\/11\/06\/l-heure-de-l-ouverture-a-l-ol-pour-teo-barisic-et-enzo-molebe\" target=\"_blank\" rel=\"noopener\">T\u00e9o Barisic avec les espoirs croates<\/a> et les deux gones de l\u2019\u00e9quipe de France U19, <a href=\"https:\/\/www.leprogres.fr\/p\/khalis-merah\" target=\"_blank\" rel=\"noopener\">Khalis Merah<\/a> et <a href=\"https:\/\/www.leprogres.fr\/p\/enzo-molebe\" target=\"_blank\" rel=\"noopener\">Enzo Molebe<\/a>, qui ont jou\u00e9 plus d\u2019une heure samedi lors du succ\u00e8s face \u00e0 la Bulgarie (2-1).<\/p>\n<p>Le seul retardataire devrait \u00eatre <a href=\"https:\/\/www.leprogres.fr\/p\/tanner-tessmann\" target=\"_blank\" rel=\"noopener\">Tanner Tessmann<\/a>. Titulaire samedi avec les Etats-Unis lors du succ\u00e8s contre le Paraguay (2-1), conclu sur une bagarre g\u00e9n\u00e9rale, le milieu retrouve dans la nuit de mardi \u00e0 mercredi l\u2019Uruguay pour un autre amical, outre-Atlantique. Il ne devrait regagner Lyon que vendredi. Difficile de le voir d\u00e9marrer \u00e0 Auxerre dimanche&#8230;<\/p>\n","protected":false},"excerpt":{"rendered":"C\u2019est l\u2019heure des derniers tours de roue de l\u2019ann\u00e9e 2025 pour les internationaux de l\u2019OL, qui vont rejoindre&hellip;\n","protected":false},"author":2,"featured_media":539841,"comment_status":"","ping_status":"","sticky":false,"template":"","format":"standard","meta":{"footnotes":""},"categories":[1889],"tags":[1111,11,2430,2757,1777,674,63,1011,27,2428,2756,12,2755,25,517],"class_list":{"0":"post-539840","1":"post","2":"type-post","3":"status-publish","4":"format-standard","5":"has-post-thumbnail","7":"category-lyon","8":"tag-actu","9":"tag-actualites","10":"tag-auvergne-rhone-alpes","11":"tag-edition-lyon-villeurbanne","12":"tag-eu","13":"tag-europe","14":"tag-football","15":"tag-fr","16":"tag-france","17":"tag-lyon","18":"tag-lyon-bassin","19":"tag-news","20":"tag-ol-olympique-lyonnais-football","21":"tag-republique-francaise","22":"tag-sport"},"share_on_mastodon":{"url":"https:\/\/pubeurope.com\/@fr\/115564098557414171","error":""},"_links":{"self":[{"href":"https:\/\/www.europesays.com\/fr\/wp-json\/wp\/v2\/posts\/539840","targetHints":{"allow":["GET"]}}],"collection":[{"href":"https:\/\/www.europesays.com\/fr\/wp-json\/wp\/v2\/posts"}],"about":[{"href":"https:\/\/www.europesays.com\/fr\/wp-json\/wp\/v2\/types\/post"}],"author":[{"embeddable":true,"href":"https:\/\/www.europesays.com\/fr\/wp-json\/wp\/v2\/users\/2"}],"replies":[{"embeddable":true,"href":"https:\/\/www.europesays.com\/fr\/wp-json\/wp\/v2\/comments?post=539840"}],"version-history":[{"count":0,"href":"https:\/\/www.europesays.com\/fr\/wp-json\/wp\/v2\/posts\/539840\/revisions"}],"wp:featuredmedia":[{"embeddable":true,"href":"https:\/\/www.europesays.com\/fr\/wp-json\/wp\/v2\/media\/539841"}],"wp:attachment":[{"href":"https:\/\/www.europesays.com\/fr\/wp-json\/wp\/v2\/media?parent=539840"}],"wp:term":[{"taxonomy":"category","embeddable":true,"href":"https:\/\/www.europesays.com\/fr\/wp-json\/wp\/v2\/categories?post=539840"},{"taxonomy":"post_tag","embeddable":true,"href":"https:\/\/www.europesays.com\/fr\/wp-json\/wp\/v2\/tags?post=539840"}],"curies":[{"name":"wp","href":"https:\/\/api.w.org\/{rel}","templated":true}]}}