{"id":539842,"date":"2025-11-17T08:30:14","date_gmt":"2025-11-17T08:30:14","guid":{"rendered":"https:\/\/www.europesays.com\/fr\/539842\/"},"modified":"2025-11-17T08:30:14","modified_gmt":"2025-11-17T08:30:14","slug":"les-bouchons-au-dessus-de-la-moyenne","status":"publish","type":"post","link":"https:\/\/www.europesays.com\/fr\/539842\/","title":{"rendered":"les bouchons au-dessus de la moyenne"},"content":{"rendered":"<p>                    Par<br \/>\n        <strong><br \/>\n            <a href=\"https:\/\/actu.fr\/auteur\/redaction-paris\" title=\"Consulter tous les articles de R\u00e9daction Paris\" rel=\"nofollow noopener\" target=\"_blank\">R\u00e9daction Paris<\/a><br \/>\n                    <\/strong><\/p>\n<p>        Publi\u00e9 le<\/p>\n<p>            17 nov. 2025 \u00e0 8h46        <\/p>\n<p>D\u00e9but de semaine au ralenti pour les automobilistes d\u2019\u00cele-de-France, qui vont devoir <strong>prendre leur mal en patience<\/strong>. Ce lundi 17 novembre 2025, les routes franciliennes sont tr\u00e8s embouteill\u00e9es, notamment sur la N118 et l\u2019A3.<\/p>\n<p>Des bouchons \u00ab\u00a0exceptionnels\u00a0\u00bb<\/p>\n<p class=\" wall-content\">D\u2019apr\u00e8s la courbe des bouchons de <a href=\"https:\/\/www.sytadin.fr\/sys\/barometre_bouchon.jsp.html\" rel=\"nofollow noopener\" target=\"_blank\">Sytadin.fr<\/a>, ces derniers atteignent, \u00e0 8h31, <strong>410 kilom\u00e8tres<\/strong>. En temps normal, lorsque le trafic est fluide, ils sont l\u00e9g\u00e8rement au-dessus de 250 kilom\u00e8tres. Une situation exceptionnelle qui peut \u00eatre expliqu\u00e9e par les perturbations suivantes :\u00a0<\/p>\n<p class=\" wall-content\">\u2013 Sur l\u2019<strong>A4<\/strong> et l\u2019<strong>A86<\/strong> int\u00e9rieur : accident \u00e0 Cr\u00e9teil impliquant un v\u00e9hicule l\u00e9ger et un poids lourd. Sur quatre voies, deux voies sont ferm\u00e9es \u00e0 gauche<\/p>\n<p class=\" wall-content\">\u2013 Sur la <strong>N118<\/strong> vers Paris entre Les Ulis et Bi\u00e8vres. Circulation difficile entre A1-A3-93D932\/Aulnay-Garonor et A3-75 boulevard p\u00e9riph\u00e9rique \/ P.Bagnolet<\/p>\n<p class=\" wall-content\">\u2013 Sur l\u2019<strong>A3<\/strong> vers Paris entre Aulnay-Garonor et P.Bagnolet\u00a0<\/p>\n<p class=\" wall-content\">Personnalisez votre actualit\u00e9 en ajoutant vos villes et m\u00e9dias en favori avec <a href=\"https:\/\/moncompte.actu.fr\" title=\"D\u00e9couvez Mon Actu\" rel=\"nofollow noopener\" data-trk=\"{&quot;cta&quot;:{&quot;action&quot;:&quot;https:\\\/\\\/moncompte.actu.fr&quot;,&quot;category&quot;:&quot;mon compte&quot;,&quot;from&quot;:&quot;article footer&quot;,&quot;name&quot;:&quot;Mon actu&quot;,&quot;type&quot;:&quot;cta&quot;}}\" target=\"_blank\">Mon Actu<\/a>.<\/p>\n","protected":false},"excerpt":{"rendered":"Par R\u00e9daction Paris Publi\u00e9 le 17 nov. 2025 \u00e0 8h46 D\u00e9but de semaine au ralenti pour les automobilistes&hellip;\n","protected":false},"author":2,"featured_media":435624,"comment_status":"","ping_status":"","sticky":false,"template":"","format":"standard","meta":{"footnotes":""},"categories":[1592],"tags":[119,1111,11,3542,1777,674,1011,27,662,12,626,25,104,2803],"class_list":{"0":"post-539842","1":"post","2":"type-post","3":"status-publish","4":"format-standard","5":"has-post-thumbnail","7":"category-ile-de-france","8":"tag-accident","9":"tag-actu","10":"tag-actualites","11":"tag-circulation","12":"tag-eu","13":"tag-europe","14":"tag-fr","15":"tag-france","16":"tag-ile-de-france","17":"tag-news","18":"tag-paris","19":"tag-republique-francaise","20":"tag-societe","21":"tag-transport"},"share_on_mastodon":{"url":"https:\/\/pubeurope.com\/@fr\/115564106490732902","error":""},"_links":{"self":[{"href":"https:\/\/www.europesays.com\/fr\/wp-json\/wp\/v2\/posts\/539842","targetHints":{"allow":["GET"]}}],"collection":[{"href":"https:\/\/www.europesays.com\/fr\/wp-json\/wp\/v2\/posts"}],"about":[{"href":"https:\/\/www.europesays.com\/fr\/wp-json\/wp\/v2\/types\/post"}],"author":[{"embeddable":true,"href":"https:\/\/www.europesays.com\/fr\/wp-json\/wp\/v2\/users\/2"}],"replies":[{"embeddable":true,"href":"https:\/\/www.europesays.com\/fr\/wp-json\/wp\/v2\/comments?post=539842"}],"version-history":[{"count":0,"href":"https:\/\/www.europesays.com\/fr\/wp-json\/wp\/v2\/posts\/539842\/revisions"}],"wp:featuredmedia":[{"embeddable":true,"href":"https:\/\/www.europesays.com\/fr\/wp-json\/wp\/v2\/media\/435624"}],"wp:attachment":[{"href":"https:\/\/www.europesays.com\/fr\/wp-json\/wp\/v2\/media?parent=539842"}],"wp:term":[{"taxonomy":"category","embeddable":true,"href":"https:\/\/www.europesays.com\/fr\/wp-json\/wp\/v2\/categories?post=539842"},{"taxonomy":"post_tag","embeddable":true,"href":"https:\/\/www.europesays.com\/fr\/wp-json\/wp\/v2\/tags?post=539842"}],"curies":[{"name":"wp","href":"https:\/\/api.w.org\/{rel}","templated":true}]}}