{"id":539847,"date":"2025-11-17T08:33:16","date_gmt":"2025-11-17T08:33:16","guid":{"rendered":"https:\/\/www.europesays.com\/fr\/539847\/"},"modified":"2025-11-17T08:33:16","modified_gmt":"2025-11-17T08:33:16","slug":"le-samu-accuse-davoir-refuse-une-ambulance-a-un-patient-qui-faisait-un-avc-au-kremlin-bicetre","status":"publish","type":"post","link":"https:\/\/www.europesays.com\/fr\/539847\/","title":{"rendered":"Le Samu accus\u00e9 d\u2019avoir \u00ab\u2009refus\u00e9\u2009\u00bb une ambulance \u00e0 un patient qui faisait un AVC au Kremlin-Bic\u00eatre"},"content":{"rendered":"<p>                    Par<br \/>\n        <strong><br \/>\n            <a href=\"https:\/\/actu.fr\/auteur\/redaction-valdemarne\" title=\"Consulter tous les articles de R\u00e9daction Val de Marne\" target=\"_blank\" rel=\"noopener\">R\u00e9daction Val de Marne<\/a><br \/>\n                    <\/strong><\/p>\n<p>        Publi\u00e9 le<\/p>\n<p>            17 nov. 2025 \u00e0 6h50        <\/p>\n<p>Le juge des r\u00e9f\u00e9r\u00e9s du<a href=\"https:\/\/actu.fr\/tag\/tribunal-administratif-de-cergy-pontoise\" target=\"_blank\" rel=\"noopener\"> tribunal administratif de Cergy-Pontoise<\/a> a rejet\u00e9 la requ\u00eate d\u2019un patient de l\u2019<a href=\"https:\/\/actu.fr\/tag\/hopital\" target=\"_blank\" rel=\"noopener\">h\u00f4pital<\/a> de Bic\u00eatre, au <a href=\"https:\/\/actu.fr\/ile-de-france\/le-kremlin-bicetre_94043\" target=\"_blank\" rel=\"noopener\">Kremlin-Bic\u00eatre<\/a>, qui accusait le m\u00e9decin r\u00e9gulateur du Samu d\u2019avoir \u00ab\u2009refus\u00e9\u2009\u00bb de lui envoyer d\u2019une ambulance alors qu\u2019il faisait un <a href=\"https:\/\/actu.fr\/societe\/un-avc-toutes-les-quatre-minutes-en-france-comment-detecter-les-signes-d-un-accident-vasculaire-cerebral_61793795.html\" target=\"_blank\" rel=\"noopener\">AVC<\/a>. <br \/>Le 12 f\u00e9vrier 2023, \u00e0 7\u2009h\u200915 du matin, l\u2019homme avait fait appel centre d\u2019appels des <a href=\"https:\/\/actu.fr\/tag\/urgences\" target=\"_blank\" rel=\"noopener\">urgences<\/a> \u00ab\u2009en raison d\u2019une sensation d\u2019engourdissement de la partie gauche de son corps\u2009\u00bb persistante depuis plus de deux heures. Au t\u00e9l\u00e9phone, le m\u00e9decin r\u00e9gulateur avait reconnu \u00ab\u2009des sympt\u00f4mes atypiques\u2009\u00bb, qu\u2019il avait attribu\u00e9s \u00e0 \u00ab\u2009la longue p\u00e9riode de travail en position assise dans laquelle \u00e9tait le requ\u00e9rant\u2009\u00bb, mais l\u2019avait tout de m\u00eame \u00ab\u2009orient\u00e9 [\u2026] vers le service des urgences afin de passer des examens\u2009\u00bb. Il lui avait donc conseill\u00e9 de se rendre \u00e0 l\u2019h\u00f4pital B\u00e9cl\u00e8re, \u00e0 Clamart (Hauts-de-Seine).<\/p>\n<p>\u00ab\u2009Le Samu n\u2019\u00e9tait pas un service de taxi\u2009\u00bb<\/p>\n<p class=\" wall-content\">Mais, selon les d\u00e9clarations du patient, le praticien avait \u00ab\u2009refus\u00e9\u2009\u00bb de lui envoyer une ambulance \u00e0 son domicile en lui rappelant que \u00ab\u2009le Samu n\u2019\u00e9tait pas un service de taxi\u2009\u00bb. Apr\u00e8s s\u2019\u00eatre donc rendu par ses propres moyens \u00e0 l\u2019h\u00f4pital B\u00e9cl\u00e8re, l\u2019homme a finalement \u00e9t\u00e9 transf\u00e9r\u00e9 \u00e0 l\u2019h\u00f4pital de Bic\u00eatre\u2026 o\u00f9 un accident vasculaire c\u00e9r\u00e9bral (AVC) lui a \u00e9t\u00e9 diagnostiqu\u00e9.<\/p>\n<p class=\" wall-content\">\u00ab\u2009En ne posant pas de diagnostic et en refusant l\u2019envoi d\u2019une ambulance \u00e0 son domicile, l\u2019<a href=\"https:\/\/actu.fr\/tag\/aphp\" target=\"_blank\" rel=\"noopener\">AP-HP<\/a> a commis une faute et lui a caus\u00e9 un pr\u00e9judice\u2009\u00bb, en d\u00e9duisait son avocat. Il avait donc saisi le juge des r\u00e9f\u00e9r\u00e9s du tribunal administratif de Cergy-Pontoise pour que l\u2019Assistance publique \u2013 H\u00f4pitaux de Paris verse \u00e0 son client une premi\u00e8re \u00ab\u2009provision\u2009\u00bb de 20\u2009000 euros \u00e0 valoir sur son indemnisation ult\u00e9rieure. Cette somme devait notamment l\u2019indemniser pour le \u00ab\u2009comportement vexatoire\u2009\u00bb du m\u00e9decin.<\/p>\n<p>\u00ab Le m\u00e9decin ne pouvait pas diagnostiquer un AVC \u00bb<\/p>\n<p class=\" wall-content\">Mais \u00ab\u2009le m\u00e9decin r\u00e9gulateur a recherch\u00e9 la possible survenue d\u2019un AVC en demandant au requ\u00e9rant, avec l\u2019aide de son \u00e9pouse, de r\u00e9aliser certains exercices [\u2026] afin de rechercher des sympt\u00f4mes \u00e9vocateurs d\u2019AVC, tels qu\u2019un sourire asym\u00e9trique et une perte de force dans l\u2019un des bras\u2009\u00bb, rappelle le juge dans une ordonnance en date du 15 septembre 2025, qui vient d\u2019\u00eatre rendue publique.<\/p>\n<p class=\" wall-content\">\u00c0 l\u2019arriv\u00e9e du requ\u00e9rant, les m\u00e9decins de l\u2019h\u00f4pital de Bic\u00eatre eux-m\u00eames avaient confirm\u00e9 que \u00ab\u2009le m\u00e9decin r\u00e9gulateur du Samu ne pouvait pas, au regard des moyens dont il disposait, diagnostiquer un AVC\u2009\u00bb.<\/p>\n<p class=\" wall-content\">D\u2019ailleurs, le compte rendu de l\u2019appel t\u00e9l\u00e9phonique du requ\u00e9rant au Samu ne permet pas de d\u00e9montrer qu\u2019il \u00ab\u2009aurait sollicit\u00e9 qu\u2019une ambulance soit mise \u00e0 sa disposition\u2009\u00bb. Il s\u2019\u00e9tait au contraire dit \u00ab\u2009capable de se rendre en bus\u2009\u00bb \u00e0 l\u2019h\u00f4pital et qu\u2019il n\u2019y avait \u00ab\u2009pas de souci\u2009\u00bb pour cela. Le Samu n\u2019a donc \u00ab\u2009ni refus\u00e9 l\u2019envoi d\u2019un v\u00e9hicule m\u00e9dical, ni eu envers lui un comportement vexatoire\u2009\u00bb, en d\u00e9duit le juge.<\/p>\n<p class=\" wall-content\">\u00ab\u2009Les all\u00e9gations du requ\u00e9rant sont infond\u00e9es, en conclut le magistrat. Sans minimiser les d\u00e9sagr\u00e9ments subis par M. X., la faute de l\u2019AP-HP [\u2026] n\u2019est pas caract\u00e9ris\u00e9e.\u2009\u00bb<\/p>\n<p class=\" wall-content\"><strong>\/MJ et GF (PressPepper)<\/strong><\/p>\n<p class=\" wall-content\">Personnalisez votre actualit\u00e9 en ajoutant vos villes et m\u00e9dias en favori avec <a href=\"https:\/\/moncompte.actu.fr\" title=\"D\u00e9couvez Mon Actu\" rel=\"nofollow noopener\" data-trk=\"{&quot;cta&quot;:{&quot;action&quot;:&quot;https:\\\/\\\/moncompte.actu.fr&quot;,&quot;category&quot;:&quot;mon compte&quot;,&quot;from&quot;:&quot;article footer&quot;,&quot;name&quot;:&quot;Mon actu&quot;,&quot;type&quot;:&quot;cta&quot;}}\" target=\"_blank\">Mon Actu<\/a>.<\/p>\n","protected":false},"excerpt":{"rendered":"Par R\u00e9daction Val de Marne Publi\u00e9 le 17 nov. 2025 \u00e0 6h50 Le juge des r\u00e9f\u00e9r\u00e9s du tribunal&hellip;\n","protected":false},"author":2,"featured_media":539848,"comment_status":"","ping_status":"","sticky":false,"template":"","format":"standard","meta":{"footnotes":""},"categories":[1888],"tags":[11,15182,1777,674,118,1011,27,303,2673,12,626,25],"class_list":{"0":"post-539847","1":"post","2":"type-post","3":"status-publish","4":"format-standard","5":"has-post-thumbnail","7":"category-paris","8":"tag-actualites","9":"tag-aphp","10":"tag-eu","11":"tag-europe","12":"tag-faits-divers","13":"tag-fr","14":"tag-france","15":"tag-justice","16":"tag-medecins","17":"tag-news","18":"tag-paris","19":"tag-republique-francaise"},"share_on_mastodon":{"url":"https:\/\/pubeurope.com\/@fr\/115564118208758072","error":""},"_links":{"self":[{"href":"https:\/\/www.europesays.com\/fr\/wp-json\/wp\/v2\/posts\/539847","targetHints":{"allow":["GET"]}}],"collection":[{"href":"https:\/\/www.europesays.com\/fr\/wp-json\/wp\/v2\/posts"}],"about":[{"href":"https:\/\/www.europesays.com\/fr\/wp-json\/wp\/v2\/types\/post"}],"author":[{"embeddable":true,"href":"https:\/\/www.europesays.com\/fr\/wp-json\/wp\/v2\/users\/2"}],"replies":[{"embeddable":true,"href":"https:\/\/www.europesays.com\/fr\/wp-json\/wp\/v2\/comments?post=539847"}],"version-history":[{"count":0,"href":"https:\/\/www.europesays.com\/fr\/wp-json\/wp\/v2\/posts\/539847\/revisions"}],"wp:featuredmedia":[{"embeddable":true,"href":"https:\/\/www.europesays.com\/fr\/wp-json\/wp\/v2\/media\/539848"}],"wp:attachment":[{"href":"https:\/\/www.europesays.com\/fr\/wp-json\/wp\/v2\/media?parent=539847"}],"wp:term":[{"taxonomy":"category","embeddable":true,"href":"https:\/\/www.europesays.com\/fr\/wp-json\/wp\/v2\/categories?post=539847"},{"taxonomy":"post_tag","embeddable":true,"href":"https:\/\/www.europesays.com\/fr\/wp-json\/wp\/v2\/tags?post=539847"}],"curies":[{"name":"wp","href":"https:\/\/api.w.org\/{rel}","templated":true}]}}