{"id":539851,"date":"2025-11-17T08:38:13","date_gmt":"2025-11-17T08:38:13","guid":{"rendered":"https:\/\/www.europesays.com\/fr\/539851\/"},"modified":"2025-11-17T08:38:13","modified_gmt":"2025-11-17T08:38:13","slug":"guerre-en-ukraine-trois-morts-et-des-dizaines-de-blesses-dont-des-enfants-nouvelle-frappe-meurtriere-en-ukraine-la-russie-cible-des-immeubles-residentiels-et-une-maternelle","status":"publish","type":"post","link":"https:\/\/www.europesays.com\/fr\/539851\/","title":{"rendered":"Guerre en Ukraine\u00a0: trois morts et des dizaines de bless\u00e9s, dont des enfants\u2026 Nouvelle frappe meurtri\u00e8re en Ukraine, la Russie cible des immeubles r\u00e9sidentiels et une maternelle"},"content":{"rendered":"<p>\n                                                                Selon les autorit\u00e9s ukrainiennes, la frappe a eu lieu dans la nuit du dimanche\u00a016 au lundi 17\u00a0novembre, sur la ville de Balakliia, dans la r\u00e9gion de Kharkiv.\n                            <\/p>\n<p>Selon un premier bilan des secours ukrainiens, au moins trois personnes ont trouv\u00e9 la mort dans la nuit de dimanche \u00e0 lundi, et une dizaine d\u2019autres ont \u00e9t\u00e9 bless\u00e9s, dont des enfants, apr\u00e8s une nouvelle frappe russe sur une zone r\u00e9sidentielle sur la ville de Balakliia, dans la r\u00e9gion de Kharkiv (Ukraine).<\/p>\n<p>Dans le d\u00e9tail, le m\u00e9dia <a href=\"https:\/\/newsukraine.rbc.ua\/news\/russia-strikes-ukraine-s-kharkiv-region-number-1763362901.html\" target=\"_self\" rel=\"nofollow noopener\">RBC Ukraine\u00a0<\/a>indique\u00a0que ce sont deux missiles russes qui se sont abattus sur des immeubles, mais \u00e9galement sur une \u00e9cole maternelle, comme en t\u00e9moignent des photos partag\u00e9es par les secours sur le r\u00e9seau <a href=\"https:\/\/t.me\/dsns_telegram\/53183\" target=\"_self\" rel=\"nofollow\">Telegram.<\/a><\/p>\n<p>\u00ab\u00a0\u00c0 la suite d\u2019une frappe de missile russe, sept immeubles d\u2019habitation et une \u00e9cole maternelle ont \u00e9t\u00e9 endommag\u00e9s. Apr\u00e8s une seconde frappe russe, deux autres immeubles r\u00e9sidentiels de neuf \u00e9tages ont \u00e9t\u00e9 endommag\u00e9s\u00a0\u00bb, a ajout\u00e9 l\u2019\u00e9tat-major g\u00e9n\u00e9ral ukrainien.<\/p>\n<p>Des frappes russes ce week-end<\/p>\n<p>De son c\u00f4t\u00e9, le <a href=\"https:\/\/www.kyivpost.com\/post\/64329\" target=\"_self\" rel=\"nofollow noopener\">KyivPost\u00a0<\/a>rappelle que cette nouvelle frappe intervient alors que d\u2019autres ont eu lieu dans la nuit de samedi \u00e0 dimanche faisant quatre morts et des dizaines de bless\u00e9s \u00e0 travers l\u2019Ukraine.<\/p>\n<p>Moscou avait lanc\u00e9 des drones et des missiles.<\/p>\n","protected":false},"excerpt":{"rendered":"Selon les autorit\u00e9s ukrainiennes, la frappe a eu lieu dans la nuit du dimanche\u00a016 au lundi 17\u00a0novembre, sur&hellip;\n","protected":false},"author":2,"featured_media":539852,"comment_status":"","ping_status":"","sticky":false,"template":"","format":"standard","meta":{"footnotes":""},"categories":[1591],"tags":[11,1887,12,1885,1886,132],"class_list":{"0":"post-539851","1":"post","2":"type-post","3":"status-publish","4":"format-standard","5":"has-post-thumbnail","7":"category-russie","8":"tag-actualites","9":"tag-federation-de-russie","10":"tag-news","11":"tag-russia","12":"tag-russian-federation","13":"tag-russie"},"share_on_mastodon":{"url":"https:\/\/pubeurope.com\/@fr\/115564138102671616","error":""},"_links":{"self":[{"href":"https:\/\/www.europesays.com\/fr\/wp-json\/wp\/v2\/posts\/539851","targetHints":{"allow":["GET"]}}],"collection":[{"href":"https:\/\/www.europesays.com\/fr\/wp-json\/wp\/v2\/posts"}],"about":[{"href":"https:\/\/www.europesays.com\/fr\/wp-json\/wp\/v2\/types\/post"}],"author":[{"embeddable":true,"href":"https:\/\/www.europesays.com\/fr\/wp-json\/wp\/v2\/users\/2"}],"replies":[{"embeddable":true,"href":"https:\/\/www.europesays.com\/fr\/wp-json\/wp\/v2\/comments?post=539851"}],"version-history":[{"count":0,"href":"https:\/\/www.europesays.com\/fr\/wp-json\/wp\/v2\/posts\/539851\/revisions"}],"wp:featuredmedia":[{"embeddable":true,"href":"https:\/\/www.europesays.com\/fr\/wp-json\/wp\/v2\/media\/539852"}],"wp:attachment":[{"href":"https:\/\/www.europesays.com\/fr\/wp-json\/wp\/v2\/media?parent=539851"}],"wp:term":[{"taxonomy":"category","embeddable":true,"href":"https:\/\/www.europesays.com\/fr\/wp-json\/wp\/v2\/categories?post=539851"},{"taxonomy":"post_tag","embeddable":true,"href":"https:\/\/www.europesays.com\/fr\/wp-json\/wp\/v2\/tags?post=539851"}],"curies":[{"name":"wp","href":"https:\/\/api.w.org\/{rel}","templated":true}]}}