{"id":539855,"date":"2025-11-17T08:40:16","date_gmt":"2025-11-17T08:40:16","guid":{"rendered":"https:\/\/www.europesays.com\/fr\/539855\/"},"modified":"2025-11-17T08:40:16","modified_gmt":"2025-11-17T08:40:16","slug":"pour-la-seconde-fois-donald-trump-gracie-un-des-assaillants-du-capitole","status":"publish","type":"post","link":"https:\/\/www.europesays.com\/fr\/539855\/","title":{"rendered":"pour la seconde fois, Donald Trump gracie un des assaillants du Capitole"},"content":{"rendered":"<p>\n    Dan Wilson avait d\u00e9j\u00e0 \u00e9t\u00e9 graci\u00e9 par le pr\u00e9sident am\u00e9ricain le jour de son investiture le 21 janvier dernier, mais \u00e9tait rest\u00e9 en prison pour une affaire de d\u00e9tention ill\u00e9gale d\u2019armes.<\/p>\n<p class=\"fig-paragraph\"><a href=\"http:\/\/www.lefigaro.fr\/international\/donald-trump-sur-la-defensive-apres-des-revelations-dans-l-affaire-epstein-20251114\" target=\"_blank\" data-fig-type=\"Article\" rel=\"noopener nofollow\" data-gtm-custom-categorie=\"navigation\" data-gtm-custom-action=\"crossclick\" data-gtm-custom-label=\"Contextuel\" data-gtm-event=\"customEventSPE\" data-fig-domain=\"LEFIGARO\">Donald Trump<\/a>\u00a0a de nouveau graci\u00e9 un des participants \u00e0\u00a0<a href=\"http:\/\/www.lefigaro.fr\/international\/un-participant-a-l-assaut-du-capitole-condamne-a-perpetuite-20250703\" target=\"_blank\" data-fig-type=\"NewsFlash\" rel=\"noopener nofollow\" data-gtm-custom-categorie=\"navigation\" data-gtm-custom-action=\"crossclick\" data-gtm-custom-label=\"Contextuel\" data-gtm-event=\"customEventSPE\" data-fig-domain=\"LEFIGARO\">l&rsquo;assaut du Capitole<\/a>\u00a0le 6 janvier 2021, un des derniers \u00e0 rester en prison pour possession ill\u00e9gale d&rsquo;armes \u00e0 feu. Membre de la milice d&rsquo;extr\u00eame droite des\u00a0<a href=\"http:\/\/www.lefigaro.fr\/international\/quand-la-milice-des-oath-keepers-planifiait-de-prendre-le-capitole-20220115\" target=\"_blank\" data-fig-type=\"Article\" rel=\"noopener nofollow\" data-gtm-custom-categorie=\"navigation\" data-gtm-custom-action=\"crossclick\" data-gtm-custom-label=\"Contextuel\" data-gtm-event=\"customEventSPE\" data-fig-domain=\"LEFIGARO\">Oaths Keepers<\/a>\u00a0(\u00abGardiens du serment\u00bb), Dan Wilson avait fait irruption dans le Capitole avec un masque \u00e0 gaz. Il avait d\u00e9j\u00e0 \u00e9t\u00e9 graci\u00e9 par le pr\u00e9sident Trump le jour de son investiture le 21 janvier dernier, aux c\u00f4t\u00e9s de 1500 autres \u00e9meutiers, mais \u00e9tait rest\u00e9 en prison pour une affaire de d\u00e9tention ill\u00e9gale d&rsquo;armes \u00e0 son domicile du Kentucky. Condamn\u00e9 \u00e0 cinq de prison, il devait \u00eatre \u00e9largi en 2028.<\/p>\n<p class=\"fig-paragraph\">Dat\u00e9 de vendredi, le d\u00e9cret de gr\u00e2ce pr\u00e9sidentielle, consult\u00e9 par l&rsquo;AFP, pr\u00e9cise que la gr\u00e2ce est \u00abtotale et inconditionnelle\u00bb. \u00abDan Wilson est un homme bien. Apr\u00e8s plus de sept mois d&#8217;emprisonnement injustifi\u00e9, il est soulag\u00e9 de retrouver ses proches\u00bb, ont affirm\u00e9 ses avocats, George Pallas et Carol Stewart, dans un communiqu\u00e9 aux m\u00e9dias am\u00e9ricains dont le site Politico. \u00abCet acte de cl\u00e9mence restaure non seulement sa libert\u00e9, mais met aussi en lumi\u00e8re les exc\u00e8s qui ont divis\u00e9 cette nation\u00bb, ont-ils ajout\u00e9.<\/p>\n<p>                                    <a class=\"fig-a11y-skip a11y-hidden\" href=\"#fig-a11y-skip-main-inarticle\"><br \/>\n        Passer la publicit\u00e9<br \/>\n    <\/a><\/p>\n<p>Trump a r\u00e9guli\u00e8rement minimis\u00e9 la gravit\u00e9 de l\u2019assaut du 6 janvier<\/p>\n<p class=\"fig-paragraph\">En f\u00e9vrier, l&rsquo;administration Trump avait soutenu que la gr\u00e2ce ne couvrait pas la condamnation pour armes \u00e0 feu, car elle \u00e9tait sans lien avec l&rsquo;attaque du 6 janvier. Mais quelques semaines plus tard, le minist\u00e8re de la Justice avait chang\u00e9 d&rsquo;avis, estimant que la gr\u00e2ce devait s&rsquo;appliquer aux d\u00e9lits li\u00e9s aux armes, car ils avaient \u00e9t\u00e9 d\u00e9couverts lors d&rsquo;une perquisition du FBI en lien avec l&rsquo;\u00e9meute.<\/p>\n<p class=\"fig-paragraph\">Donald Trump a r\u00e9guli\u00e8rement minimis\u00e9 la gravit\u00e9 de l&rsquo;assaut du 6 janvier 2021, d\u00e9crivant cette date comme une \u00abjourn\u00e9e d&rsquo;amour\u00bb et de \u00abd\u00e9bordement d&rsquo;affection\u00bb \u00e0 son \u00e9gard. Ce jour-l\u00e0, des centaines de ses partisans avaient pris d&rsquo;assaut le Capitole, pour tenter d&rsquo;y emp\u00eacher la certification de la victoire de son adversaire Joe Biden. L&rsquo;attaque avait choqu\u00e9 les \u00c9tats-Unis et le monde et provoqu\u00e9 la mort de cinq personnes.<\/p>\n","protected":false},"excerpt":{"rendered":"Dan Wilson avait d\u00e9j\u00e0 \u00e9t\u00e9 graci\u00e9 par le pr\u00e9sident am\u00e9ricain le jour de son investiture le 21 janvier&hellip;\n","protected":false},"author":2,"featured_media":539856,"comment_status":"","ping_status":"","sticky":false,"template":"","format":"standard","meta":{"footnotes":""},"categories":[1589],"tags":[11,4519,75,73,1866,12,1864,1865,1863,308,2744],"class_list":{"0":"post-539855","1":"post","2":"type-post","3":"status-publish","4":"format-standard","5":"has-post-thumbnail","7":"category-etats-unis","8":"tag-actualites","9":"tag-capitole","10":"tag-donald-trump","11":"tag-etats-unis","12":"tag-etats-unis-damerique","13":"tag-news","14":"tag-united-states","15":"tag-united-states-of-america","16":"tag-us","17":"tag-usa","18":"tag-washington"},"share_on_mastodon":{"url":"https:\/\/pubeurope.com\/@fr\/115564145866443015","error":""},"_links":{"self":[{"href":"https:\/\/www.europesays.com\/fr\/wp-json\/wp\/v2\/posts\/539855","targetHints":{"allow":["GET"]}}],"collection":[{"href":"https:\/\/www.europesays.com\/fr\/wp-json\/wp\/v2\/posts"}],"about":[{"href":"https:\/\/www.europesays.com\/fr\/wp-json\/wp\/v2\/types\/post"}],"author":[{"embeddable":true,"href":"https:\/\/www.europesays.com\/fr\/wp-json\/wp\/v2\/users\/2"}],"replies":[{"embeddable":true,"href":"https:\/\/www.europesays.com\/fr\/wp-json\/wp\/v2\/comments?post=539855"}],"version-history":[{"count":0,"href":"https:\/\/www.europesays.com\/fr\/wp-json\/wp\/v2\/posts\/539855\/revisions"}],"wp:featuredmedia":[{"embeddable":true,"href":"https:\/\/www.europesays.com\/fr\/wp-json\/wp\/v2\/media\/539856"}],"wp:attachment":[{"href":"https:\/\/www.europesays.com\/fr\/wp-json\/wp\/v2\/media?parent=539855"}],"wp:term":[{"taxonomy":"category","embeddable":true,"href":"https:\/\/www.europesays.com\/fr\/wp-json\/wp\/v2\/categories?post=539855"},{"taxonomy":"post_tag","embeddable":true,"href":"https:\/\/www.europesays.com\/fr\/wp-json\/wp\/v2\/tags?post=539855"}],"curies":[{"name":"wp","href":"https:\/\/api.w.org\/{rel}","templated":true}]}}