{"id":539857,"date":"2025-11-17T08:41:16","date_gmt":"2025-11-17T08:41:16","guid":{"rendered":"https:\/\/www.europesays.com\/fr\/539857\/"},"modified":"2025-11-17T08:41:16","modified_gmt":"2025-11-17T08:41:16","slug":"le-gouvernement-britannique-durcit-drastiquement-son-regime-dasile","status":"publish","type":"post","link":"https:\/\/www.europesays.com\/fr\/539857\/","title":{"rendered":"Le gouvernement britannique durcit drastiquement son r\u00e9gime d\u2019asile"},"content":{"rendered":"<p>                     <img loading=\"lazy\" decoding=\"async\" src=\"https:\/\/www.europesays.com\/fr\/wp-content\/uploads\/2025\/11\/3bb44cd_ftp-import-images-1-59jp4f04vec6-2025-11-16t101256z-1918992031-rc2lxhalxdqc-rtrmadp-3-migrat.jpeg\" alt=\"Shabana Mahmood (\u00e0 gauche), ministre de l\u2019int\u00e9rieur britannique, sur le plateau de la BBC, le 16 novembre 2025.\"   width=\"664\" height=\"443\"\/>    Shabana Mahmood (\u00e0 gauche), ministre de l\u2019int\u00e9rieur britannique, sur le plateau de la BBC, le 16 novembre 2025.  JEFF OVERS\/BBC\/HANDOUT VIA REUTERS                 <\/p>\n<p class=\"article__paragraph  \">Le gouvernement travailliste britannique devait confirmer, lundi 17\u00a0novembre, un durcissement drastique des conditions d\u2019asile au Royaume-Uni. Le statut de r\u00e9fugi\u00e9 octroy\u00e9 par les autorit\u00e9s ne sera d\u00e9sormais plus permanent. Il sera revu tous les deux ans et demi pour ceux qui en b\u00e9n\u00e9ficient, et ces personnes seront susceptibles d\u2019\u00eatre renvoy\u00e9es vers leur pays d\u2019origine si celui-ci redevient s\u00fbr (en cas d\u2019arr\u00eat d\u2019un conflit ou d\u2019un changement de r\u00e9gime, par exemple). Les personnes obtenant l\u2019asile,<strong> <\/strong>mais arriv\u00e9es dans le pays dans des conditions qualifi\u00e9es d\u2019\u00ab\u00a0ill\u00e9gales\u00a0\u00bb par les autorit\u00e9s (en bateaux pneumatiques) devront, en outre, attendre vingt ans avant de pr\u00e9tendre d\u00e9crocher un droit permanent de r\u00e9sidence, contre cinq ans aujourd\u2019hui.<\/p>\n<p class=\"article__paragraph  \">Il s\u2019agit d\u2019un v\u00e9ritable changement de paradigme pour Shabana Mahmood, la ministre de l\u2019int\u00e9rieur de Keir Starmer, qui explique vouloir en finir avec le \u00ab\u00a0golden ticket\u00a0\u00bb (\u00ab\u00a0ticket d\u2019or\u00a0\u00bb) que proposerait le Royaume-Uni aux migrants en recherche d\u2019une terre d\u2019asile. C\u2019est une allusion aux conditions, selon elle, trop g\u00e9n\u00e9reuses, que les passeurs \u00ab\u00a0vendent\u00a0\u00bb aux candidats au d\u00e9part dans le nord de la France, comme elle l\u2019a affirm\u00e9, dimanche, sur la BBC. Cette responsable politique, connue pour son positionnement \u00e0 la droite du Labour, explique s\u2019\u00eatre inspir\u00e9e directement du mod\u00e8le danois, introduit en\u00a02021\u00a0par les sociaux-d\u00e9mocrates et consid\u00e9r\u00e9 comme l\u2019un des plus restrictifs d\u2019Europe. Les demandes d\u2019asile y ont d\u2019ailleurs consid\u00e9rablement chut\u00e9.<\/p>\n<p class=\"reading-mode-only \"><strong>Il vous reste 74.13% de cet article \u00e0 lire. La suite est r\u00e9serv\u00e9e aux abonn\u00e9s.<\/strong><\/p>\n","protected":false},"excerpt":{"rendered":"Shabana Mahmood (\u00e0 gauche), ministre de l\u2019int\u00e9rieur britannique, sur le plateau de la BBC, le 16 novembre 2025.&hellip;\n","protected":false},"author":2,"featured_media":539858,"comment_status":"","ping_status":"","sticky":false,"template":"","format":"standard","meta":{"footnotes":""},"categories":[1588],"tags":[11,1777,674,12,473,1853,1851,1850,1852],"class_list":{"0":"post-539857","1":"post","2":"type-post","3":"status-publish","4":"format-standard","5":"has-post-thumbnail","7":"category-royaume-uni","8":"tag-actualites","9":"tag-eu","10":"tag-europe","11":"tag-news","12":"tag-royaume-uni","13":"tag-royaume-uni-de-grande-bretagne-et-dirlande-du-nord","14":"tag-uk","15":"tag-united-kingdom","16":"tag-united-kingdom-of-great-britain-and-northern-ireland"},"share_on_mastodon":{"url":"https:\/\/pubeurope.com\/@fr\/115564150470579567","error":""},"_links":{"self":[{"href":"https:\/\/www.europesays.com\/fr\/wp-json\/wp\/v2\/posts\/539857","targetHints":{"allow":["GET"]}}],"collection":[{"href":"https:\/\/www.europesays.com\/fr\/wp-json\/wp\/v2\/posts"}],"about":[{"href":"https:\/\/www.europesays.com\/fr\/wp-json\/wp\/v2\/types\/post"}],"author":[{"embeddable":true,"href":"https:\/\/www.europesays.com\/fr\/wp-json\/wp\/v2\/users\/2"}],"replies":[{"embeddable":true,"href":"https:\/\/www.europesays.com\/fr\/wp-json\/wp\/v2\/comments?post=539857"}],"version-history":[{"count":0,"href":"https:\/\/www.europesays.com\/fr\/wp-json\/wp\/v2\/posts\/539857\/revisions"}],"wp:featuredmedia":[{"embeddable":true,"href":"https:\/\/www.europesays.com\/fr\/wp-json\/wp\/v2\/media\/539858"}],"wp:attachment":[{"href":"https:\/\/www.europesays.com\/fr\/wp-json\/wp\/v2\/media?parent=539857"}],"wp:term":[{"taxonomy":"category","embeddable":true,"href":"https:\/\/www.europesays.com\/fr\/wp-json\/wp\/v2\/categories?post=539857"},{"taxonomy":"post_tag","embeddable":true,"href":"https:\/\/www.europesays.com\/fr\/wp-json\/wp\/v2\/tags?post=539857"}],"curies":[{"name":"wp","href":"https:\/\/api.w.org\/{rel}","templated":true}]}}