{"id":539859,"date":"2025-11-17T08:42:12","date_gmt":"2025-11-17T08:42:12","guid":{"rendered":"https:\/\/www.europesays.com\/fr\/539859\/"},"modified":"2025-11-17T08:42:12","modified_gmt":"2025-11-17T08:42:12","slug":"allemagne-une-vente-aux-encheres-dobjets-lies-a-la-shoah-annulee-apres-un-tolle-international","status":"publish","type":"post","link":"https:\/\/www.europesays.com\/fr\/539859\/","title":{"rendered":"Allemagne : Une Vente Aux Ench\u00e8res D&rsquo;objets Li\u00e9s \u00c0 La Shoah Annul\u00e9e Apr\u00e8s Un Toll\u00e9 International"},"content":{"rendered":"<p class=\"\" data-is=\"component-paragraph\">Une vente aux ench\u00e8res d&rsquo;objets li\u00e9s \u00e0 la Shoah pr\u00e9vue ce lundi en Allemagne a \u00e9t\u00e9 annul\u00e9e \u00e0 la derni\u00e8re minute apr\u00e8s avoir d\u00e9clench\u00e9 une temp\u00eate diplomatique. La maison Auktionhaus Felzmann devait proposer plus de 600 artefacts en lien avec l&rsquo;Holocauste, dont des lettres d\u00e9chirantes \u00e9crites par des Juifs dans les camps de concentration \u00e0 leurs proches \u2013 parfois quelques instants avant leur assassinat, rapporte le New York Post.\u00a0<\/p>\n<p class=\"\" data-is=\"component-paragraph\">Baptis\u00e9e \u00ab Le syst\u00e8me de la terreur \u00bb, cette vente devait inclure des archives de la Gestapo et des correspondances personnelles identifiant les victimes par leur nom complet. La transformation de ces souvenirs parmi les plus intimes et douloureux en marchandise a provoqu\u00e9 l&rsquo;indignation, notamment en Pologne, pays sur le sol duquel furent construits de nombreux camps d&rsquo;extermination nazis.<\/p>\n<p class=\"\" data-is=\"component-paragraph\">L&rsquo;intervention diplomatique a \u00e9t\u00e9 imm\u00e9diate. Radoslaw Sikorski, vice-Premier ministre polonais, a annonc\u00e9 l&rsquo;annulation de cette vente \u00ab offensive \u00bb apr\u00e8s une discussion houleuse avec le ministre allemand des Affaires \u00e9trang\u00e8res, qui a convenu qu&rsquo;\u00ab un tel scandale devait \u00eatre \u00e9vit\u00e9 \u00bb.<\/p>\n<p class=\"\" data-is=\"component-paragraph\">Christoph H\u00fcbner, vice-pr\u00e9sident de la Commission internationale d&rsquo;Auschwitz, a d\u00e9nonc\u00e9 cette initiative sans d\u00e9tour : \u00ab Pour les victimes des pers\u00e9cutions nazies et les survivants de l&rsquo;Holocauste, cette vente aux ench\u00e8res est une entreprise cynique et honteuse. Leur histoire et leurs souffrances sont exploit\u00e9es \u00e0 des fins commerciales. \u00bb<\/p>\n<p class=\"\" data-is=\"component-paragraph\">Christoph H\u00fcbner a exhort\u00e9 la maison de vente \u00e0 restituer les documents aux familles ou \u00e0 les transf\u00e9rer \u00e0 des mus\u00e9es : \u00ab Nous appelons les responsables \u00e0 faire preuve d&rsquo;un minimum de d\u00e9cence. \u00bb\u00a0Face \u00e0 la pol\u00e9mique, Auktionhaus Felzmann a ferm\u00e9 ses portes et retir\u00e9 l&rsquo;annonce de son site internet.<\/p>\n<p><img alt=\"Video poster\" class=\"video-poster\" data-is=\"lazy-image\" data-observed-item-id=\"https:\/\/api.i24news.tv\/fr\/brightcove\/6384514559112\/poster\"\/> M\u00e9morial de Yad Vashem : 5 des 6 millions de juifs assassin\u00e9s pendant la Shoah identifi\u00e9s<\/p>\n<p class=\"\" data-is=\"component-paragraph\">Ce type de commerce n&rsquo;est malheureusement pas nouveau. En 2019, une maison de vente aux ench\u00e8res munichoise avait ignor\u00e9 la condamnation internationale pour vendre des effets personnels d&rsquo;Adolf Hitler, dont un chapeau haut-de-forme et un exemplaire de \u00ab Mein Kampf \u00bb, pour des centaines de milliers d&rsquo;euros.<\/p>\n<p class=\"\" data-is=\"component-paragraph\">Isra\u00ebl n&rsquo;a pas \u00e9t\u00e9 \u00e9pargn\u00e9 par ce ph\u00e9nom\u00e8ne. En 2021, une maison de vente aux ench\u00e8res de J\u00e9rusalem avait tent\u00e9 de vendre un lot de tampons ayant servi \u00e0 tatouer des num\u00e9ros sur les bras des prisonniers d&rsquo;Auschwitz. Yad Vashem avait qualifi\u00e9 cette vente d&rsquo;\u00ab inacceptable moralement \u00bb, et seule une intervention judiciaire avait permis d&rsquo;y mettre fin.<\/p>\n","protected":false},"excerpt":{"rendered":"Une vente aux ench\u00e8res d&rsquo;objets li\u00e9s \u00e0 la Shoah pr\u00e9vue ce lundi en Allemagne a \u00e9t\u00e9 annul\u00e9e \u00e0&hellip;\n","protected":false},"author":2,"featured_media":539860,"comment_status":"","ping_status":"","sticky":false,"template":"","format":"standard","meta":{"footnotes":""},"categories":[1587],"tags":[11,672,1804,1805,1803,1777,674,1801,12,1802],"class_list":{"0":"post-539859","1":"post","2":"type-post","3":"status-publish","4":"format-standard","5":"has-post-thumbnail","7":"category-allemagne","8":"tag-actualites","9":"tag-allemagne","10":"tag-bundesrepublik-deutschland","11":"tag-de","12":"tag-deutschland","13":"tag-eu","14":"tag-europe","15":"tag-germany","16":"tag-news","17":"tag-republique-federale-dallemagne"},"share_on_mastodon":{"url":"https:\/\/pubeurope.com\/@fr\/115564153799531601","error":""},"_links":{"self":[{"href":"https:\/\/www.europesays.com\/fr\/wp-json\/wp\/v2\/posts\/539859","targetHints":{"allow":["GET"]}}],"collection":[{"href":"https:\/\/www.europesays.com\/fr\/wp-json\/wp\/v2\/posts"}],"about":[{"href":"https:\/\/www.europesays.com\/fr\/wp-json\/wp\/v2\/types\/post"}],"author":[{"embeddable":true,"href":"https:\/\/www.europesays.com\/fr\/wp-json\/wp\/v2\/users\/2"}],"replies":[{"embeddable":true,"href":"https:\/\/www.europesays.com\/fr\/wp-json\/wp\/v2\/comments?post=539859"}],"version-history":[{"count":0,"href":"https:\/\/www.europesays.com\/fr\/wp-json\/wp\/v2\/posts\/539859\/revisions"}],"wp:featuredmedia":[{"embeddable":true,"href":"https:\/\/www.europesays.com\/fr\/wp-json\/wp\/v2\/media\/539860"}],"wp:attachment":[{"href":"https:\/\/www.europesays.com\/fr\/wp-json\/wp\/v2\/media?parent=539859"}],"wp:term":[{"taxonomy":"category","embeddable":true,"href":"https:\/\/www.europesays.com\/fr\/wp-json\/wp\/v2\/categories?post=539859"},{"taxonomy":"post_tag","embeddable":true,"href":"https:\/\/www.europesays.com\/fr\/wp-json\/wp\/v2\/tags?post=539859"}],"curies":[{"name":"wp","href":"https:\/\/api.w.org\/{rel}","templated":true}]}}