{"id":539863,"date":"2025-11-17T08:44:14","date_gmt":"2025-11-17T08:44:14","guid":{"rendered":"https:\/\/www.europesays.com\/fr\/539863\/"},"modified":"2025-11-17T08:44:14","modified_gmt":"2025-11-17T08:44:14","slug":"lunion-europeenne-et-les-etats-unis-semblent-enfin-sur-le-point-de-coordonner-leur-strategie-commerciale-dans-le-secteur-automobile-mais-a-quel-prix","status":"publish","type":"post","link":"https:\/\/www.europesays.com\/fr\/539863\/","title":{"rendered":"L\u2019Union europ\u00e9enne et les \u00c9tats-Unis semblent enfin sur le point de coordonner leur strat\u00e9gie commerciale dans le secteur automobile, mais \u00e0 quel prix ?"},"content":{"rendered":"<p>\nLes n\u00e9gociations ont \u00e9t\u00e9 marqu\u00e9es par une mont\u00e9e en tension, avec, en mars 2025, l&rsquo;annonce par Donald Trump de droits de douane additionnels pouvant atteindre 25% sur les v\u00e9hicules import\u00e9s, en plus de droits d\u00e9j\u00e0 existants. La cause : une r\u00e9action \u00e0 la politique tarifaire de l\u2019UE, qui elle-m\u00eame avait r\u00e9agi \u00e0 des taxes am\u00e9ricaines plus strictes sur certains produits europ\u00e9ens. Finalement, un compromis a \u00e9t\u00e9 trouv\u00e9, avec un ajustement du taux de droits de douane sur les voitures europ\u00e9ennes, passant de 27,5% \u00e0 15%, jug\u00e9 \u00ab\u00a0acceptable\u00a0\u00bb par Bruxelles.?<\/p>\n<p>Un accord strat\u00e9gique aux enjeux majeurs<\/p>\n<p>\nSign\u00e9 fin juillet 2025, cet accord de \u201ctemp\u00e9rature contr\u00f4l\u00e9e\u201d vise \u00e0 r\u00e9duire drastiquement les barri\u00e8res tarifaires. Bruxelles s\u2019est engag\u00e9e \u00e0 supprimer ses droits de douane sur l\u2019ensemble des produits manufactur\u00e9s am\u00e9ricains, et \u00e0 ouvrir son march\u00e9 \u00e0 plusieurs fili\u00e8res, notamment agricoles et halieutiques. ?<\/p>\n<p>\nCe compromis ne concerne pas seulement les droits de douane. Il s\u2019inscrit dans un contexte o\u00f9 le commerce automobile transatlantique repr\u00e9sente une part strat\u00e9gique et o\u00f9 chaque point de tarif ou de libre-\u00e9change p\u00e8se sur la comp\u00e9titivit\u00e9. En 2024, quelque 749 170 v\u00e9hicules europ\u00e9ens ont \u00e9t\u00e9 export\u00e9s vers les USA, pour une valeur avoisinant les 39 milliards d\u2019euros. La majorit\u00e9 de ces v\u00e9hicules sont de marques allemandes comme Mercedes, BMW ou Audi, qui ont d\u00e9j\u00e0 subi de lourdes pressions tarifaires dans le contexte de cette crise commerciale. La r\u00e9duction \u00e0 15% des droits de douane a d\u2019ores et d\u00e9j\u00e0 all\u00e9g\u00e9 leur facture tarifaire de plusieurs milliards d\u2019euros par an, mais aussi boost\u00e9 la comp\u00e9titivit\u00e9 des v\u00e9hicules europ\u00e9ens face \u00e0 la concurrence chinoise et am\u00e9ricaine.?<\/p>\n<p>Un march\u00e9 vital<\/p>\n<p>\nCe compromis pourrait aussi signaler une volont\u00e9 des deux blocs de calmer la situation pour \u00e9viter une spirale de repr\u00e9sailles qui pourrait co\u00fbter des dizaines de milliards d\u2019euros au secteur. En effet, le commerce transatlantique de voitures reste vital : en 2024, l&rsquo;Europe a export\u00e9 pr\u00e8s de 4,5 millions de v\u00e9hicules neufs, un chiffre impressionnant qui confirme que l\u2019Am\u00e9rique reste un march\u00e9 de premier ordre pour l&rsquo;industrie allemande et fran\u00e7aise.<\/p>\n<p>\nEn 2025, le groupe Stellantis, a vendu environ 322 000 v\u00e9hicules en Am\u00e9rique du Nord au deuxi\u00e8me trimestre, malgr\u00e9 une baisse de 25% des volumes par rapport \u00e0 la m\u00eame p\u00e9riode en 2024. En termes de part de march\u00e9, la contribution fran\u00e7aise directe dans les importations automobiles aux \u00c9tats-Unis est relativement faible, autour de 0,1% en 2023 selon les chiffres Trade Map mentionn\u00e9s en 2024, soulignant que la majorit\u00e9 des v\u00e9hicules fran\u00e7ais vendus proviennent surtout des productions du groupe Stellantis sous diverses marques pr\u00e9sentes en Am\u00e9rique du Nord.?<\/p>\n<p>\nSelon les derni\u00e8res donn\u00e9es publi\u00e9es par l&rsquo;Association des Constructeurs Europ\u00e9ens d&rsquo;Automobiles (ACEA) et confirm\u00e9es par des rapports du premier semestre 2025, environ 165 000 v\u00e9hicules particuliers am\u00e9ricains ont \u00e9t\u00e9 import\u00e9s en Europe, repr\u00e9sentant une part de march\u00e9 d&rsquo;environ 3% sur le march\u00e9 europ\u00e9en des voitures particuli\u00e8res, avec une valeur d&rsquo;environ 7,7 milliards d&rsquo;euros d&rsquo;exportations am\u00e9ricaines vers l&rsquo;Europe.<\/p>\n<p>Cons\u00e9quences potentielles pour l\u2019industrie<\/p>\n<p>\nLa r\u00e9duction des taux \u00e0 15%, si elle est maintenue, pourrait leur permettre de sauvegarder plusieurs milliards d\u2019euros par an, voire de relancer certains investissements en R&amp;D ou en relocalisation.?<\/p>\n<p>\nEn revanche, cette \u00e9volution ne satisfait pas totalement tous les acteurs. Les syndicats europ\u00e9ens craignent qu\u2019un tarif de 15% n\u2019envoie pas un signal favorable \u00e0 une relance de la production locale ou \u00e0 une transition \u00e9cologique acc\u00e9l\u00e9r\u00e9e. L\u2019industrie automobile europ\u00e9enne doit \u00e9galement faire face \u00e0 la concurrence croissante de la Chine, qui tente d\u2019asseoir sa domination sur certains segments, notamment \u00e9lectriques et hybrides.?<\/p>\n<p>Perspectives et enjeux<\/p>\n<p>\nL\u2019accord, bien qu\u2019important, reste fragile. Son succ\u00e8s d\u00e9pendra de la capacit\u00e9 des gouvernements europ\u00e9ens et am\u00e9ricains \u00e0 respecter leurs engagements, mais aussi de l\u2019\u00e9volution du contexte g\u00e9opolitique mondial, marqu\u00e9 par des tensions \u00e9conomiques croissantes. La question de la normalisation des normes industrielles, environnementales et de s\u00e9curit\u00e9 demeure \u00e9galement centrale, puisque Bruxelles esp\u00e8re continuer \u00e0 faire \u00e9voluer ses standards sans \u00eatre coiff\u00e9e par des exigences am\u00e9ricaines ou chinoises.<\/p>\n<p>\nL\u2019Union europ\u00e9enne s\u2019appr\u00eate d\u2019ailleurs \u00e0 proposer aux \u00c9tats-Unis une deuxi\u00e8me phase de l\u2019accord commercial sign\u00e9 cet \u00e9t\u00e9 et vise cinq domaines : l\u2019acc\u00e8s aux march\u00e9s, les droits de douane, les normes, le commerce num\u00e9rique, les obstacles techniques\u2026 notamment une coop\u00e9ration accrue dans les secteurs de l\u2019acier et de l\u2019aluminium qui impactent directement la production automobile. ?<\/p>\n<p>\nCes futures n\u00e9gociations plus approfondies, ouvriraient la voie \u00e0 une harmonisation progressive des normes industrielles, ce qui pourrait \u00eatre une \u00e9tape cl\u00e9 pour relancer un march\u00e9 mondial de l\u2019automobile plus int\u00e9gr\u00e9, mais aussi plus r\u00e9silient face aux tensions g\u00e9opolitiques et commerciales.<\/p>\n","protected":false},"excerpt":{"rendered":"Les n\u00e9gociations ont \u00e9t\u00e9 marqu\u00e9es par une mont\u00e9e en tension, avec, en mars 2025, l&rsquo;annonce par Donald Trump&hellip;\n","protected":false},"author":2,"featured_media":539864,"comment_status":"","ping_status":"","sticky":false,"template":"","format":"standard","meta":{"footnotes":""},"categories":[1586],"tags":[11,1979,2095,73,1777,674,1779,1011,27,65834,12,25,1778,364,2544,2106,65835],"class_list":{"0":"post-539863","1":"post","2":"type-post","3":"status-publish","4":"format-standard","5":"has-post-thumbnail","7":"category-europe","8":"tag-actualites","9":"tag-constructeurs","10":"tag-constructeurs-automobiles-aux-etats-unis","11":"tag-etats-unis","12":"tag-eu","13":"tag-europe","14":"tag-european-union","15":"tag-fr","16":"tag-france","17":"tag-investissements-electriques-etats-unis","18":"tag-news","19":"tag-republique-francaise","20":"tag-ue","21":"tag-union-europeenne","22":"tag-ursula-von-der-leyen","23":"tag-vie-des-marques","24":"tag-voiture-electrique-aux-etats-unis"},"share_on_mastodon":{"url":"https:\/\/pubeurope.com\/@fr\/115564161591481748","error":""},"_links":{"self":[{"href":"https:\/\/www.europesays.com\/fr\/wp-json\/wp\/v2\/posts\/539863","targetHints":{"allow":["GET"]}}],"collection":[{"href":"https:\/\/www.europesays.com\/fr\/wp-json\/wp\/v2\/posts"}],"about":[{"href":"https:\/\/www.europesays.com\/fr\/wp-json\/wp\/v2\/types\/post"}],"author":[{"embeddable":true,"href":"https:\/\/www.europesays.com\/fr\/wp-json\/wp\/v2\/users\/2"}],"replies":[{"embeddable":true,"href":"https:\/\/www.europesays.com\/fr\/wp-json\/wp\/v2\/comments?post=539863"}],"version-history":[{"count":0,"href":"https:\/\/www.europesays.com\/fr\/wp-json\/wp\/v2\/posts\/539863\/revisions"}],"wp:featuredmedia":[{"embeddable":true,"href":"https:\/\/www.europesays.com\/fr\/wp-json\/wp\/v2\/media\/539864"}],"wp:attachment":[{"href":"https:\/\/www.europesays.com\/fr\/wp-json\/wp\/v2\/media?parent=539863"}],"wp:term":[{"taxonomy":"category","embeddable":true,"href":"https:\/\/www.europesays.com\/fr\/wp-json\/wp\/v2\/categories?post=539863"},{"taxonomy":"post_tag","embeddable":true,"href":"https:\/\/www.europesays.com\/fr\/wp-json\/wp\/v2\/tags?post=539863"}],"curies":[{"name":"wp","href":"https:\/\/api.w.org\/{rel}","templated":true}]}}