{"id":539872,"date":"2025-11-17T08:50:13","date_gmt":"2025-11-17T08:50:13","guid":{"rendered":"https:\/\/www.europesays.com\/fr\/539872\/"},"modified":"2025-11-17T08:50:13","modified_gmt":"2025-11-17T08:50:13","slug":"fabien-galthie-la-sanction-tombe-apres-france-fidji","status":"publish","type":"post","link":"https:\/\/www.europesays.com\/fr\/539872\/","title":{"rendered":"Fabien Galthi\u00e9, la sanction tombe apr\u00e8s France-Fidji !"},"content":{"rendered":"<p><strong>Les choix de Fabien Galthi\u00e9 sont<br \/>\nde plus en plus point\u00e9s du doigt apr\u00e8s la p\u00e9nible victoire<br \/>\nd\u00e9croch\u00e9e samedi face aux Fidji (34-21) \u00e0 Bordeaux.<\/strong><\/p>\n<p>A d\u00e9sormais moins de deux ans de la Coupe du monde, le XV de<br \/>\nFrance inqui\u00e8te ses anciennes gloires. Car si une semaine apr\u00e8s<br \/>\nleur lourde d\u00e9faite face \u00e0 l\u2019Afrique du Sud, les Bleus ont renou\u00e9<br \/>\navec la victoire en l\u2019emportant 34-21 face aux Fidji, la prestation<br \/>\ndes troupes de Fabien Galthi\u00e9 a clairement laiss\u00e9 \u00e0 d\u00e9sirer. Et<br \/>\ns\u2019il n\u2019est pas aid\u00e9 par les nombreuses absences avec lesquelles il<br \/>\ndoit composer cet automne, le s\u00e9lectionneur tricolore est de plus<br \/>\nen plus critiqu\u00e9.<\/p>\n<p>\u00ab\u00a0J\u2019ai franchement l\u2019impression que cette \u00e9quipe ne<br \/>\nprend aucun plaisir et manque clairement d\u2019\u00e9nergie. Je constate<br \/>\naussi une nouvelle erreur dans le choix du banc et celle-ci aurait<br \/>\nencore pu co\u00fbter tr\u00e8s cher. En optant syst\u00e9matiquement pour un banc<br \/>\n\u00e0 six avants et deux trois-quarts, on copie na\u00efvement les<br \/>\nSud-Africains mais c\u2019est une illusion: les joueurs fran\u00e7ais n\u2019ont<br \/>\npas la densit\u00e9 physique des Springbok\u00a0\u00bb, a ainsi regrett\u00e9<br \/>\nRichard Dourthe dans sa chronique pour Midi Olympique.<\/p>\n<p>\u00ab\u00a0Le XV de France fait du surplace\u00a0\u00bb<\/p>\n<p>\u00ab\u00a0J\u2019ai beau entendre Fabien Galthi\u00e9 r\u00e9p\u00e9ter en<br \/>\nconf\u00e9rence de presse que les Fidji sont les nouveaux cadors du<br \/>\nrugby mondial, je n\u2019y crois pas une seule seconde et j\u2019ai mal de<br \/>\nvoir cette tourn\u00e9e d\u2019automne, d\u00e9j\u00e0 rat\u00e9e, se conclure sans le<br \/>\nmoindre enseignement majeur\u00a0\u00bb, a-t-il poursuivi malgr\u00e9 la<br \/>\nrencontre \u00e0 venir contre l\u2019Australie \u00ab\u00a0la plus faible des<br \/>\nquatre nations du Sud \u00bb.\u00a0<\/p>\n<p>\u00ab\u00a0Sur la composition d\u2019\u00e9quipe, la question \u00e0 se poser<br \/>\nc\u2019est comment am\u00e9liorer cette coh\u00e9sion qui permettrait aux joueurs<br \/>\nd\u2019appuyer aux moments cl\u00e9 avec les finisseurs sur les 20 derni\u00e8res<br \/>\nminutes\u00bb\u00a0, a de son c\u00f4t\u00e9 d\u00e9plor\u00e9 Fr\u00e9d\u00e9ric Michalak au<br \/>\nmicro de RMC, l\u2019ancien Toulousain \u00e9tant \u00e0 cet effet convaincu que<br \/>\ncertains joueurs comme Julien Marchand m\u00e9riteraient d\u2019avoir<br \/>\ndavantage de temps de jeu \u00ab\u00a0car ils ont les capacit\u00e9s<br \/>\nphysiques et de leadership pour prendre des d\u00e9cisions importantes<br \/>\nsur le terrain et avoir le sentiment d\u2019\u00eatre en<br \/>\nconfiance.\u00a0\u00bb<\/p>\n<p>Le constat est \u00e9galement sans appel pour l\u2019ancien demi de m\u00eal\u00e9e<br \/>\nGuy Accoberry. \u00ab\u00a0On a l\u2019impression de stagner. Le XV de<br \/>\nFrance fait du surplace, a-t-il d\u00e9plor\u00e9 aupr\u00e8s de Sud<br \/>\nOuest, ajoutant : \u00ab\u00a0Ces Bleus semblent un peu trop<br \/>\nst\u00e9r\u00e9otyp\u00e9s: ils ne s\u2019adaptent pas assez \u00e0 la physionomie des<br \/>\nmatches. \u00bb\u00a0<\/p>\n","protected":false},"excerpt":{"rendered":"Les choix de Fabien Galthi\u00e9 sont de plus en plus point\u00e9s du doigt apr\u00e8s la p\u00e9nible victoire d\u00e9croch\u00e9e&hellip;\n","protected":false},"author":2,"featured_media":539873,"comment_status":"","ping_status":"","sticky":false,"template":"","format":"standard","meta":{"footnotes":""},"categories":[1416],"tags":[1011,27,479,1468,60],"class_list":{"0":"post-539872","1":"post","2":"type-post","3":"status-publish","4":"format-standard","5":"has-post-thumbnail","7":"category-rugby","8":"tag-fr","9":"tag-france","10":"tag-rugby","11":"tag-rugby-football","12":"tag-sports"},"share_on_mastodon":{"url":"https:\/\/pubeurope.com\/@fr\/115564185157047966","error":""},"_links":{"self":[{"href":"https:\/\/www.europesays.com\/fr\/wp-json\/wp\/v2\/posts\/539872","targetHints":{"allow":["GET"]}}],"collection":[{"href":"https:\/\/www.europesays.com\/fr\/wp-json\/wp\/v2\/posts"}],"about":[{"href":"https:\/\/www.europesays.com\/fr\/wp-json\/wp\/v2\/types\/post"}],"author":[{"embeddable":true,"href":"https:\/\/www.europesays.com\/fr\/wp-json\/wp\/v2\/users\/2"}],"replies":[{"embeddable":true,"href":"https:\/\/www.europesays.com\/fr\/wp-json\/wp\/v2\/comments?post=539872"}],"version-history":[{"count":0,"href":"https:\/\/www.europesays.com\/fr\/wp-json\/wp\/v2\/posts\/539872\/revisions"}],"wp:featuredmedia":[{"embeddable":true,"href":"https:\/\/www.europesays.com\/fr\/wp-json\/wp\/v2\/media\/539873"}],"wp:attachment":[{"href":"https:\/\/www.europesays.com\/fr\/wp-json\/wp\/v2\/media?parent=539872"}],"wp:term":[{"taxonomy":"category","embeddable":true,"href":"https:\/\/www.europesays.com\/fr\/wp-json\/wp\/v2\/categories?post=539872"},{"taxonomy":"post_tag","embeddable":true,"href":"https:\/\/www.europesays.com\/fr\/wp-json\/wp\/v2\/tags?post=539872"}],"curies":[{"name":"wp","href":"https:\/\/api.w.org\/{rel}","templated":true}]}}