{"id":539874,"date":"2025-11-17T08:51:11","date_gmt":"2025-11-17T08:51:11","guid":{"rendered":"https:\/\/www.europesays.com\/fr\/539874\/"},"modified":"2025-11-17T08:51:11","modified_gmt":"2025-11-17T08:51:11","slug":"atp-finals-sinner-satisfait-de-levolution-de-son-jeu-sports","status":"publish","type":"post","link":"https:\/\/www.europesays.com\/fr\/539874\/","title":{"rendered":"ATP Finals : Sinner satisfait de l&rsquo;\u00e9volution de son jeu : Sports"},"content":{"rendered":"<p class=\"date\">\n                                                            Mathieu Warnier, Media365, publi\u00e9 le lundi 17 novembre 2025 \u00e0 08h50\n                                                    <\/p>\n<p>Vainqueur ce dimanche de Carlos Alcaraz pour conserver son titre aux ATP Finals, Jannik Sinner n&rsquo;a pas cach\u00e9 que la r\u00e9ussite a pu \u00eatre de son c\u00f4t\u00e9 mais assure \u00e9galement tirer les fruits du travail entrepris sur son jeu.<\/p>\n<p>Jannik Sinner est pass\u00e9 par toutes les \u00e9motions. Vainqueur des ATP Finals ce dimanche \u00e0 Turin aux d\u00e9pens de Carlos Alcaraz, l&rsquo;Italien a confi\u00e9 que cette finale a bascul\u00e9 sur \u00ab\u00a0deux moments cl\u00e9s\u00a0\u00bb que sont la balle de set sauv\u00e9e en fin de premi\u00e8re manche et sa capacit\u00e9 \u00e0 effacer son break de retard dans la deuxi\u00e8me. Il conc\u00e8de \u00e9galement que, face \u00e0 \u00ab\u00a0un adversaire tr\u00e8s, tr\u00e8s difficile\u00a0\u00bb comme l&rsquo;Espagnol, il a eu \u00ab\u00a0tendance \u00e0 rater un peu plus\u00a0\u00bb. \u00ab\u00a0Mais nous avions tous les deux une tactique claire en t\u00eate, a-t-il ajout\u00e9 dans des propos recueillis par le quotidien L&rsquo;Equipe. Le niveau du deuxi\u00e8me set \u00e9tait peut-\u00eatre un peu plus \u00e9lev\u00e9 parce qu&rsquo;il y avait un peu plus d&rsquo;\u00e9changes, un peu plus de difficult\u00e9s pour passer Carlos Alcaraz. J&rsquo;ai eu l&rsquo;impression que de tr\u00e8s, tr\u00e8s petits d\u00e9tails ont fait la diff\u00e9rence.\u00a0\u00bb Mais le natif de San Candido a \u00e9galement reconnu avoir \u00ab\u00a0eu de la chance\u00a0\u00bb sur sa premi\u00e8re balle de d\u00e9break avec un retour bois\u00e9 qui a pris de court son adversaire.<\/p>\n<p>Sinner : \u00ab\u00a0Je me sens meilleur que l&rsquo;an dernier \u00bb<\/p>\n<p>\u00ab\u00a0Les marges sont tr\u00e8s, tr\u00e8s minces\u00a0\u00bb, a-t-il ainsi confi\u00e9. Invit\u00e9 \u00e0 faire le bilan de son ann\u00e9e 2025 par rapport \u00e0 ses performances en 2024, Jannik Sinner s&rsquo;est refus\u00e9 \u00e0 jouer le jeu des comparaisons. \u00ab\u00a0C&rsquo;est une saison incroyable. L&rsquo;ann\u00e9e derni\u00e8re a \u00e9t\u00e9 une saison incroyable, a pr\u00e9cis\u00e9 celui qui termine l&rsquo;ann\u00e9e \u00e0 la deuxi\u00e8me place mondiale. Cette ann\u00e9e, atteindre quatre finales de Grand Chelem, venir \u00e0 Turin, gagner ici, avoir cette longue s\u00e9rie de victoires en fin d&rsquo;ann\u00e9e, c&rsquo;est incroyable.\u00a0\u00bb Toutefois, l&rsquo;Italien conc\u00e8de avoir ressenti une \u00e9volution dans son tennis et esp\u00e8re continuer sur cette lanc\u00e9e. \u00ab\u00a0Je me sens meilleur que l&rsquo;an dernier, et je pense que c&rsquo;est le plus important, a-t-il affirm\u00e9. \u00c7a fait partie du processus. Je dis et je crois toujours que si vous continuez \u00e0 travailler et \u00e0 essayer d&rsquo;\u00eatre un meilleur joueur, les r\u00e9sultats vont venir.\u00a0\u00bb<\/p>\n<p>Sinner : \u00ab\u00a0Chaque point, il faut le gagner\u00a0\u00bb<\/p>\n<p>Confiant au sujet des rares d\u00e9faites conc\u00e9d\u00e9es cette saison sur le circuit ATP, six au total dont quatre face au seul Carlos Alcaraz, Jannik Sinner a assur\u00e9 avoir \u00ab\u00a0essay\u00e9 d&rsquo;en tirer du positif\u00a0\u00bb et d&rsquo;en tirer des le\u00e7ons pour \u00ab\u00a0\u00e9voluer en tant que joueur\u00a0\u00bb. Une vari\u00e9t\u00e9 plus affirm\u00e9e dans le jeu qui ravi le Transalpin, qui conc\u00e8de avoir encore une marge de progression. \u00ab\u00a0Depuis le fond du court, c&rsquo;est devenu un peu plus impr\u00e9visible, a-t-il lanc\u00e9 face aux journalistes. \u00c7a a bien fonctionn\u00e9, ou du moins mieux. Je crois que j&rsquo;ai encore des marges o\u00f9 je peux jouer mieux par moments.\u00a0\u00bb Mais il n&rsquo;a pas oubli\u00e9 de saluer la performance de l&rsquo;Espagnol, \u00ab\u00a0immens\u00e9ment talentueux\u00a0\u00bb selon lui, qui pose des probl\u00e8mes \u00e0 chaque occasion. \u00ab\u00a0C&rsquo;est difficile, chaque point, il faut le gagner, il faut d\u00e9passer ses limites, a conclu Jannik Sinner. Mais je crois que le travail que nous avons fait a \u00e9t\u00e9 tr\u00e8s positif.\u00a0\u00bb Une \u00e9volution qui devrait se poursuivre durant la tr\u00eave, avec un retour \u00e0 la comp\u00e9tition pr\u00e9vu en amont de l&rsquo;Open d&rsquo;Australie.<\/p>\n","protected":false},"excerpt":{"rendered":"Mathieu Warnier, Media365, publi\u00e9 le lundi 17 novembre 2025 \u00e0 08h50 Vainqueur ce dimanche de Carlos Alcaraz pour&hellip;\n","protected":false},"author":2,"featured_media":539875,"comment_status":"","ping_status":"","sticky":false,"template":"","format":"standard","meta":{"footnotes":""},"categories":[1415],"tags":[1011,27,60,1467],"class_list":{"0":"post-539874","1":"post","2":"type-post","3":"status-publish","4":"format-standard","5":"has-post-thumbnail","7":"category-tennis","8":"tag-fr","9":"tag-france","10":"tag-sports","11":"tag-tennis"},"share_on_mastodon":{"url":"https:\/\/pubeurope.com\/@fr\/115564188989788463","error":""},"_links":{"self":[{"href":"https:\/\/www.europesays.com\/fr\/wp-json\/wp\/v2\/posts\/539874","targetHints":{"allow":["GET"]}}],"collection":[{"href":"https:\/\/www.europesays.com\/fr\/wp-json\/wp\/v2\/posts"}],"about":[{"href":"https:\/\/www.europesays.com\/fr\/wp-json\/wp\/v2\/types\/post"}],"author":[{"embeddable":true,"href":"https:\/\/www.europesays.com\/fr\/wp-json\/wp\/v2\/users\/2"}],"replies":[{"embeddable":true,"href":"https:\/\/www.europesays.com\/fr\/wp-json\/wp\/v2\/comments?post=539874"}],"version-history":[{"count":0,"href":"https:\/\/www.europesays.com\/fr\/wp-json\/wp\/v2\/posts\/539874\/revisions"}],"wp:featuredmedia":[{"embeddable":true,"href":"https:\/\/www.europesays.com\/fr\/wp-json\/wp\/v2\/media\/539875"}],"wp:attachment":[{"href":"https:\/\/www.europesays.com\/fr\/wp-json\/wp\/v2\/media?parent=539874"}],"wp:term":[{"taxonomy":"category","embeddable":true,"href":"https:\/\/www.europesays.com\/fr\/wp-json\/wp\/v2\/categories?post=539874"},{"taxonomy":"post_tag","embeddable":true,"href":"https:\/\/www.europesays.com\/fr\/wp-json\/wp\/v2\/tags?post=539874"}],"curies":[{"name":"wp","href":"https:\/\/api.w.org\/{rel}","templated":true}]}}