{"id":539876,"date":"2025-11-17T08:55:15","date_gmt":"2025-11-17T08:55:15","guid":{"rendered":"https:\/\/www.europesays.com\/fr\/539876\/"},"modified":"2025-11-17T08:55:15","modified_gmt":"2025-11-17T08:55:15","slug":"thomas-voeckler-les-lourdes-accusations-contre-tadej-pogacar-et-uae","status":"publish","type":"post","link":"https:\/\/www.europesays.com\/fr\/539876\/","title":{"rendered":"Thomas Voeckler, les lourdes accusations contre Tadej Pogacar et UAE"},"content":{"rendered":"<p><strong>L\u2019\u00e9crasante domination de Tadej<br \/>\nPogacar passe de plus en plus mal aupr\u00e8s de<br \/>\ncertains\u2026<\/strong><\/p>\n<p>De son propre aveu, Tadej Pogacar a sans doute livr\u00e9 en 2025 la<br \/>\nmeilleure saison de sa carri\u00e8re. Si \u00e0 l\u2019inverse de la saison<br \/>\nderni\u00e8re, le Slov\u00e8ne s\u2019est content\u00e9 du Tour de France en mati\u00e8re de<br \/>\nGrands Tours, il a par ailleurs d\u00e9croch\u00e9 trois Monuments \u2013 Tour des<br \/>\nFlandres, Li\u00e8ge-Bastogne-Li\u00e8ge et Tour de Lombardie -, le titre de<br \/>\nchampion du monde ou celui de champion d\u2019Europe.<\/p>\n<p>Et \u00e0 chaque fois, ses victoires n\u2019ont souffert d\u2019aucune<br \/>\ncontestation. Que ce soit Jonas Vingegaard sur la Grande Boucle ou<br \/>\nRemco Evenepoel ou Mathieu van der Poel sur les courses d\u2019un jour,<br \/>\nils ont \u00e9t\u00e9 incapables de r\u00e9sister \u00e0 l\u2019ogre slov\u00e8ne. De quoi en<br \/>\nlasser plus d\u2019un\u2026<\/p>\n<p>\u00ab\u00a0Pogacar est admirable. Ce qu\u2019il fait est incroyable,<br \/>\navec une simplicit\u00e9 et un plaisir de courir qui forcent le respect.<br \/>\nMais oui : c\u2019est ennuyant, a ainsi lanc\u00e9 Thomas Voeckler aupr\u00e8s de<br \/>\nCyclism\u2019Actu. Aux championnats d\u2019Europe, l\u2019int\u00e9r\u00eat de la course<br \/>\n\u00e9tait\u2026 pour la troisi\u00e8me place. Le public regardait qui sera sur le<br \/>\npodium. On ne peut pas dire que ce soit id\u00e9al pour le<br \/>\nsuspense.\u00a0\u00bb<\/p>\n<p>\u00ab\u00a0Ce n\u2019est pas soutenable pour tout le monde\u00a0\u00bb<\/p>\n<p>\u00ab\u00a0La domination d\u2019UAE pose aussi question pour les<br \/>\nadversaires, a-t-il poursuivi. Quand une \u00e9quipe recrute<br \/>\nles meilleurs jeunes talents, a les moyens de tout optimiser et<br \/>\n\u00e9volue peut-\u00eatre dans un cadre financier diff\u00e9rent de celui<br \/>\nd\u2019\u00e9quipes sponsoris\u00e9es par des entreprises traditionnelles, on<br \/>\nfinit par d\u00e9r\u00e9guler le march\u00e9. \u00a0Pour exister aujourd\u2019hui dans<br \/>\nle top 10 mondial, il faut un budget qui a doubl\u00e9 par rapport \u00e0 il<br \/>\ny a cinq ans. Ce n\u2019est pas soutenable pour tout le<br \/>\nmonde.\u00a0\u00bb<\/p>\n<p>\u00ab\u00a0Le probl\u00e8me, c\u2019est qu\u2019une arriv\u00e9e massive d\u2019argent a<br \/>\ntout fait exploser : les salaires, les budgets, les exigences,<br \/>\na-t-il encore rench\u00e9ri \u00e0 ce sujet. Certains \u00e9quipiers n\u2019en<br \/>\nprofitent m\u00eame pas. Beaucoup d\u2019entreprises ne peuvent plus investir<br \/>\ndans le v\u00e9lo comme avant : les montants sont trop \u00e9lev\u00e9s. Mettre un<br \/>\nfrein \u00e0 cette inflation serait b\u00e9n\u00e9fique, mais cela demanderait une<br \/>\ncoordination \u00e9norme entre les \u00e9quipes, l\u2019UCI, les<br \/>\norganisateurs\u2026\u00a0\u00bb<\/p>\n","protected":false},"excerpt":{"rendered":"L\u2019\u00e9crasante domination de Tadej Pogacar passe de plus en plus mal aupr\u00e8s de certains\u2026 De son propre aveu,&hellip;\n","protected":false},"author":2,"featured_media":539877,"comment_status":"","ping_status":"","sticky":false,"template":"","format":"standard","meta":{"footnotes":""},"categories":[1411],"tags":[1154,207,1011,27,60],"class_list":{"0":"post-539876","1":"post","2":"type-post","3":"status-publish","4":"format-standard","5":"has-post-thumbnail","7":"category-cyclisme","8":"tag-cycling","9":"tag-cyclisme","10":"tag-fr","11":"tag-france","12":"tag-sports"},"share_on_mastodon":{"url":"https:\/\/pubeurope.com\/@fr\/115564204884486209","error":""},"_links":{"self":[{"href":"https:\/\/www.europesays.com\/fr\/wp-json\/wp\/v2\/posts\/539876","targetHints":{"allow":["GET"]}}],"collection":[{"href":"https:\/\/www.europesays.com\/fr\/wp-json\/wp\/v2\/posts"}],"about":[{"href":"https:\/\/www.europesays.com\/fr\/wp-json\/wp\/v2\/types\/post"}],"author":[{"embeddable":true,"href":"https:\/\/www.europesays.com\/fr\/wp-json\/wp\/v2\/users\/2"}],"replies":[{"embeddable":true,"href":"https:\/\/www.europesays.com\/fr\/wp-json\/wp\/v2\/comments?post=539876"}],"version-history":[{"count":0,"href":"https:\/\/www.europesays.com\/fr\/wp-json\/wp\/v2\/posts\/539876\/revisions"}],"wp:featuredmedia":[{"embeddable":true,"href":"https:\/\/www.europesays.com\/fr\/wp-json\/wp\/v2\/media\/539877"}],"wp:attachment":[{"href":"https:\/\/www.europesays.com\/fr\/wp-json\/wp\/v2\/media?parent=539876"}],"wp:term":[{"taxonomy":"category","embeddable":true,"href":"https:\/\/www.europesays.com\/fr\/wp-json\/wp\/v2\/categories?post=539876"},{"taxonomy":"post_tag","embeddable":true,"href":"https:\/\/www.europesays.com\/fr\/wp-json\/wp\/v2\/tags?post=539876"}],"curies":[{"name":"wp","href":"https:\/\/api.w.org\/{rel}","templated":true}]}}