{"id":539886,"date":"2025-11-17T09:02:24","date_gmt":"2025-11-17T09:02:24","guid":{"rendered":"https:\/\/www.europesays.com\/fr\/539886\/"},"modified":"2025-11-17T09:02:24","modified_gmt":"2025-11-17T09:02:24","slug":"que-lui-arrive-t-il-adam-levine-des-maroon-5-inquiete-avec-sa-nouvelle-apparence-physique-les-internautes-persuades-du-pire","status":"publish","type":"post","link":"https:\/\/www.europesays.com\/fr\/539886\/","title":{"rendered":"\u00ab\u00a0Que lui arrive-t-il ?\u00a0\u00bb, Adam Levine des Maroon 5 inqui\u00e8te avec sa nouvelle apparence physique, les internautes persuad\u00e9s du pire"},"content":{"rendered":"<p>Si <a href=\"https:\/\/www.public.fr\/tag\/adam-levine\" rel=\"nofollow noopener\" target=\"_blank\"><strong>Adam<\/strong> <strong>Levine<\/strong><\/a> pensait amus\u00ader la Toile, il a finalement sem\u00e9 l&rsquo;inqui\u00e9tude. Ce week-end, le leader des Maroon 5 s&rsquo;est en effet affich\u00e9 <strong>sur <a href=\"https:\/\/www.tiktok.com\/@maroon5\" target=\"_blank\" rel=\"noreferrer noopener nofollow\">TikTok<\/a> en train d&rsquo;interpr\u00e9ter Payphone<\/strong>, leur tube culte en collaboration avec Wiz Khalifa, tout <strong>en tenant son guitariste James Valentine comme un nourrisson<\/strong>. Une mise en sc\u00e8ne volontairement absurde, destin\u00e9e \u00e0 faire sourire les fans&#8230; du moins en th\u00e9orie.<\/p>\n<p>Car si la s\u00e9quence a bien fait rire une partie du public, un autre d\u00e9tail a accapar\u00e9 l&rsquo;attention : l&rsquo;apparence du chanteur. <\/p>\n<p>Plusieurs internautes ont imm\u00e9diatement point\u00e9 <strong>son visage tr\u00e8s aminci, ses traits tir\u00e9s et ses yeux rouges \u00e0 moiti\u00e9 clos<\/strong>. Visiblement plus mince que d&rsquo;habitude, Adam Levine a pouss\u00e9 certains \u00e0 tirer des conclusions alarmistes.<\/p>\n<p>Les fans d&rsquo;Adam Levine inquiets<\/p>\n<p>En commentaires, le ton s&rsquo;est tr\u00e8s vite charg\u00e9 de pr\u00e9occupations. Les messages affol\u00e9s se sont multipli\u00e9s sous la vid\u00e9o : \u00ab\u00a0<strong>Que lui arrive-t-il ?<\/strong>\u00ab\u00a0, \u00ab\u00a0Est-ce qu&rsquo;Adam Levine va bien ?\u00a0\u00bb, \u00ab\u00a0Il se passe quoi ?\u00a0\u00bb, ou encore \u00ab\u00a0Il a l&rsquo;air si fatigu\u00e9\u00a0\u00bb. <\/p>\n<p>Certains, presque d\u00e9sempar\u00e9s, sont m\u00eame all\u00e9s jusqu&rsquo;\u00e0 implorer : \u00ab\u00a0S&rsquo;il te pla\u00eet Seigneur, soigne Adam Levine\u00a0\u00bb. <\/p>\n<p>D&rsquo;autres se sont amus\u00e9s \u00e0 remarquer qu&rsquo;il \u00ab\u00a0ressemble\u00a0\u00bb d\u00e9sormais \u00ab\u00a0\u00e0 Travis Barker\u00a0\u00bb, comme si la m\u00e9tamorphose du chanteur l&rsquo;avait rapproch\u00e9 du style du batteur de Blink-182.<\/p>\n<p>L&rsquo;artiste rattrap\u00e9 par l&rsquo;\u00e2ge ?<\/p>\n<p>Si une partie du public semble persuad\u00e9e du pire, d&rsquo;autres fans n&rsquo;ont pas manqu\u00e9 de prendre la d\u00e9fense du chanteur. <\/p>\n<p>Ces derniers n&rsquo;ont pas h\u00e9sit\u00e9 \u00e0 rappeler qu&rsquo;<strong>Adam Levine est aujourd&rsquo;hui \u00e2g\u00e9 de 46 ans<\/strong> et que le temps finit forc\u00e9ment par laisser son empreinte. Pour eux, inutile de chercher des explications dramatiques : il ne s&rsquo;agirait que d&rsquo;un changement physique naturel, amplifi\u00e9 par la lumi\u00e8re, l&rsquo;angle de la cam\u00e9ra\u2026 et peut-\u00eatre l&rsquo;humour un peu d\u00e9cal\u00e9 du chanteur lui-m\u00eame.<\/p>\n<p>En attendant une \u00e9ventuelle mise au point de l&rsquo;int\u00e9ress\u00e9, la vid\u00e9o aura au moins prouv\u00e9 une chose. M\u00eame lorsqu&rsquo;il tente simplement de rire avec ses amis, Adam Levine peut, malgr\u00e9 lui, enflammer la Toile ! <\/p>\n<p>\n          Hits &amp; People en continu\n        <\/p>\n<p>\n          Public Radio\n        <\/p>\n<p>      Mentionn\u00e9s dans cet article<\/p>\n<p>      Sur le m\u00eame sujet<\/p>\n<p>  <script async src=\"\/\/www.tiktok.com\/embed.js\"><\/script><\/p>\n","protected":false},"excerpt":{"rendered":"Si Adam Levine pensait amus\u00ader la Toile, il a finalement sem\u00e9 l&rsquo;inqui\u00e9tude. Ce week-end, le leader des Maroon&hellip;\n","protected":false},"author":2,"featured_media":539887,"comment_status":"","ping_status":"","sticky":false,"template":"","format":"standard","meta":{"footnotes":""},"categories":[1355],"tags":[65836,58,59,1011,27,1361,873,71,2439],"class_list":{"0":"post-539886","1":"post","2":"type-post","3":"status-publish","4":"format-standard","5":"has-post-thumbnail","7":"category-musique","8":"tag-adam-levine","9":"tag-divertissement","10":"tag-entertainment","11":"tag-fr","12":"tag-france","13":"tag-music","14":"tag-musique","15":"tag-sante","16":"tag-tiktok"},"share_on_mastodon":{"url":"https:\/\/pubeurope.com\/@fr\/115564232468761861","error":""},"_links":{"self":[{"href":"https:\/\/www.europesays.com\/fr\/wp-json\/wp\/v2\/posts\/539886","targetHints":{"allow":["GET"]}}],"collection":[{"href":"https:\/\/www.europesays.com\/fr\/wp-json\/wp\/v2\/posts"}],"about":[{"href":"https:\/\/www.europesays.com\/fr\/wp-json\/wp\/v2\/types\/post"}],"author":[{"embeddable":true,"href":"https:\/\/www.europesays.com\/fr\/wp-json\/wp\/v2\/users\/2"}],"replies":[{"embeddable":true,"href":"https:\/\/www.europesays.com\/fr\/wp-json\/wp\/v2\/comments?post=539886"}],"version-history":[{"count":0,"href":"https:\/\/www.europesays.com\/fr\/wp-json\/wp\/v2\/posts\/539886\/revisions"}],"wp:featuredmedia":[{"embeddable":true,"href":"https:\/\/www.europesays.com\/fr\/wp-json\/wp\/v2\/media\/539887"}],"wp:attachment":[{"href":"https:\/\/www.europesays.com\/fr\/wp-json\/wp\/v2\/media?parent=539886"}],"wp:term":[{"taxonomy":"category","embeddable":true,"href":"https:\/\/www.europesays.com\/fr\/wp-json\/wp\/v2\/categories?post=539886"},{"taxonomy":"post_tag","embeddable":true,"href":"https:\/\/www.europesays.com\/fr\/wp-json\/wp\/v2\/tags?post=539886"}],"curies":[{"name":"wp","href":"https:\/\/api.w.org\/{rel}","templated":true}]}}