{"id":539888,"date":"2025-11-17T09:03:17","date_gmt":"2025-11-17T09:03:17","guid":{"rendered":"https:\/\/www.europesays.com\/fr\/539888\/"},"modified":"2025-11-17T09:03:17","modified_gmt":"2025-11-17T09:03:17","slug":"edgar-wright-revient-sur-les-raisons-des-problemes-avec-marvel","status":"publish","type":"post","link":"https:\/\/www.europesays.com\/fr\/539888\/","title":{"rendered":"Edgar Wright revient sur les raisons des probl\u00e8mes avec Marvel"},"content":{"rendered":"<p><strong><a href=\"https:\/\/www.ecranlarge.com\/personnalite\/655645-edgar-wright\" data-type=\"people\" data-id=\"307476\" target=\"_blank\" rel=\"noopener\">Edgar Wright<\/a> aurait pu r\u00e9aliser le premier <a href=\"https:\/\/www.ecranlarge.com\/films\/864080-ant-man\" data-type=\"films\" data-id=\"679307\" target=\"_blank\" rel=\"noopener\">Ant-Man<\/a> (et on aurait ador\u00e9), mais <a href=\"https:\/\/www.ecranlarge.com\/personnalite\/1354509-marvel\" data-type=\"people\" data-id=\"902428\" target=\"_blank\" rel=\"noopener\">Marvel<\/a> avait une vision du super-h\u00e9ros trop diff\u00e9rente de la sienne.<\/strong><\/p>\n<p>Si le MCU se remet doucement sur pieds avec la Phase 6, qui a commenc\u00e9 avec <a href=\"https:\/\/www.ecranlarge.com\/films\/critique\/les-4-fantastiques-premiers-pas-critique-marvel\" target=\"_blank\" rel=\"noopener\">le plut\u00f4t r\u00e9ussi <strong>Les 4 Fantastiques : Premiers pas<\/strong><\/a>, personne ou presque n\u2019a oubli\u00e9 le d\u00e9sastre de la Phase 5. Celle-ci a d\u00e9marr\u00e9 avec <a href=\"https:\/\/www.ecranlarge.com\/films\/dossier\/ant-man-3-pourquoi-quantumania-desastre\" data-type=\"link\" data-id=\"https:\/\/www.ecranlarge.com\/films\/dossier\/ant-man-3-pourquoi-quantumania-desastre\" target=\"_blank\" rel=\"noopener\">l\u2019\u00e9chec d\u2019<strong>Ant-Man : Quantumania<\/strong><\/a>, qui n\u2019a pas tellement r\u00e9ussi \u00e0 installer Kang comme le Thanos de la Saga du Multivers. <\/p>\n<p>                    <img decoding=\"async\" alt=\"\" class=\"wp-image-518375\" style=\"object-fit:cover;width:25px;height:25px\" src=\"https:\/\/www.ecranlarge.com\/content\/uploads\/2023\/09\/arrow-right-circle.svg\"\/><\/p>\n<p>Pire encore, l\u2019univers de Marvel a d\u00fb changer de m\u00e9chant \u00e0 cause des probl\u00e8mes judiciaires de son interpr\u00e8te, Jonathan Majors. Du coup, le prochain<strong> Avengers : The Kang Dynasty<\/strong> a chang\u00e9 de titre pour devenir <strong>Avengers : Doomsday<\/strong>. Mais avant ce joyeux bordel sur la franchise, il y en a eu un autre, d\u00e8s 2015 avec <strong>le premier Ant-Man, qui aurait pu \u00eatre r\u00e9aliser par Edgar Wright.<\/strong><\/p>\n<p><a href=\"https:\/\/www.ecranlarge.com\/content\/uploads\/2018\/02\/ant-man-photo-paul-rudd-1012692.jpg\" target=\"_blank\" rel=\"noopener\"><img loading=\"lazy\" decoding=\"async\" alt=\"Ant-Man : Photo Paul Rudd\" class=\"wp-image-37150\" src=\"https:\/\/www.europesays.com\/fr\/wp-content\/uploads\/2025\/11\/ant-man-photo-paul-rudd-1012692-630x355.jpg\" width=\"630\" height=\"355\"  \/><\/a>Paul Rudd et les MinimoysRunning Ant-Man<\/p>\n<p>Avec 130 millions de dollars de budget (sans compter le marketing) et plus de 518 millions de dollars de recettes au box-office, on peut difficilement qualifier le premier opus sur l\u2019homme-fourmi de \u00ab\u00a0flop\u00a0\u00bb, <strong>m\u00eame s\u2019il est \u00e0 des ann\u00e9es-lumi\u00e8re des plus grosses productions de Marvel<\/strong>. L\u2019\u0153uvre r\u00e9alis\u00e9e par <a href=\"https:\/\/www.ecranlarge.com\/personnalite\/654190-peyton-reed\" data-type=\"people\" data-id=\"306168\" target=\"_blank\" rel=\"noopener\">Peyton Reed<\/a> n\u2019est donc pas un \u00e9chec financier, ni m\u00eame un \u00e9chec critique (64\/100 sur Metacritic, par exemple). Le ton est l\u00e9ger et assum\u00e9\u2026 mais il aurait pu l\u2019\u00eatre encore plus si Edgar Wright avait r\u00e9alis\u00e9 le film. Malheureusement, \u00e0 cause de d\u00e9saccords profonds avec la direction prise par le studio, <strong>le r\u00e9alisateur de Shaun of the Dead a finalement abandonn\u00e9 le projet.<\/strong> <\/p>\n<p>Pour la sortie de son <strong>Running Man<\/strong>, Edgar Wright a accord\u00e9 un long entretien \u00e0 Variety, revenant sur les films qu\u2019il a faits\u2026 et ceux qu\u2019il aurait pu r\u00e9alis\u00e9s, dont <strong>Ant-Man<\/strong>, sur lequel il avait pass\u00e9 un petit bout de temps. Un euph\u00e9misme, puisque le pauvre a pass\u00e9 huit ans \u2014 vous avez bien lu \u2014 \u00e0 d\u00e9velopper l\u2019\u0153uvre. <\/p>\n<p><a href=\"https:\/\/www.ecranlarge.com\/content\/uploads\/2020\/06\/ant-man-photo-paul-rudd-1181404.jpg\" target=\"_blank\" rel=\"noopener\"><img loading=\"lazy\" decoding=\"async\" alt=\"Ant-Man : photo, Paul Rudd\" class=\"wp-image-149397\" src=\"https:\/\/www.europesays.com\/fr\/wp-content\/uploads\/2025\/11\/ant-man-photo-paul-rudd-1181404-630x419.jpg\" width=\"630\" height=\"419\"  \/><\/a>Le potentiel comique \u00e9tait l\u00e0<\/p>\n<p><strong>C\u2019est m\u00eame lui qui a cast\u00e9 Paul Rudd dans le r\u00f4le de l\u2019homme-foumi.<\/strong> Sauf qu\u2019apr\u00e8s le carton d\u2019<strong>Avengers <\/strong>en 2012, Disney a pr\u00e9f\u00e9r\u00e9 jouer la carte de la s\u00e9curit\u00e9 :<\/p>\n<blockquote class=\"wp-block-quote is-layout-flow wp-block-quote-is-layout-flow\">\n<p><strong>\u00ab\u00a0L\u2019id\u00e9e de le faire m\u2019excitait \u00e0 l\u2019\u00e9poque, parce que [quand on te propose de participer \u00e0 \u00e7a], tu veux forc\u00e9ment apporter ta touche personnelle \u00e0 cet univers. Sauf qu\u2019entre le moment o\u00f9 j\u2019ai propos\u00e9 le projet et celui o\u00f9 on devait le faire, la popularit\u00e9 de la franchise avait explos\u00e9. Le studio avait trouv\u00e9 sa propre patte, et ce qui m\u2019avait attir\u00e9 au d\u00e9part avait disparu.\u00a0\u00bb<\/strong><\/p>\n<\/blockquote>\n<p>Dans un Q&amp;A r\u00e9alis\u00e9 sur son compte Instagram en 2023, le r\u00e9alisateur avait d\u00e9crit son <strong>Ant-Man<\/strong> mort dans l\u2019\u0153uf comme un <strong>\u00ab\u00a0film de braquage un peu comme le livre The Hot Rock de Donald Westlake\u00a0\u00bb<\/strong>. <\/p>\n<p><a href=\"https:\/\/www.ecranlarge.com\/content\/uploads\/2020\/06\/ant-man-photo-paul-rudd-1181402.jpg\" target=\"_blank\" rel=\"noopener\"><img loading=\"lazy\" decoding=\"async\" alt=\"Ant-Man : photo, Paul Rudd\" class=\"wp-image-149396\" src=\"https:\/\/www.europesays.com\/fr\/wp-content\/uploads\/2025\/11\/ant-man-photo-paul-rudd-1181402-630x420.jpg\" width=\"630\" height=\"420\"  \/><\/a>Paul en Ruddemande<\/p>\n<p>L\u2019objectif \u00e9tait de cr\u00e9er un arc de r\u00e9demption au protagoniste, pour qu\u2019il passe de criminel \u00e0 super-h\u00e9ros. Wright avait aussi pr\u00e9cis\u00e9 qu\u2019il n\u2019y aurait pas eu cam\u00e9os d\u2019autres personnages du MCU, \u00e0 l\u2019exception d\u2019un teaser en sc\u00e8ne de fin. En bref, son \u0153uvre aurait \u00e9t\u00e9 moins balis\u00e9e par le studio. Mais on ne refera pas l\u2019histoire, m\u00eame si on adore les \u00ab\u00a0what if\u00a0\u00bb. <\/p>\n<p>En attendant les prochaines productions Marvel qui arriveront en 2026, <strong>Running Man d\u2019Edgar Wright arrivera dans les salles fran\u00e7aises le 19 novembre.<\/strong><\/p>\n","protected":false},"excerpt":{"rendered":"Edgar Wright aurait pu r\u00e9aliser le premier Ant-Man (et on aurait ador\u00e9), mais Marvel avait une vision du&hellip;\n","protected":false},"author":2,"featured_media":539889,"comment_status":"","ping_status":"","sticky":false,"template":"","format":"standard","meta":{"footnotes":""},"categories":[1354],"tags":[58,59,1346,1011,27,1360],"class_list":{"0":"post-539888","1":"post","2":"type-post","3":"status-publish","4":"format-standard","5":"has-post-thumbnail","7":"category-films","8":"tag-divertissement","9":"tag-entertainment","10":"tag-films","11":"tag-fr","12":"tag-france","13":"tag-movies"},"share_on_mastodon":{"url":"https:\/\/pubeurope.com\/@fr\/115564237258877955","error":""},"_links":{"self":[{"href":"https:\/\/www.europesays.com\/fr\/wp-json\/wp\/v2\/posts\/539888","targetHints":{"allow":["GET"]}}],"collection":[{"href":"https:\/\/www.europesays.com\/fr\/wp-json\/wp\/v2\/posts"}],"about":[{"href":"https:\/\/www.europesays.com\/fr\/wp-json\/wp\/v2\/types\/post"}],"author":[{"embeddable":true,"href":"https:\/\/www.europesays.com\/fr\/wp-json\/wp\/v2\/users\/2"}],"replies":[{"embeddable":true,"href":"https:\/\/www.europesays.com\/fr\/wp-json\/wp\/v2\/comments?post=539888"}],"version-history":[{"count":0,"href":"https:\/\/www.europesays.com\/fr\/wp-json\/wp\/v2\/posts\/539888\/revisions"}],"wp:featuredmedia":[{"embeddable":true,"href":"https:\/\/www.europesays.com\/fr\/wp-json\/wp\/v2\/media\/539889"}],"wp:attachment":[{"href":"https:\/\/www.europesays.com\/fr\/wp-json\/wp\/v2\/media?parent=539888"}],"wp:term":[{"taxonomy":"category","embeddable":true,"href":"https:\/\/www.europesays.com\/fr\/wp-json\/wp\/v2\/categories?post=539888"},{"taxonomy":"post_tag","embeddable":true,"href":"https:\/\/www.europesays.com\/fr\/wp-json\/wp\/v2\/tags?post=539888"}],"curies":[{"name":"wp","href":"https:\/\/api.w.org\/{rel}","templated":true}]}}