{"id":539896,"date":"2025-11-17T09:07:36","date_gmt":"2025-11-17T09:07:36","guid":{"rendered":"https:\/\/www.europesays.com\/fr\/539896\/"},"modified":"2025-11-17T09:07:36","modified_gmt":"2025-11-17T09:07:36","slug":"de-nouvelles-offres-sont-en-ligne-voici-les-10-offres-a-saisir","status":"publish","type":"post","link":"https:\/\/www.europesays.com\/fr\/539896\/","title":{"rendered":"de nouvelles offres sont en ligne, voici les 10 offres \u00e0 saisir"},"content":{"rendered":"<p>La fr\u00e9n\u00e9sie du Black Friday continue chez la Fnac et Darty. Les deux enseignes mettent en ligne de nouvelles offres qui sont tr\u00e8s int\u00e9ressantes : Pixel 9 \u00e0 -45 %, Galaxy S25 Edge dans un pack avec 550 euros de remise\u2026 D\u00e9couvrez les offres qui m\u00e9ritent votre argent. <\/p>\n<p><a target=\"_blank\" href=\"https:\/\/images.frandroid.com\/wp-content\/uploads\/2025\/11\/fnac-darty-pre-black-friday-1-2.jpg\" class=\"article-content__figure\" rel=\"nofollow noopener\"><img fetchpriority=\"high\" decoding=\"async\" loading=\"eager\" width=\"1200\" height=\"675\" src=\"https:\/\/www.europesays.com\/fr\/wp-content\/uploads\/2025\/11\/fnac-darty-pre-black-friday-1-2.jpg\" alt=\"\" class=\"wp-image-2869937 wp-image wp-image\"  \/><\/a><\/p>\n<p>Les promotions sont nombreuses pour ce <a href=\"https:\/\/www.frandroid.com\/bons-plans\/2864479_black-friday-2025-meilleures-offres-en-direct-amazon\" rel=\"nofollow noopener\" target=\"_blank\">Black Friday \u00e0 l\u2019avance.<\/a> La Fnac et Darty se donnent \u00e0 c\u0153ur joie d\u2019y participer depuis pr\u00e8s de deux semaines, et proposent m\u00eame de nouvelles offres. Les deux enseignes ont d\u00e9cid\u00e9 de casser les prix des meilleurs produits Tech du moment :\u00a0<a href=\"https:\/\/www.frandroid.com\/guide-dachat\/smartphones\/332196_10-smartphones-attendus-debut-2016\" rel=\"nofollow noopener\" target=\"_blank\">smartphones<\/a>,\u00a0<a href=\"https:\/\/www.frandroid.com\/guide-dachat\/guide-tablettes\/320702_guide-dachat-tablette-choisir-noel\" rel=\"nofollow noopener\" target=\"_blank\">tablettes<\/a>, <a href=\"https:\/\/www.frandroid.com\/guide-dachat\/843269_meilleurs-videoprojecteurs-selection\" rel=\"nofollow noopener\" target=\"_blank\">vid\u00e9oprojecteurs<\/a>\u2026 Nous avons regroup\u00e9 les meilleures offres que l\u2019on recommande les yeux ferm\u00e9s. C\u2019est encore l\u2019occasion pour faire ses emplettes \u00e0 prix sacrifi\u00e9s.<\/p>\n<p>Quelles sont les offres \u00e0 retenir chez la Fnac et Darty lors du pr\u00e9-Black Friday ?<\/p>\n<ul class=\"wp-block-list\">\n<li>Samsung Galaxy Z Flip 7 FE \u00e0 699 euros au lieu de 1 002 euros : <a href=\"https:\/\/shop.frandroid.com\/nil6kzr5\" target=\"_blank\" rel=\"noreferrer noopener affiliate nofollow\" data-gtm=\"{&quot;event&quot;:&quot;afficlic&quot;,&quot;nom_marchand&quot;:&quot;fnac&quot;,&quot;nom_produit&quot;:&quot;inconnu&quot;,&quot;categorie_produit&quot;:&quot;inconnu&quot;,&quot;module_produit&quot;:&quot;editolink&quot;,&quot;position_marchand&quot;:0,&quot;texte&quot;:&quot;fnac&quot;,&quot;offer_url&quot;:&quot;https:\/\/shop.frandroid.com\/nil6kzr5&quot;,&quot;zone&quot;:&quot;contenu-page&quot;}\">Fnac<\/a> et <a href=\"https:\/\/shop.frandroid.com\/g2lw20ne\" target=\"_blank\" rel=\"noreferrer noopener affiliate nofollow\" data-gtm=\"{&quot;event&quot;:&quot;afficlic&quot;,&quot;nom_marchand&quot;:&quot;darty&quot;,&quot;nom_produit&quot;:&quot;inconnu&quot;,&quot;categorie_produit&quot;:&quot;inconnu&quot;,&quot;module_produit&quot;:&quot;editolink&quot;,&quot;position_marchand&quot;:0,&quot;texte&quot;:&quot;darty&quot;,&quot;offer_url&quot;:&quot;https:\/\/shop.frandroid.com\/g2lw20ne&quot;,&quot;zone&quot;:&quot;contenu-page&quot;}\">Darty<\/a> <\/li>\n<li>Google Pixel 9 \u00e0 499 euros au lieu de 899 euros : <a href=\"https:\/\/shop.frandroid.com\/5jx9qtv6\" target=\"_blank\" rel=\"noreferrer noopener affiliate nofollow\" data-gtm=\"{&quot;event&quot;:&quot;afficlic&quot;,&quot;nom_marchand&quot;:&quot;fnac&quot;,&quot;nom_produit&quot;:&quot;inconnu&quot;,&quot;categorie_produit&quot;:&quot;inconnu&quot;,&quot;module_produit&quot;:&quot;editolink&quot;,&quot;position_marchand&quot;:0,&quot;texte&quot;:&quot;fnac&quot;,&quot;offer_url&quot;:&quot;https:\/\/shop.frandroid.com\/5jx9qtv6&quot;,&quot;zone&quot;:&quot;contenu-page&quot;}\">Fnac<\/a> et <a href=\"https:\/\/shop.frandroid.com\/7bcwvkvc\" target=\"_blank\" rel=\"noreferrer noopener affiliate nofollow\" data-gtm=\"{&quot;event&quot;:&quot;afficlic&quot;,&quot;nom_marchand&quot;:&quot;darty&quot;,&quot;nom_produit&quot;:&quot;inconnu&quot;,&quot;categorie_produit&quot;:&quot;inconnu&quot;,&quot;module_produit&quot;:&quot;editolink&quot;,&quot;position_marchand&quot;:0,&quot;texte&quot;:&quot;darty&quot;,&quot;offer_url&quot;:&quot;https:\/\/shop.frandroid.com\/7bcwvkvc&quot;,&quot;zone&quot;:&quot;contenu-page&quot;}\">Darty<\/a><\/li>\n<li>Lenovo Legion Tab \u00e0 499 euros au lieu de 699 euros : <a href=\"https:\/\/shop.frandroid.com\/dgtxj50b\" target=\"_blank\" rel=\"noreferrer noopener affiliate nofollow\" data-gtm=\"{&quot;event&quot;:&quot;afficlic&quot;,&quot;nom_marchand&quot;:&quot;fnac&quot;,&quot;nom_produit&quot;:&quot;inconnu&quot;,&quot;categorie_produit&quot;:&quot;inconnu&quot;,&quot;module_produit&quot;:&quot;editolink&quot;,&quot;position_marchand&quot;:0,&quot;texte&quot;:&quot;fnac&quot;,&quot;offer_url&quot;:&quot;https:\/\/shop.frandroid.com\/dgtxj50b&quot;,&quot;zone&quot;:&quot;contenu-page&quot;}\">Fnac<\/a> et <a href=\"https:\/\/shop.frandroid.com\/44qn35eu\" target=\"_blank\" rel=\"noreferrer noopener affiliate nofollow\" data-gtm=\"{&quot;event&quot;:&quot;afficlic&quot;,&quot;nom_marchand&quot;:&quot;darty&quot;,&quot;nom_produit&quot;:&quot;inconnu&quot;,&quot;categorie_produit&quot;:&quot;inconnu&quot;,&quot;module_produit&quot;:&quot;editolink&quot;,&quot;position_marchand&quot;:0,&quot;texte&quot;:&quot;darty&quot;,&quot;offer_url&quot;:&quot;https:\/\/shop.frandroid.com\/44qn35eu&quot;,&quot;zone&quot;:&quot;contenu-page&quot;}\">Darty<\/a><\/li>\n<li>Pack Samsung Galaxy S25 Edge + Buds 3 \u00e0 699 euros au lieu de 1 252 euros : <a href=\"https:\/\/shop.frandroid.com\/1lvrv4zf\" target=\"_blank\" rel=\"noreferrer noopener affiliate nofollow\" data-gtm=\"{&quot;event&quot;:&quot;afficlic&quot;,&quot;nom_marchand&quot;:&quot;fnac&quot;,&quot;nom_produit&quot;:&quot;inconnu&quot;,&quot;categorie_produit&quot;:&quot;inconnu&quot;,&quot;module_produit&quot;:&quot;editolink&quot;,&quot;position_marchand&quot;:0,&quot;texte&quot;:&quot;fnac&quot;,&quot;offer_url&quot;:&quot;https:\/\/shop.frandroid.com\/1lvrv4zf&quot;,&quot;zone&quot;:&quot;contenu-page&quot;}\">Fnac<\/a>  <\/li>\n<li>Xgimi Aura 2 \u00e0 2 299 euros au lieu de 2 899 euros : <a href=\"https:\/\/shop.frandroid.com\/zg9b75yt\" target=\"_blank\" rel=\"noreferrer noopener affiliate nofollow\" data-gtm=\"{&quot;event&quot;:&quot;afficlic&quot;,&quot;nom_marchand&quot;:&quot;fnac&quot;,&quot;nom_produit&quot;:&quot;inconnu&quot;,&quot;categorie_produit&quot;:&quot;inconnu&quot;,&quot;module_produit&quot;:&quot;editolink&quot;,&quot;position_marchand&quot;:0,&quot;texte&quot;:&quot;fnac&quot;,&quot;offer_url&quot;:&quot;https:\/\/shop.frandroid.com\/zg9b75yt&quot;,&quot;zone&quot;:&quot;contenu-page&quot;}\">Fnac<\/a> et <a href=\"https:\/\/shop.frandroid.com\/8ky9d2ml\" target=\"_blank\" rel=\"noreferrer noopener affiliate nofollow\" data-gtm=\"{&quot;event&quot;:&quot;afficlic&quot;,&quot;nom_marchand&quot;:&quot;darty&quot;,&quot;nom_produit&quot;:&quot;inconnu&quot;,&quot;categorie_produit&quot;:&quot;inconnu&quot;,&quot;module_produit&quot;:&quot;editolink&quot;,&quot;position_marchand&quot;:0,&quot;texte&quot;:&quot;darty&quot;,&quot;offer_url&quot;:&quot;https:\/\/shop.frandroid.com\/8ky9d2ml&quot;,&quot;zone&quot;:&quot;contenu-page&quot;}\">Darty<\/a> <\/li>\n<li>AirPods Pro MagSafe reconditionn\u00e9s \u00e0 129 euros au lieu de 199 euros : <a href=\"https:\/\/shop.frandroid.com\/7ybwc8ll\" target=\"_blank\" rel=\"noreferrer noopener affiliate nofollow\" data-gtm=\"{&quot;event&quot;:&quot;afficlic&quot;,&quot;nom_marchand&quot;:&quot;fnac&quot;,&quot;nom_produit&quot;:&quot;inconnu&quot;,&quot;categorie_produit&quot;:&quot;inconnu&quot;,&quot;module_produit&quot;:&quot;editolink&quot;,&quot;position_marchand&quot;:0,&quot;texte&quot;:&quot;fnac&quot;,&quot;offer_url&quot;:&quot;https:\/\/shop.frandroid.com\/7ybwc8ll&quot;,&quot;zone&quot;:&quot;contenu-page&quot;}\">Fnac<\/a> <\/li>\n<li>MSI Cyborg 15\u00a0\u00e0 929 euros au lieu de 1 399 euros : <a href=\"https:\/\/shop.frandroid.com\/69e5q4v5\" target=\"_blank\" rel=\"noreferrer noopener affiliate nofollow\" data-gtm=\"{&quot;event&quot;:&quot;afficlic&quot;,&quot;nom_marchand&quot;:&quot;fnac&quot;,&quot;nom_produit&quot;:&quot;inconnu&quot;,&quot;categorie_produit&quot;:&quot;inconnu&quot;,&quot;module_produit&quot;:&quot;editolink&quot;,&quot;position_marchand&quot;:0,&quot;texte&quot;:&quot;fnac&quot;,&quot;offer_url&quot;:&quot;https:\/\/shop.frandroid.com\/69e5q4v5&quot;,&quot;zone&quot;:&quot;contenu-page&quot;}\">Fnac<\/a> et <a href=\"https:\/\/shop.frandroid.com\/f51drme2\" target=\"_blank\" rel=\"noreferrer noopener affiliate nofollow\" data-gtm=\"{&quot;event&quot;:&quot;afficlic&quot;,&quot;nom_marchand&quot;:&quot;darty&quot;,&quot;nom_produit&quot;:&quot;inconnu&quot;,&quot;categorie_produit&quot;:&quot;inconnu&quot;,&quot;module_produit&quot;:&quot;editolink&quot;,&quot;position_marchand&quot;:0,&quot;texte&quot;:&quot;darty&quot;,&quot;offer_url&quot;:&quot;https:\/\/shop.frandroid.com\/f51drme2&quot;,&quot;zone&quot;:&quot;contenu-page&quot;}\">Darty<\/a><\/li>\n<li>Asus Vivobook 15 OLED \u00e0 629 euros au lieu de 799 euros : <a href=\"https:\/\/shop.frandroid.com\/bno7ynxm\" target=\"_blank\" rel=\"noreferrer noopener affiliate nofollow\" data-gtm=\"{&quot;event&quot;:&quot;afficlic&quot;,&quot;nom_marchand&quot;:&quot;darty&quot;,&quot;nom_produit&quot;:&quot;inconnu&quot;,&quot;categorie_produit&quot;:&quot;inconnu&quot;,&quot;module_produit&quot;:&quot;editolink&quot;,&quot;position_marchand&quot;:0,&quot;texte&quot;:&quot;darty&quot;,&quot;offer_url&quot;:&quot;https:\/\/shop.frandroid.com\/bno7ynxm&quot;,&quot;zone&quot;:&quot;contenu-page&quot;}\">Darty<\/a> et <a href=\"https:\/\/shop.frandroid.com\/h1z3m6mx\" target=\"_blank\" rel=\"noreferrer noopener affiliate nofollow\" data-gtm=\"{&quot;event&quot;:&quot;afficlic&quot;,&quot;nom_marchand&quot;:&quot;fnac&quot;,&quot;nom_produit&quot;:&quot;inconnu&quot;,&quot;categorie_produit&quot;:&quot;inconnu&quot;,&quot;module_produit&quot;:&quot;editolink&quot;,&quot;position_marchand&quot;:0,&quot;texte&quot;:&quot;fnac&quot;,&quot;offer_url&quot;:&quot;https:\/\/shop.frandroid.com\/h1z3m6mx&quot;,&quot;zone&quot;:&quot;contenu-page&quot;}\">Fnac<\/a><\/li>\n<li>Pack Xiaomi Redmi Pad 2 11\u2033 Wifi 128 Go + Etui, clavier et stylet \u00e0 199,99 euros au lieu de 329,99 euros chez <a href=\"https:\/\/shop.frandroid.com\/9hmlds1q\" target=\"_blank\" rel=\"noreferrer noopener affiliate nofollow\" data-gtm=\"{&quot;event&quot;:&quot;afficlic&quot;,&quot;nom_marchand&quot;:&quot;fnac&quot;,&quot;nom_produit&quot;:&quot;inconnu&quot;,&quot;categorie_produit&quot;:&quot;inconnu&quot;,&quot;module_produit&quot;:&quot;editolink&quot;,&quot;position_marchand&quot;:0,&quot;texte&quot;:&quot;fnac&quot;,&quot;offer_url&quot;:&quot;https:\/\/shop.frandroid.com\/9hmlds1q&quot;,&quot;zone&quot;:&quot;contenu-page&quot;}\">Fnac<\/a> et <a href=\"https:\/\/shop.frandroid.com\/9t8rffys\" target=\"_blank\" rel=\"noreferrer noopener affiliate nofollow\" data-gtm=\"{&quot;event&quot;:&quot;afficlic&quot;,&quot;nom_marchand&quot;:&quot;fnac&quot;,&quot;nom_produit&quot;:&quot;inconnu&quot;,&quot;categorie_produit&quot;:&quot;inconnu&quot;,&quot;module_produit&quot;:&quot;editolink&quot;,&quot;position_marchand&quot;:0,&quot;texte&quot;:&quot;darty&quot;,&quot;offer_url&quot;:&quot;https:\/\/shop.frandroid.com\/9t8rffys&quot;,&quot;zone&quot;:&quot;contenu-page&quot;}\">Darty<\/a><\/li>\n<li>Samsung The Frame 2025 en 55 pouces \u00e0 899 euros au lieu de 1 499 euros : <a href=\"https:\/\/shop.frandroid.com\/78f3n9ne\" target=\"_blank\" rel=\"noreferrer noopener affiliate nofollow\" data-gtm=\"{&quot;event&quot;:&quot;afficlic&quot;,&quot;nom_marchand&quot;:&quot;fnac&quot;,&quot;nom_produit&quot;:&quot;inconnu&quot;,&quot;categorie_produit&quot;:&quot;inconnu&quot;,&quot;module_produit&quot;:&quot;editolink&quot;,&quot;position_marchand&quot;:0,&quot;texte&quot;:&quot;fnac&quot;,&quot;offer_url&quot;:&quot;https:\/\/shop.frandroid.com\/78f3n9ne&quot;,&quot;zone&quot;:&quot;contenu-page&quot;}\">Fnac<\/a> et <a href=\"https:\/\/shop.frandroid.com\/mzsms2p6\" target=\"_blank\" rel=\"noreferrer noopener affiliate nofollow\" data-gtm=\"{&quot;event&quot;:&quot;afficlic&quot;,&quot;nom_marchand&quot;:&quot;darty&quot;,&quot;nom_produit&quot;:&quot;inconnu&quot;,&quot;categorie_produit&quot;:&quot;inconnu&quot;,&quot;module_produit&quot;:&quot;editolink&quot;,&quot;position_marchand&quot;:0,&quot;texte&quot;:&quot;darty&quot;,&quot;offer_url&quot;:&quot;https:\/\/shop.frandroid.com\/mzsms2p6&quot;,&quot;zone&quot;:&quot;contenu-page&quot;}\">Darty<\/a><\/li>\n<\/ul>\n<p>Samsung Galaxy Z Flip 7 FE<\/p>\n<p>Le <a href=\"https:\/\/www.frandroid.com\/produits\/smartphones\/samsung\/2728257-samsung-galaxy-z-flip-7-fe\" rel=\"nofollow noopener\" target=\"_blank\">Galaxy Z Flip 7 FE <\/a>est le plus abordable<a href=\"https:\/\/www.frandroid.com\/guide-dachat\/1617799_meilleur-smartphone-pliant-quel-telephone-pliable-choisir\" rel=\"nofollow noopener\" target=\"_blank\"> des smartphones pliants<\/a> de Samsung. Un mod\u00e8le qui ne s\u2019accompagne pas sans quelques concessions pour r\u00e9duire la facture. Aujourd\u2019hui, il a l\u2019avantage de co\u00fbter 300 euros de moins. <\/p>\n<p><a target=\"_blank\" href=\"https:\/\/images.frandroid.com\/wp-content\/uploads\/2025\/11\/samsung-galaxy-z-flip-7-fe-pre-black-friday.jpg\" class=\"article-content__figure\" rel=\"nofollow noopener\"><img loading=\"lazy\" decoding=\"async\" width=\"1200\" height=\"675\" src=\"https:\/\/www.europesays.com\/fr\/wp-content\/uploads\/2025\/11\/samsung-galaxy-z-flip-7-fe-pre-black-friday-1200x675.jpg\" alt=\"\" class=\"wp-image-2869675 wp-image\"  \/><\/a><\/p>\n<p>Le Samsung Galaxy Z Flip 7 FE pla\u00eet pour\u2026 <\/p>\n<ul class=\"wp-block-list\">\n<li>One UI 8.0 de base et les 7 ans de mises \u00e0 jour<\/li>\n<li>Son \u00e9cran lumineux et mieux calibr\u00e9 que le Z Flip 6<\/li>\n<li>Polyvalence photo avec le capteur principal de 50 Mpx <\/li>\n<\/ul>\n<p>De base \u00e0 1 002 euros, le Galaxy Z Flip FE de Samsung (128 Go) se n\u00e9gocie <a href=\"https:\/\/shop.frandroid.com\/nil6kzr5\" target=\"_blank\" rel=\"noreferrer noopener affiliate nofollow\" data-gtm=\"{&quot;event&quot;:&quot;afficlic&quot;,&quot;nom_marchand&quot;:&quot;fnac&quot;,&quot;nom_produit&quot;:&quot;inconnu&quot;,&quot;categorie_produit&quot;:&quot;inconnu&quot;,&quot;module_produit&quot;:&quot;editolink&quot;,&quot;position_marchand&quot;:0,&quot;texte&quot;:&quot;aujourd-hui-a-699-euros-seulement-sur-le-site-de-la-fnac&quot;,&quot;offer_url&quot;:&quot;https:\/\/shop.frandroid.com\/nil6kzr5&quot;,&quot;zone&quot;:&quot;contenu-page&quot;}\">aujourd\u2019hui \u00e0 699 euros seulement sur le site de la Fnac<\/a>. Cette offre est \u00e9galement <a href=\"https:\/\/shop.frandroid.com\/g2lw20ne\" target=\"_blank\" rel=\"noreferrer noopener affiliate nofollow\" data-gtm=\"{&quot;event&quot;:&quot;afficlic&quot;,&quot;nom_marchand&quot;:&quot;darty&quot;,&quot;nom_produit&quot;:&quot;inconnu&quot;,&quot;categorie_produit&quot;:&quot;inconnu&quot;,&quot;module_produit&quot;:&quot;editolink&quot;,&quot;position_marchand&quot;:0,&quot;texte&quot;:&quot;valable-sur-le-site-darty&quot;,&quot;offer_url&quot;:&quot;https:\/\/shop.frandroid.com\/g2lw20ne&quot;,&quot;zone&quot;:&quot;contenu-page&quot;}\">valable sur le site Darty.<\/a> <\/p>\n<p>Google Pixel 9 <\/p>\n<p>Le<a href=\"https:\/\/www.frandroid.com\/produits\/smartphones\/google\/2271750-google-pixel-9\" rel=\"nofollow noopener\" target=\"_blank\"> Google Pixel 9<\/a> devient une affaire en or pour ceux qui veulent de la photo, de l\u2019intelligence artificielle et de l\u2019Android pur, sans casser sa tirelire. Il reste un tr\u00e8s bon choix malgr\u00e9 <a href=\"https:\/\/www.frandroid.com\/produits\/smartphones\/google\/2754909-google-pixel-10\" rel=\"nofollow noopener\" target=\"_blank\">l\u2019arriv\u00e9e de son successeur<\/a>, d\u2019autant plus maintenant qu\u2019il co\u00fbte moins de 500 euros.\u00a0<\/p>\n<p><a target=\"_blank\" href=\"https:\/\/images.frandroid.com\/wp-content\/uploads\/2025\/11\/google-pixel-9-pre-black-friday.jpg\" class=\"article-content__figure\" rel=\"nofollow noopener\"><img loading=\"lazy\" decoding=\"async\" width=\"1200\" height=\"675\" src=\"https:\/\/www.europesays.com\/fr\/wp-content\/uploads\/2025\/11\/google-pixel-9-pre-black-friday-1200x675.jpg\" alt=\"\" class=\"wp-image-2869737 wp-image\"  \/><\/a><\/p>\n<p>Pourquoi on recommande le Pixel 9 de Google ?<\/p>\n<ul class=\"wp-block-list\">\n<li>Un design r\u00e9ussi avec un bel \u00e9cran<\/li>\n<li>Ses photos toujours aussi bluffantes, de jour comme de nuit.<\/li>\n<li>Ses mises \u00e0 jour Android pendant des ann\u00e9es<\/li>\n<\/ul>\n<p>Sorti l\u2019an dernier au prix de 899 euros, le Google Pixel 9 avec 128 Go de stockage est d\u00e9sormais remis\u00e9 \u00e0 499 euros <a href=\"https:\/\/shop.frandroid.com\/5jx9qtv6\" target=\"_blank\" rel=\"noreferrer noopener affiliate nofollow\" data-gtm=\"{&quot;event&quot;:&quot;afficlic&quot;,&quot;nom_marchand&quot;:&quot;fnac&quot;,&quot;nom_produit&quot;:&quot;inconnu&quot;,&quot;categorie_produit&quot;:&quot;inconnu&quot;,&quot;module_produit&quot;:&quot;editolink&quot;,&quot;position_marchand&quot;:0,&quot;texte&quot;:&quot;sur-le-site-de-la-fnac&quot;,&quot;offer_url&quot;:&quot;https:\/\/shop.frandroid.com\/5jx9qtv6&quot;,&quot;zone&quot;:&quot;contenu-page&quot;}\">sur le site de la Fnac<\/a> et <a href=\"https:\/\/shop.frandroid.com\/7bcwvkvc\" target=\"_blank\" rel=\"noreferrer noopener affiliate nofollow\" data-gtm=\"{&quot;event&quot;:&quot;afficlic&quot;,&quot;nom_marchand&quot;:&quot;darty&quot;,&quot;nom_produit&quot;:&quot;inconnu&quot;,&quot;categorie_produit&quot;:&quot;inconnu&quot;,&quot;module_produit&quot;:&quot;editolink&quot;,&quot;position_marchand&quot;:0,&quot;texte&quot;:&quot;darty&quot;,&quot;offer_url&quot;:&quot;https:\/\/shop.frandroid.com\/7bcwvkvc&quot;,&quot;zone&quot;:&quot;contenu-page&quot;}\">Darty<\/a>. <\/p>\n<p>Lenovo Legion Tab<\/p>\n<p>Envie d\u2019une <a href=\"https:\/\/www.frandroid.com\/guide-dachat\/guide-tablettes\/320702_guide-dachat-tablette-choisir-noel\" rel=\"nofollow noopener\" target=\"_blank\">tablette<\/a> Android aussi \u00e0 l\u2019aise pour le divertissement que pour le gaming ? La Lenovo Legion Tab est une bonne option.\u00a0Si vous souhaitez l\u2019acqu\u00e9rir, sachez qu\u2019en ce moment elle co\u00fbte 200 euros de moins. <\/p>\n<p><a target=\"_blank\" href=\"https:\/\/images.frandroid.com\/wp-content\/uploads\/2025\/11\/lenovo-legion-tab-black-friday-2025.jpg\" class=\"article-content__figure\" rel=\"nofollow noopener\"><img loading=\"lazy\" decoding=\"async\" width=\"1200\" height=\"675\" src=\"https:\/\/www.europesays.com\/fr\/wp-content\/uploads\/2025\/11\/lenovo-legion-tab-black-friday-2025-1200x675.jpg\" alt=\"\" class=\"wp-image-2869751 wp-image\"  \/><\/a><\/p>\n<p>Les forces de la Lenovo Legion Tab<\/p>\n<ul class=\"wp-block-list\">\n<li>Sa dalle de 8,8 pouces en d\u00e9finition 2,5K <\/li>\n<li>Ses excellentes performances avec le Snapdragon 8 Gen 3<\/li>\n<li>Sa charge rapide <\/li>\n<\/ul>\n<p>De base \u00e0 699 euros, la Lenovo Legion Tab est en ce moment <a href=\"https:\/\/shop.frandroid.com\/dgtxj50b\" target=\"_blank\" rel=\"noreferrer noopener affiliate nofollow\" data-gtm=\"{&quot;event&quot;:&quot;afficlic&quot;,&quot;nom_marchand&quot;:&quot;fnac&quot;,&quot;nom_produit&quot;:&quot;inconnu&quot;,&quot;categorie_produit&quot;:&quot;inconnu&quot;,&quot;module_produit&quot;:&quot;editolink&quot;,&quot;position_marchand&quot;:0,&quot;texte&quot;:&quot;remisee-a-499-euros-chez-la-fnac&quot;,&quot;offer_url&quot;:&quot;https:\/\/shop.frandroid.com\/dgtxj50b&quot;,&quot;zone&quot;:&quot;contenu-page&quot;}\">remis\u00e9e \u00e0 499 euros chez la Fnac<\/a> et <a href=\"https:\/\/shop.frandroid.com\/44qn35eu\" target=\"_blank\" rel=\"noreferrer noopener affiliate nofollow\" data-gtm=\"{&quot;event&quot;:&quot;afficlic&quot;,&quot;nom_marchand&quot;:&quot;darty&quot;,&quot;nom_produit&quot;:&quot;inconnu&quot;,&quot;categorie_produit&quot;:&quot;inconnu&quot;,&quot;module_produit&quot;:&quot;editolink&quot;,&quot;position_marchand&quot;:0,&quot;texte&quot;:&quot;darty&quot;,&quot;offer_url&quot;:&quot;https:\/\/shop.frandroid.com\/44qn35eu&quot;,&quot;zone&quot;:&quot;contenu-page&quot;}\">Darty<\/a>. <\/p>\n<p>Pack Samsung Galaxy S25 Edge + Buds 3 <\/p>\n<p>Face \u00e0 la sortie d\u2019un <a href=\"https:\/\/www.frandroid.com\/produits\/smartphones\/apple\/2788415-apple-iphone-air\" rel=\"nofollow noopener\" target=\"_blank\">iPhone Air<\/a>, Samsung n\u2019a pas d\u2019autre choix que de baisser le prix de son<a href=\"https:\/\/www.frandroid.com\/produits\/smartphones\/samsung\/2611593-samsung-galaxy-s25-edge\" rel=\"nofollow noopener\" target=\"_blank\"> Galaxy S25 Edge<\/a> pour rester comp\u00e9titif. Et c\u2019est \u00e0 l\u2019occasion du pr\u00e9-Black Friday, que le smartphone fin de la marque sud-cor\u00e9enne voit son prix chuter sous les 600 euros, avec des \u00e9couteurs offerts en prime. <\/p>\n<p><a target=\"_blank\" href=\"https:\/\/images.frandroid.com\/wp-content\/uploads\/2025\/11\/pack-samsung-galaxy-s25-edge-buds-3-pre-black-friday.jpg\" class=\"article-content__figure\" rel=\"nofollow noopener\"><img loading=\"lazy\" decoding=\"async\" width=\"1200\" height=\"675\" src=\"https:\/\/www.europesays.com\/fr\/wp-content\/uploads\/2025\/11\/pack-samsung-galaxy-s25-edge-buds-3-pre-black-friday-1200x675.jpg\" alt=\"\" class=\"wp-image-2869863 wp-image\"  \/><\/a><\/p>\n<p>Les points forts du Samsung Galaxy S25 Edge<\/p>\n<ul class=\"wp-block-list\">\n<li>Sa finesse, bien \u00e9videmment, son atout principal<\/li>\n<li>Samsung promet 7 ans de mise \u00e0 jour<\/li>\n<li>Samsung promet 7 ans de mise \u00e0 jour<\/li>\n<\/ul>\n<p>En ce moment, le Samsung Galaxy S25 Edge se trouve dans un pack avec les Buds 3 <a href=\"https:\/\/shop.frandroid.com\/1lvrv4zf\" target=\"_blank\" rel=\"noreferrer noopener affiliate nofollow\" data-gtm=\"{&quot;event&quot;:&quot;afficlic&quot;,&quot;nom_marchand&quot;:&quot;fnac&quot;,&quot;nom_produit&quot;:&quot;inconnu&quot;,&quot;categorie_produit&quot;:&quot;inconnu&quot;,&quot;module_produit&quot;:&quot;editolink&quot;,&quot;position_marchand&quot;:0,&quot;texte&quot;:&quot;a-seulement-699-euros-au-lieu-de-1-252-euros-sur-le-site-de-la-fnac&quot;,&quot;offer_url&quot;:&quot;https:\/\/shop.frandroid.com\/1lvrv4zf&quot;,&quot;zone&quot;:&quot;contenu-page&quot;}\">\u00e0 seulement 699 euros au lieu de 1 252 euros sur le site de la Fnac.<\/a><\/p>\n<p>Xgimi Aura 2<\/p>\n<p>Le <a href=\"https:\/\/www.frandroid.com\/produits\/smart-tv\/xgimi\/2346088-xgimi-aura-2\" rel=\"nofollow noopener\" target=\"_blank\">Xgimi Aura 2<\/a> est un <a href=\"https:\/\/www.frandroid.com\/guide-dachat\/843269_meilleurs-videoprojecteurs-selection\" rel=\"nofollow noopener\" target=\"_blank\">vid\u00e9oprojecteur<\/a> qui parvient \u00e0 combiner avec brio une image 4K HDR impressionnante, un syst\u00e8me audio Harman Kardon de qualit\u00e9, le tout dans un design \u00e9l\u00e9gant et discret. Alors, oui, son prix n\u2019est pas \u00e0 la port\u00e9e de tous, mais aujourd\u2019hui il s\u2019adoucit de 600 euros. <\/p>\n<p><a target=\"_blank\" href=\"https:\/\/images.frandroid.com\/wp-content\/uploads\/2025\/11\/xgimi-aura-2-pre-black-friday.jpg\" class=\"article-content__figure\" rel=\"nofollow noopener\"><img loading=\"lazy\" decoding=\"async\" width=\"1200\" height=\"675\" src=\"https:\/\/www.europesays.com\/fr\/wp-content\/uploads\/2025\/11\/xgimi-aura-2-pre-black-friday-1200x675.jpg\" alt=\"\" class=\"wp-image-2869875 wp-image\"  \/><\/a><\/p>\n<p>Que propose le Xgimi Aura 2 ? <\/p>\n<ul class=\"wp-block-list\">\n<li>Des images 4K UHD jusqu\u2019\u00e0 150 pouces<\/li>\n<li>Une luminosit\u00e9 de 2300 Lumens <\/li>\n<li>Des hauts-parleurs de 15 W sign\u00e9s Harman Kardon<\/li>\n<\/ul>\n<p>Le Xgimi Aura 2 est propos\u00e9 \u00e0 2 899 euros, mais gr\u00e2ce \u00e0 cette r\u00e9duction, il passe \u00e0 2 299 euros chez <a href=\"https:\/\/shop.frandroid.com\/zg9b75yt\" target=\"_blank\" rel=\"noreferrer noopener affiliate nofollow\" data-gtm=\"{&quot;event&quot;:&quot;afficlic&quot;,&quot;nom_marchand&quot;:&quot;fnac&quot;,&quot;nom_produit&quot;:&quot;inconnu&quot;,&quot;categorie_produit&quot;:&quot;inconnu&quot;,&quot;module_produit&quot;:&quot;editolink&quot;,&quot;position_marchand&quot;:0,&quot;texte&quot;:&quot;la-fnac&quot;,&quot;offer_url&quot;:&quot;https:\/\/shop.frandroid.com\/zg9b75yt&quot;,&quot;zone&quot;:&quot;contenu-page&quot;}\">la Fnac<\/a> et <a href=\"https:\/\/shop.frandroid.com\/8ky9d2ml\" target=\"_blank\" rel=\"noreferrer noopener affiliate nofollow\" data-gtm=\"{&quot;event&quot;:&quot;afficlic&quot;,&quot;nom_marchand&quot;:&quot;darty&quot;,&quot;nom_produit&quot;:&quot;inconnu&quot;,&quot;categorie_produit&quot;:&quot;inconnu&quot;,&quot;module_produit&quot;:&quot;editolink&quot;,&quot;position_marchand&quot;:0,&quot;texte&quot;:&quot;darty&quot;,&quot;offer_url&quot;:&quot;https:\/\/shop.frandroid.com\/8ky9d2ml&quot;,&quot;zone&quot;:&quot;contenu-page&quot;}\">Darty<\/a>.  <\/p>\n<p>AirPods Pro MagSafe reconditionn\u00e9s <\/p>\n<p>Oui, la <a href=\"https:\/\/www.frandroid.com\/produits\/audio-casques-ecouteurs\/apple\/647255-apple-airpods-pro\" rel=\"nofollow noopener\" target=\"_blank\">premi\u00e8re g\u00e9n\u00e9ration des AirPods Pro<\/a> est sortie en 2019. Mais m\u00eame s\u2019ils ont depuis \u00e9t\u00e9 remplac\u00e9s par plusieurs g\u00e9n\u00e9rations <a href=\"https:\/\/www.frandroid.com\/guide-dachat\/guide-audio\/482350_quels-sont-les-meilleurs-ecouteurs-true-wireless-a-moins-de-200-euros-en-2018\" rel=\"nofollow noopener\" target=\"_blank\">d\u2019\u00e9couteurs<\/a>, cette ancienne r\u00e9f\u00e9rence d\u2019Apple reste tout de m\u00eame recommandable. En ce moment, on peut les avoir \u00e0 moins de 130 euros en reconditionn\u00e9. <\/p>\n<p><a target=\"_blank\" href=\"https:\/\/images.frandroid.com\/wp-content\/uploads\/2025\/11\/airpods-pro-magsafe-recondtionnes-pre-black-friday.jpg\" class=\"article-content__figure\" rel=\"nofollow noopener\"><img loading=\"lazy\" decoding=\"async\" width=\"1200\" height=\"675\" src=\"https:\/\/www.europesays.com\/fr\/wp-content\/uploads\/2025\/11\/airpods-pro-magsafe-recondtionnes-pre-black-friday-1200x675.jpg\" alt=\"\" class=\"wp-image-2869903 wp-image\"  \/><\/a><\/p>\n<p>Les AirPods Pro en r\u00e9sum\u00e9 <\/p>\n<ul class=\"wp-block-list\">\n<li>Une bonne qualit\u00e9 sonore et une bonne ANC<\/li>\n<\/ul>\n<ul class=\"wp-block-list\">\n<li>Parfaite int\u00e9gration avec iOS<\/li>\n<\/ul>\n<p>Chez la Fnac, on trouve les AirPods Pro Magsafe reconditionn\u00e9 <a href=\"https:\/\/shop.frandroid.com\/7ybwc8ll\" target=\"_blank\" rel=\"noreferrer noopener affiliate nofollow\" data-gtm=\"{&quot;event&quot;:&quot;afficlic&quot;,&quot;nom_marchand&quot;:&quot;fnac&quot;,&quot;nom_produit&quot;:&quot;inconnu&quot;,&quot;categorie_produit&quot;:&quot;inconnu&quot;,&quot;module_produit&quot;:&quot;editolink&quot;,&quot;position_marchand&quot;:0,&quot;texte&quot;:&quot;en-promotion-a-129-euros&quot;,&quot;offer_url&quot;:&quot;https:\/\/shop.frandroid.com\/7ybwc8ll&quot;,&quot;zone&quot;:&quot;contenu-page&quot;}\">en promotion \u00e0 129 euros<\/a> au lieu de 199 euros habituellement sur le site de la Fnac. <\/p>\n<p>MSI Cyborg 15 <\/p>\n<p>Le <a href=\"https:\/\/www.frandroid.com\/guide-dachat\/689411_guide-meilleurs-pc-portables-gamer\" rel=\"nofollow noopener\" target=\"_blank\">PC portable gamer<\/a> MSI Cyborg 15 B13WFKG est la preuve que l\u2019on peut profiter d\u2019une configuration pointue sans se ruiner. Pendant le pr\u00e9-Black Friday, il co\u00fbte 34 % de moins. <a href=\"https:\/\/shop.frandroid.com\/0o1y3fpd\" target=\"_blank\" rel=\"noreferrer noopener nofollow\"><\/p>\n<p><a href=\"https:\/\/images.frandroid.com\/wp-content\/uploads\/2025\/11\/msi-cyborg-15-pre-black-friday.jpg\" target=\"_blank\" class=\"article-content__figure\" rel=\"nofollow noopener\"><img loading=\"lazy\" decoding=\"async\" width=\"1200\" height=\"675\" src=\"https:\/\/www.europesays.com\/fr\/wp-content\/uploads\/2025\/11\/1763152768_367_msi-cyborg-15-pre-black-friday-1200x675.jpg\" alt=\"\" class=\"wp-image-2855587 wp-image\"  \/><\/a><\/p>\n<p>Les points forts du MSI Cyborg 15<\/p>\n<ul class=\"wp-block-list\">\n<li>Une dalle IPS Full HD de 15,6 pouces + 144 Hz<\/li>\n<li>Un combo i7-13620H + RTX 5060 + 16 Go de RAM<\/li>\n<li>Un SSD de 512 Go<\/li>\n<\/ul>\n<p>De base \u00e0 1 399,99 euros, le laptop MSI Cyborg 15 (B13WFKG-649FR) se n\u00e9gocie <a href=\"https:\/\/shop.frandroid.com\/69e5q4v5\" target=\"_blank\" rel=\"noreferrer noopener affiliate nofollow\" data-gtm=\"{&quot;event&quot;:&quot;afficlic&quot;,&quot;nom_marchand&quot;:&quot;fnac&quot;,&quot;nom_produit&quot;:&quot;inconnu&quot;,&quot;categorie_produit&quot;:&quot;inconnu&quot;,&quot;module_produit&quot;:&quot;editolink&quot;,&quot;position_marchand&quot;:0,&quot;texte&quot;:&quot;en-ce-moment-a-979-99-euros-sur-le-site-de-la-fnac&quot;,&quot;offer_url&quot;:&quot;https:\/\/shop.frandroid.com\/69e5q4v5&quot;,&quot;zone&quot;:&quot;contenu-page&quot;}\">en ce moment \u00e0 929,99 euros sur le site de la Fnac<\/a>. L\u2019offre est \u00e9galement <a href=\"https:\/\/shop.frandroid.com\/f51drme2\" target=\"_blank\" rel=\"noreferrer noopener affiliate nofollow\" data-gtm=\"{&quot;event&quot;:&quot;afficlic&quot;,&quot;nom_marchand&quot;:&quot;darty&quot;,&quot;nom_produit&quot;:&quot;inconnu&quot;,&quot;categorie_produit&quot;:&quot;inconnu&quot;,&quot;module_produit&quot;:&quot;editolink&quot;,&quot;position_marchand&quot;:0,&quot;texte&quot;:&quot;disponible-chez-darty&quot;,&quot;offer_url&quot;:&quot;https:\/\/shop.frandroid.com\/f51drme2&quot;,&quot;zone&quot;:&quot;contenu-page&quot;}\">disponible chez Darty. <\/a><\/p>\n<p>Asus VivoBook 15 OLED<\/p>\n<p>Cet <a href=\"https:\/\/www.frandroid.com\/guide-dachat\/638058_quels-sont-les-meilleurs-pc-portables-haut-de-gamme-de-2019\" rel=\"nofollow noopener\" target=\"_blank\">ordinateur portable<\/a> est clairement pens\u00e9 pour la bureautique avanc\u00e9e, le multim\u00e9dia et plus particuli\u00e8rement la retouche photo. Que vous soyez en t\u00e9l\u00e9travail, \u00e0 la maison ou m\u00eame dans un bureau, c\u2019est une machine toute indiqu\u00e9e.<\/p>\n<p><a href=\"https:\/\/www.europesays.com\/fr\/wp-content\/uploads\/2025\/11\/image-40-2.jpg\" target=\"_blank\" class=\"article-content__figure\"><img loading=\"lazy\" decoding=\"async\" width=\"1200\" height=\"675\" src=\"https:\/\/www.europesays.com\/fr\/wp-content\/uploads\/2025\/11\/image-40-2.jpg\" alt=\"\" class=\"wp-image-2861245 wp-image\"  \/><\/a><\/p>\n<p>Quels sont les atouts de cet Asus VivoBook 15 ?<\/p>\n<ul class=\"wp-block-list\">\n<li>Un \u00e9cran OLED 2,8K de 15,6 pouces <\/li>\n<li>Un combo Ryzen 7 7730U + 16 Go de RAM + un SSD de 512 Go<\/li>\n<li>La charge rapide disponible<\/li>\n<\/ul>\n<p>Initialement propos\u00e9 \u00e0 799,99 euros, l\u2019Asus VivoBook 15 OLED (M1505YA) est aujourd\u2019hui\u00a0<a href=\"https:\/\/shop.frandroid.com\/bno7ynxm\" target=\"_blank\" rel=\"noreferrer noopener affiliate nofollow\" data-gtm=\"{&quot;event&quot;:&quot;afficlic&quot;,&quot;nom_marchand&quot;:&quot;darty&quot;,&quot;nom_produit&quot;:&quot;inconnu&quot;,&quot;categorie_produit&quot;:&quot;inconnu&quot;,&quot;module_produit&quot;:&quot;editolink&quot;,&quot;position_marchand&quot;:0,&quot;texte&quot;:&quot;affiche-a-629-99-euros-chez-darty&quot;,&quot;offer_url&quot;:&quot;https:\/\/shop.frandroid.com\/bno7ynxm&quot;,&quot;zone&quot;:&quot;contenu-page&quot;}\">affich\u00e9 \u00e0 629,99 euros chez Darty<\/a> et la <a href=\"https:\/\/shop.frandroid.com\/h1z3m6mx\" target=\"_blank\" rel=\"noreferrer noopener affiliate nofollow\" data-gtm=\"{&quot;event&quot;:&quot;afficlic&quot;,&quot;nom_marchand&quot;:&quot;fnac&quot;,&quot;nom_produit&quot;:&quot;inconnu&quot;,&quot;categorie_produit&quot;:&quot;inconnu&quot;,&quot;module_produit&quot;:&quot;editolink&quot;,&quot;position_marchand&quot;:0,&quot;texte&quot;:&quot;fnac&quot;,&quot;offer_url&quot;:&quot;https:\/\/shop.frandroid.com\/h1z3m6mx&quot;,&quot;zone&quot;:&quot;contenu-page&quot;}\">Fnac<\/a>.<\/p>\n<p>Pack Xiaomi Redmi Pad 2<\/p>\n<p>La <a href=\"https:\/\/www.frandroid.com\/produits\/tablettes-tactiles\/xiaomi\/2711261-xiaomi-redmi-pad-2\" rel=\"nofollow noopener\" target=\"_blank\">Xiaomi Redmi Pad 2<\/a> est une <a href=\"https:\/\/www.frandroid.com\/guide-dachat\/guide-tablettes\/1311703_quelles-sont-les-meilleures-tablettes-pas-cheres\" rel=\"nofollow noopener\" target=\"_blank\">tablette tactile<\/a> toute r\u00e9cente avec un bel \u00e9cran 2,5K de 11 pouces. Ce mod\u00e8le d\u2019entr\u00e9e de gamme muni de la puce Helio G100-Ultra permet de faire tranquillement du streaming, surfer sur le web et les r\u00e9seaux sociaux et m\u00eame lancer quelques jeux.<\/p>\n<p><a class=\"article-content__figure article-content__figure\" href=\"https:\/\/images.frandroid.com\/wp-content\/uploads\/2025\/11\/pack-xiaomi-redmi-pad-2-pre-black-friday-2025.jpg\" target=\"_blank\" rel=\"noreferrer noopener nofollow\"><img loading=\"lazy\" decoding=\"async\" width=\"1200\" height=\"675\" src=\"https:\/\/www.europesays.com\/fr\/wp-content\/uploads\/2025\/11\/1763152858_844_pack-xiaomi-redmi-pad-2-pre-black-friday-2025-1200x675.jpg\" alt=\"\" class=\"wp-image-2861701 wp-image\"  \/><\/a><\/p>\n<ul class=\"wp-block-list\">\n<li>Une qualit\u00e9 sonore honn\u00eate<\/li>\n<li>Une autonomie confortable avec la batterie de 9000 mAh<\/li>\n<li>Jusqu\u2019\u00e0 7 ans de suivi pour les MAJ de s\u00e9curit\u00e9<\/li>\n<\/ul>\n<p>La Redmi Pad 2 11\u2033 128 Go est propos\u00e9e en pack avec son \u00e9tui, son clavier Bluetooth et son stylet, \u00e0 un prix de base de 329,99 euros.\u00a0<a href=\"https:\/\/shop.frandroid.com\/e9ncz1ot\" target=\"_blank\" rel=\"noreferrer noopener affiliate nofollow\" data-gtm=\"{&quot;event&quot;:&quot;afficlic&quot;,&quot;nom_marchand&quot;:&quot;fnac&quot;,&quot;nom_produit&quot;:&quot;inconnu&quot;,&quot;categorie_produit&quot;:&quot;inconnu&quot;,&quot;module_produit&quot;:&quot;editolink&quot;,&quot;position_marchand&quot;:0,&quot;texte&quot;:&quot;il-passe-a-199-99-euros&quot;,&quot;offer_url&quot;:&quot;https:\/\/shop.frandroid.com\/e9ncz1ot&quot;,&quot;zone&quot;:&quot;contenu-page&quot;}\">Il passe \u00e0 199,99 euros<\/a> pour le pr\u00e9-Black Friday.\u00a0<strong>Notez que 3 mois d\u2019abonnement sont offerts \u00e0 Deezer Premium.<\/strong> L\u2019offre est \u00e9galement <a href=\"https:\/\/shop.frandroid.com\/1immm4qg\" target=\"_blank\" rel=\"noreferrer noopener affiliate nofollow\" data-gtm=\"{&quot;event&quot;:&quot;afficlic&quot;,&quot;nom_marchand&quot;:&quot;darty&quot;,&quot;nom_produit&quot;:&quot;inconnu&quot;,&quot;categorie_produit&quot;:&quot;inconnu&quot;,&quot;module_produit&quot;:&quot;editolink&quot;,&quot;position_marchand&quot;:0,&quot;texte&quot;:&quot;valable-chez-darty&quot;,&quot;offer_url&quot;:&quot;https:\/\/shop.frandroid.com\/1immm4qg&quot;,&quot;zone&quot;:&quot;contenu-page&quot;}\">valable chez Darty.<\/a> <\/p>\n<p>Samsung The Frame 2025<\/p>\n<p>Les <a href=\"https:\/\/www.frandroid.com\/guide-dachat\/guides-dachat-tv\/508152_quelle-television-4k-choisir-la-selection-de-la-redaction\" rel=\"nofollow noopener\" target=\"_blank\">t\u00e9l\u00e9viseurs<\/a> The Frame par Samsung ont toujours impressionn\u00e9 par leur finesse et leur statut \u00e0 mi-chemin entre \u0153uvre d\u2019art num\u00e9rique et \u00e9cran connect\u00e9. Avec la version 2025, vous avez un TV QLED 4K de qualit\u00e9 pour profiter de vos divertissements dans d\u2019excellentes conditions.\u00a0<\/p>\n<p><a href=\"https:\/\/images.frandroid.com\/wp-content\/uploads\/2025\/11\/samsung-the-frame-2025-pre-black-friday.jpg\" target=\"_blank\" class=\"article-content__figure\" rel=\"nofollow noopener\"><img loading=\"lazy\" decoding=\"async\" width=\"1200\" height=\"675\" src=\"https:\/\/www.europesays.com\/fr\/wp-content\/uploads\/2025\/11\/samsung-the-frame-2025-pre-black-friday-1200x675.jpg\" alt=\"\" class=\"wp-image-2869233 wp-image\"  \/><\/a><\/p>\n<p>Les points positifs du Samsung The Frame 55\u2033<\/p>\n<ul class=\"wp-block-list\">\n<li>Un taux de rafra\u00eechissement de 144 Hz qui fait plaisir<\/li>\n<li>La finesse de l\u2019\u00e9cran qui lui conf\u00e8re son aspect si sp\u00e9cial<\/li>\n<li>La connexion invisible et la connectivit\u00e9 d\u00e9port\u00e9e, un vrai must<\/li>\n<\/ul>\n<p>Habituellement \u00e0 1 199 euros, le t\u00e9l\u00e9viseur Samsung The Frame 55\u2033 2025 est aujourd\u2019hui <a href=\"https:\/\/shop.frandroid.com\/78f3n9ne\" target=\"_blank\" rel=\"noreferrer noopener affiliate nofollow\" data-gtm=\"{&quot;event&quot;:&quot;afficlic&quot;,&quot;nom_marchand&quot;:&quot;fnac&quot;,&quot;nom_produit&quot;:&quot;inconnu&quot;,&quot;categorie_produit&quot;:&quot;inconnu&quot;,&quot;module_produit&quot;:&quot;editolink&quot;,&quot;position_marchand&quot;:0,&quot;texte&quot;:&quot;en-promotion-a-899-euros-sur-le-site-de-la-fnac&quot;,&quot;offer_url&quot;:&quot;https:\/\/shop.frandroid.com\/78f3n9ne&quot;,&quot;zone&quot;:&quot;contenu-page&quot;}\">en promotion \u00e0 899 euros sur le site de la Fnac<\/a>. L\u2019offre est valable <a href=\"https:\/\/shop.frandroid.com\/mzsms2p6\" target=\"_blank\" rel=\"noreferrer noopener affiliate nofollow\" data-gtm=\"{&quot;event&quot;:&quot;afficlic&quot;,&quot;nom_marchand&quot;:&quot;darty&quot;,&quot;nom_produit&quot;:&quot;inconnu&quot;,&quot;categorie_produit&quot;:&quot;inconnu&quot;,&quot;module_produit&quot;:&quot;editolink&quot;,&quot;position_marchand&quot;:0,&quot;texte&quot;:&quot;egalement-chez-darty&quot;,&quot;offer_url&quot;:&quot;https:\/\/shop.frandroid.com\/mzsms2p6&quot;,&quot;zone&quot;:&quot;contenu-page&quot;}\">\u00e9galement chez Darty<\/a>. <\/p>\n<p>Pr\u00e9-Black Friday et Singles Day (11.11) : pour ne rien rater des offres<\/p>\n<p>Le v\u00e9ritable Black Friday ne commencera que le 28 novembre prochain, mais les e-commer\u00e7ants ont d\u00e9j\u00e0 partag\u00e9 des offres en avance lors d\u2019une sorte d\u2019avant-premi\u00e8re du vendredi noir. En ce moment, il y a m\u00eame le Singles Day, ou 11.11, pour faire encore plus de bonnes affaires. Une aubaine si vous voulez anticiper vos achats de fin d\u2019ann\u00e9e.<\/p>\n<p>Si vous n\u2019avez pas trouv\u00e9 votre bonheur dans les s\u00e9lections pr\u00e9c\u00e9demment cit\u00e9es, voici ce qu\u2019il vous reste \u00e0 faire : <\/p>\n<ul class=\"wp-block-list\">\n<li>Suivez notre compte X\u00a0<a href=\"https:\/\/twitter.com\/FrandroidPromos\" target=\"_blank\" rel=\"noreferrer noopener nofollow\">@FrandroidPromos<\/a> uniquement d\u00e9di\u00e9 aux bons plans (pensez \u00e0 activer la cloche pour recevoir les notifications en temps r\u00e9el)<\/li>\n<li><a href=\"https:\/\/whatsapp.com\/channel\/0029VabYxm5LI8YhSlD8xc05\" target=\"_blank\" rel=\"noreferrer noopener nofollow\">Rejoignez notre canal WhatsApp<\/a> pour recevoir une fois par jour un condens\u00e9 des meilleures offres<\/li>\n<li>T\u00e9l\u00e9chargez notre <a href=\"https:\/\/www.frandroid.com\/telecharger\/apps\/frandroid\" target=\"_blank\" rel=\"noreferrer noopener nofollow\">application Frandroid<\/a> (disponible sur iOS et Android) pour activer les notifications de la cat\u00e9gorie \u00ab Bons Plans \u00bb et ainsi recevoir en temps r\u00e9el les nouveaux articles li\u00e9s au Black Friday 2025 at au Singles Day (11.11)<\/li>\n<li>Abonnez-vous \u00e0 notre newsletter pour \u00eatre s\u00fbr de recevoir les offres en avant-premi\u00e8re (pas plus d\u2019un mail par jour, d\u00e9sinscription en 1 clic, aucune diffusion \u00e0 des tiers) :<\/li>\n<\/ul>\n<p class=\"newsletter-form__title is-size-6 is-size-7-mobile is-uppercase has-text-good-deals has-text-weight-semibold mb-4 px-5\">Frandroid Bons plans<\/p>\n<p class=\"has-text-centered-tablet newsletter-form__subtitle is-size-4 has-text-weight-bold has-text-primary column is-9-tablet is-10-mobile\">\n                C\u2019est enregistr\u00e9 ! Surveillez votre bo\u00eete aux lettres, vous allez entendre parler de nous\u00a0!\n            <\/p>\n<p class=\"newsletter-form__subtitle is-size-4 has-text-weight-bold has-text-gradient-pink\">Ne manquez aucun bon plan avec notre newsletter<\/p>\n<p class=\"is-size-7\">\n                Les donn\u00e9es transmises par le biais de ce formulaire sont destin\u00e9es \u00e0 Humanoid,<br \/>\n                soci\u00e9t\u00e9 \u00e9ditrice du site Frandroid en sa qualit\u00e9 de responsable de traitement.<br \/>\n                Elles ne seront en aucun cas c\u00e9d\u00e9es \u00e0 des tiers. Ces donn\u00e9es sont trait\u00e9es sous r\u00e9serve d\u2019obtention de<br \/>\n                votre consentement pour vous envoyer par e-mail des actualit\u00e9s et informations relatives aux contenus<br \/>\n                \u00e9ditoriaux publi\u00e9s sur Frandroid. Vous pouvez vous opposer \u00e0 tout moment \u00e0 ces e-mails<br \/>\n                en cliquant sur les liens de d\u00e9sinscriptions pr\u00e9sents dans chacun d\u2019eux. Pour plus d\u2019informations, vous<br \/>\n                pouvez consulter l\u2019int\u00e9gralit\u00e9 de notre <a href=\"https:\/\/www.frandroid.com\/politique-donnees-personnelles\" rel=\"nofollow noopener\" target=\"_blank\"><br \/>\n                politique de traitement de vos donn\u00e9es personnelles<\/a>.<br \/>\n                Vous disposez d\u2019un droit d\u2019acc\u00e8s, de rectification, d\u2019effacement, de limitation, de portabilit\u00e9 et<br \/>\n                d\u2019opposition pour motif l\u00e9gitime aux donn\u00e9es personnelles vous concernant. Pour exercer l\u2019un de ces droits,<br \/>\n                merci d\u2019effectuer votre demande via notre <a href=\"https:\/\/www.frandroid.com\/contact\/#RGPD\" rel=\"nofollow noopener\" target=\"_blank\">formulaire<br \/>\n                de demandes d\u2019exercices de droits d\u00e9di\u00e9<\/a>.\n            <\/p>\n<p>            <script async src=\"https:\/\/platform.twitter.com\/widgets.js\" charset=\"utf-8\"><\/script><\/p>\n","protected":false},"excerpt":{"rendered":"La fr\u00e9n\u00e9sie du Black Friday continue chez la Fnac et Darty. Les deux enseignes mettent en ligne de&hellip;\n","protected":false},"author":2,"featured_media":539897,"comment_status":"","ping_status":"","sticky":false,"template":"","format":"standard","meta":{"footnotes":""},"categories":[7],"tags":[62374,943,944,1011,27,43,40,41,39,42,44],"class_list":{"0":"post-539896","1":"post","2":"type-post","3":"status-publish","4":"format-standard","5":"has-post-thumbnail","7":"category-sciences-et-technologies","8":"tag-black-friday-2025","9":"tag-bons-plans-darty","10":"tag-bons-plans-fnac","11":"tag-fr","12":"tag-france","13":"tag-science","14":"tag-science-and-technology","15":"tag-sciences","16":"tag-sciences-et-technologies","17":"tag-technologies","18":"tag-technology"},"share_on_mastodon":{"url":"https:\/\/pubeurope.com\/@fr\/115564253487642701","error":""},"_links":{"self":[{"href":"https:\/\/www.europesays.com\/fr\/wp-json\/wp\/v2\/posts\/539896","targetHints":{"allow":["GET"]}}],"collection":[{"href":"https:\/\/www.europesays.com\/fr\/wp-json\/wp\/v2\/posts"}],"about":[{"href":"https:\/\/www.europesays.com\/fr\/wp-json\/wp\/v2\/types\/post"}],"author":[{"embeddable":true,"href":"https:\/\/www.europesays.com\/fr\/wp-json\/wp\/v2\/users\/2"}],"replies":[{"embeddable":true,"href":"https:\/\/www.europesays.com\/fr\/wp-json\/wp\/v2\/comments?post=539896"}],"version-history":[{"count":0,"href":"https:\/\/www.europesays.com\/fr\/wp-json\/wp\/v2\/posts\/539896\/revisions"}],"wp:featuredmedia":[{"embeddable":true,"href":"https:\/\/www.europesays.com\/fr\/wp-json\/wp\/v2\/media\/539897"}],"wp:attachment":[{"href":"https:\/\/www.europesays.com\/fr\/wp-json\/wp\/v2\/media?parent=539896"}],"wp:term":[{"taxonomy":"category","embeddable":true,"href":"https:\/\/www.europesays.com\/fr\/wp-json\/wp\/v2\/categories?post=539896"},{"taxonomy":"post_tag","embeddable":true,"href":"https:\/\/www.europesays.com\/fr\/wp-json\/wp\/v2\/tags?post=539896"}],"curies":[{"name":"wp","href":"https:\/\/api.w.org\/{rel}","templated":true}]}}