{"id":539898,"date":"2025-11-17T09:08:14","date_gmt":"2025-11-17T09:08:14","guid":{"rendered":"https:\/\/www.europesays.com\/fr\/539898\/"},"modified":"2025-11-17T09:08:14","modified_gmt":"2025-11-17T09:08:14","slug":"ce-tapis-nordique-a-2999-e-chez-aldi-transforme-votre-interieur-en-cocon-chaleureux-des-le-19-novembre","status":"publish","type":"post","link":"https:\/\/www.europesays.com\/fr\/539898\/","title":{"rendered":"Ce tapis nordique \u00e0 29,99 \u20ac chez Aldi transforme votre int\u00e9rieur en cocon chaleureux d\u00e8s le 19 novembre"},"content":{"rendered":"<p itemprop=\"description\">Les influences nordiques transforment nos<br \/>\nint\u00e9rieurs en alliant confort et esth\u00e9tique. D\u00e9couvrez comment un<br \/>\nsimple tapis en peau de mouton peut r\u00e9chauffer votre espace.<\/p>\n<p>Envie d\u2019un int\u00e9rieur qui respire sans renoncer au confort ?<br \/>\nDepuis quelques saisons, les influences nordiques glissent dans nos<br \/>\nmaisons, discr\u00e8tes mais efficaces, en misant sur la mati\u00e8re, la<br \/>\nlumi\u00e8re et un sens du cocon qui parle \u00e0 tout le monde.<\/p>\n<p>Ce mouvement n\u2019est pas qu\u2019une histoire d\u2019esth\u00e9tique. Il change<br \/>\nla fa\u00e7on d\u2019habiter les pi\u00e8ces, d\u2019organiser les volumes et<br \/>\nd\u2019am\u00e9liorer le bien\u2011\u00eatre au quotidien. Un exemple tr\u00e8s concret<br \/>\ns\u2019invite d\u2019ailleurs en magasin, et il coche toutes les cases<br \/>\nscandi. Intrigant, non ?<\/p>\n<p>Style scandinave : codes durables et maison moderne<\/p>\n<p>Le c\u0153ur du <strong>style scandinave<\/strong> reste simple et<br \/>\nfonctionnel, avec du <strong>bois clair<\/strong>, des<br \/>\n<strong>couleurs neutres<\/strong> et des lignes \u00e9pur\u00e9es qui<br \/>\nlaissent respirer l\u2019espace. L\u2019id\u00e9e n\u2019est pas de surcharger, mais<br \/>\nd\u2019installer un <strong>minimalisme chaleureux<\/strong> qui fait du<br \/>\nbien au quotidien. R\u00e9sultat, la <strong>d\u00e9co nordique<\/strong> se<br \/>\nmarie sans heurt avec nos int\u00e9rieurs modernes.<\/p>\n<p>C\u00f4t\u00e9 sensations, on cherche la douceur visuelle et tactile. Les<br \/>\ntextiles moelleux et l\u2019esprit <strong>hygge<\/strong> cr\u00e9ent des<br \/>\nmoments de pause dans le s\u00e9jour comme dans la chambre. Cela se voit<br \/>\ndans le <strong>salon scandinave<\/strong>, mais aussi dans un<br \/>\nsimple <strong>coin lecture<\/strong> qui devient imm\u00e9diatement plus<br \/>\naccueillant.<\/p>\n<p>Textures nordiques : le tactile qui change tout<\/p>\n<p>Symbole de cette tendance tranquille, le <strong>tapis en peau<br \/>\nde mouton<\/strong> refait surface. Chez <strong>Aldi<\/strong>, un<br \/>\nmod\u00e8le en v\u00e9ritable peau de mouton est annonc\u00e9 en plusieurs teintes<br \/>\ndouces, beige, brun et gris, avec un format de 60 x 80 \u00e0 90 cm qui<br \/>\ns\u2019adapte autant aux petites surfaces qu\u2019aux recoins \u00e0 compl\u00e9ter. Le<br \/>\ntapis est indiqu\u00e9 comme compatible avec le <strong>chauffage au<br \/>\nsol<\/strong> et sera en vente \u00e0 partir du mercredi 19 novembre au<br \/>\nprix de 29,99 \u20ac.<\/p>\n<p>Ce type de tapis r\u00e9chauffe visuellement et physiquement, en<br \/>\nservant d\u2019isolant naturel contre le froid qui remonte du sol. Pr\u00e8s<br \/>\ndu canap\u00e9, au pied du lit ou sous une petite table d\u2019appoint, il<br \/>\najoute une touche acceuillante qui change l\u2019humeur de la pi\u00e8ce sans<br \/>\neffort.<\/p>\n<p>Confort et d\u00e9co nordique : tapis,<br \/>\nzoning et chauffage au sol<\/p>\n<p>Au\u2011del\u00e0 du look, ces mati\u00e8res influencent la mani\u00e8re d\u2019am\u00e9nager.<br \/>\nUn tapis doux permet un vrai <strong>zoning<\/strong> : il d\u00e9limite<br \/>\nla zone de d\u00e9tente, donne du liant au mobilier et adoucit la<br \/>\ncirculation. Dans un studio comme dans une grande pi\u00e8ce, ce rep\u00e8re<br \/>\nvisuel guide le regard et rend l\u2019ensemble plus coh\u00e9rent.<\/p>\n<p>Autre point cl\u00e9, la sensation de chaleur sous les pieds. Un<br \/>\ntapis \u00e9pais pr\u00e8s du canap\u00e9 ou au r\u00e9veil rend l\u2019exp\u00e9rience plus<br \/>\nagr\u00e9able, surtout en p\u00e9riode froide. Avec un mod\u00e8le annonc\u00e9<br \/>\ncompatible avec le <strong>chauffage au sol<\/strong>, on garde la<br \/>\ndouceur recherch\u00e9e sans perturber le syst\u00e8me. Selon ses pr\u00e9f\u00e9rences<br \/>\nd\u2019usage et d\u2019entretien, chacun choisit mati\u00e8re naturelle ou<br \/>\nalternative synth\u00e9tique, l\u2019esprit nordique restant au<br \/>\nrendez\u2011vous.<\/p>\n","protected":false},"excerpt":{"rendered":"Les influences nordiques transforment nos int\u00e9rieurs en alliant confort et esth\u00e9tique. D\u00e9couvrez comment un simple tapis en peau&hellip;\n","protected":false},"author":2,"featured_media":539899,"comment_status":"","ping_status":"","sticky":false,"template":"","format":"standard","meta":{"footnotes":""},"categories":[6],"tags":[35,4397,33,34,1011,27,16978,65837,6290,8551],"class_list":{"0":"post-539898","1":"post","2":"type-post","3":"status-publish","4":"format-standard","5":"has-post-thumbnail","7":"category-economie","8":"tag-business","9":"tag-decoration","10":"tag-economie","11":"tag-economy","12":"tag-fr","13":"tag-france","14":"tag-interieur","15":"tag-plancher-chauffant","16":"tag-salon","17":"tag-tendance"},"share_on_mastodon":{"url":"","error":""},"_links":{"self":[{"href":"https:\/\/www.europesays.com\/fr\/wp-json\/wp\/v2\/posts\/539898","targetHints":{"allow":["GET"]}}],"collection":[{"href":"https:\/\/www.europesays.com\/fr\/wp-json\/wp\/v2\/posts"}],"about":[{"href":"https:\/\/www.europesays.com\/fr\/wp-json\/wp\/v2\/types\/post"}],"author":[{"embeddable":true,"href":"https:\/\/www.europesays.com\/fr\/wp-json\/wp\/v2\/users\/2"}],"replies":[{"embeddable":true,"href":"https:\/\/www.europesays.com\/fr\/wp-json\/wp\/v2\/comments?post=539898"}],"version-history":[{"count":0,"href":"https:\/\/www.europesays.com\/fr\/wp-json\/wp\/v2\/posts\/539898\/revisions"}],"wp:featuredmedia":[{"embeddable":true,"href":"https:\/\/www.europesays.com\/fr\/wp-json\/wp\/v2\/media\/539899"}],"wp:attachment":[{"href":"https:\/\/www.europesays.com\/fr\/wp-json\/wp\/v2\/media?parent=539898"}],"wp:term":[{"taxonomy":"category","embeddable":true,"href":"https:\/\/www.europesays.com\/fr\/wp-json\/wp\/v2\/categories?post=539898"},{"taxonomy":"post_tag","embeddable":true,"href":"https:\/\/www.europesays.com\/fr\/wp-json\/wp\/v2\/tags?post=539898"}],"curies":[{"name":"wp","href":"https:\/\/api.w.org\/{rel}","templated":true}]}}