{"id":539900,"date":"2025-11-17T09:09:22","date_gmt":"2025-11-17T09:09:22","guid":{"rendered":"https:\/\/www.europesays.com\/fr\/539900\/"},"modified":"2025-11-17T09:09:22","modified_gmt":"2025-11-17T09:09:22","slug":"les-tensions-chine-japon-font-tanguer-la-bourse-de-tokyo-limpact-economique-inquiete-17-11-2025-a-0916","status":"publish","type":"post","link":"https:\/\/www.europesays.com\/fr\/539900\/","title":{"rendered":"Les tensions Chine-Japon font tanguer la Bourse de Tokyo, l&rsquo;impact \u00e9conomique inqui\u00e8te &#8211; 17\/11\/2025 \u00e0 09:16"},"content":{"rendered":"<p>        <img decoding=\"async\" src=\"https:\/\/www.europesays.com\/fr\/wp-content\/uploads\/2025\/11\/96881b3c9c161347f3a3e660f061ff91-760x507.jpg\" alt=\"Des touristes prennent des photos avec le mont Fuji couvert de nuages en arri\u00e8re-plan depuis le parc Oishi, dans la ville de Fujikawaguchiko, au Japon, le 18 octobre 2025 ( AFP \/ Philip FONG )\" loading=\"eager\" fetchpriority=\"high\" width=\"760\" height=\"507\" style=\"max-width: 100%!important; height: auto;\"\/><\/p>\n<p class=\"c-image-news__legend\">Des touristes prennent des photos avec le mont Fuji couvert de nuages en arri\u00e8re-plan depuis le parc Oishi, dans la ville de Fujikawaguchiko, au Japon, le 18 octobre 2025 ( AFP \/ Philip FONG )<\/p>\n<p>\n Compagnies a\u00e9riennes, cosm\u00e9tiques, grands magasins&#8230; Les groupes li\u00e9s au tourisme ont plong\u00e9 lundi \u00e0 la Bourse de Tokyo, apr\u00e8s que la Chine a recommand\u00e9 \u00e0 ses ressortissants d&rsquo;\u00e9viter de voyager au Japon, en pleine passe d&rsquo;armes au sujet de Ta\u00efwan, au risque de fragiliser ce secteur-cl\u00e9 de l&rsquo;\u00e9conomie nippone.\n<\/p>\n<p>\n A l&rsquo;origine du regain de tensions: la nouvelle Premi\u00e8re ministre japonaise Sanae Takaichi a d\u00e9clar\u00e9 le 7 novembre que si \u00ab\u00a0une situation d&rsquo;urgence\u00a0\u00bb \u00e0 Ta\u00efwan impliquait \u00ab\u00a0le d\u00e9ploiement de navires de guerre et le recours \u00e0 la force, cela pourrait constituer une menace pour la survie du Japon\u00a0\u00bb.\n<\/p>\n<p>\n Des propos largement interpr\u00e9t\u00e9s comme l&rsquo;indication qu&rsquo;une attaque contre Ta\u00efwan &#8211; \u00eele dont P\u00e9kin revendique la souverainet\u00e9 &#8211; pourrait justifier un soutien militaire de Tokyo \u00e0 Taipei. Ta\u00efwan n&rsquo;est qu&rsquo;\u00e0 100 km de l&rsquo;\u00eele japonaise la plus proche.\n<\/p>\n<p>\n Alors que la crise entre P\u00e9kin et Tokyo n&rsquo;a depuis cess\u00e9 de s&rsquo;envenimer, la diplomatie chinoise a recommand\u00e9 vendredi \u00e0 ses ressortissants \u00ab\u00a0d&rsquo;\u00e9viter de se rendre au Japon dans un avenir proche\u00a0\u00bb, en raison de \u00ab\u00a0risques importants\u00a0\u00bb pour leur s\u00e9curit\u00e9.\n<\/p>\n<p>\n De quoi alarmer le secteur du tourisme au Japon: \u00e0 l&rsquo;heure o\u00f9 l&rsquo;archipel enregistre des arriv\u00e9es record de touristes, la Chine est sa premi\u00e8re source de visiteurs \u00e9trangers.\n<\/p>\n<p>\n Sur les neuf premiers mois de 2025, l&rsquo;archipel a accueilli 7,5 millions de visiteurs chinois, selon des chiffres officiels nippons, soit une envol\u00e9e de 42% sur un an&#8230; et un quart du total des touristes \u00e9trangers. Attir\u00e9s par un yen faible, ils ont d\u00e9pens\u00e9 l&rsquo;\u00e9quivalent de 3,28 milliards d&rsquo;euros au troisi\u00e8me trimestre.\n<\/p>\n<p>\n A la Bourse de Tokyo lundi, le fabricant de cosm\u00e9tiques Shiseido a d\u00e9viss\u00e9 de 9,07%. Parmi les grands magasins pris\u00e9s des touristes, Mitsukoshi a l\u00e2ch\u00e9 11,30%, Takashimaya 6,17% et Pan Pacific (enseignes Don Quijote) a perdu jusqu&rsquo;\u00e0 9,7% en s\u00e9ance.\n<\/p>\n<p>\n Les compagnies a\u00e9riennes Japan Airlines JAL et ANA ont abandonn\u00e9 environ 3,5%, bien que JAL ait assur\u00e9 \u00e0 l&rsquo;AFP n&rsquo;avoir pas constat\u00e9 d&rsquo;annulations cons\u00e9quentes.\n<\/p>\n<p> &#8211; Annulations sans frais &#8211;<\/p>\n<p>\n Le Japon \u00e9tait l&rsquo;an dernier la quatri\u00e8me destination favorite des voyageurs de Chine continentale. Et en 2024, plus de 100.000 \u00e9tudiants chinois \u00e9taient inscrits dans des \u00e9tablissements d&rsquo;enseignement au Japon, selon le gouvernement nippon.\n<\/p>\n<p>        <img decoding=\"async\" src=\"https:\/\/www.europesays.com\/fr\/wp-content\/uploads\/2025\/11\/693e2305ea0e3a0749d44832d3f6c6bc-760x507.jpg\" alt=\"Un groupe de touristes chinois attend pour traverser une rue dans le quartier commer\u00e7ant de Ginza, \u00e0 Tokyo, le 16 novembre 2025 ( AFP \/ GREG BAKER )\" loading=\"eager\" fetchpriority=\"high\" width=\"760\" height=\"507\" style=\"max-width: 100%!important; height: auto;\"\/><\/p>\n<p class=\"c-image-news__legend\">Un groupe de touristes chinois attend pour traverser une rue dans le quartier commer\u00e7ant de Ginza, \u00e0 Tokyo, le 16 novembre 2025 ( AFP \/ GREG BAKER )<\/p>\n<p>\n A la suite de l&rsquo;annonce de P\u00e9kin, les principales compagnies a\u00e9riennes chinoises (Air China, China Southern et China Eastern) ont propos\u00e9 samedi \u00e0 leur client\u00e8le le remboursement int\u00e9gral de leurs vols pour le Japon.\n<\/p>\n<p>\n Leurs actions ont c\u00e9d\u00e9 un peu de terrain lundi \u00e0 la Bourse de Hong Kong, tandis que la plateforme chinoise de r\u00e9servations touristiques Trip.com y chutait de quelque 4%.\n<\/p>\n<p>\n \u00ab\u00a0Cette derni\u00e8re annonce (&#8230;) est incompatible avec l&rsquo;orientation g\u00e9n\u00e9rale convenue par nos dirigeants sur la promotion d&rsquo;une relation mutuellement avantageuse\u00a0\u00bb, a r\u00e9agi lundi le secr\u00e9taire g\u00e9n\u00e9ral du gouvernement nippon Minoru Kihara.\n<\/p>\n<p>\n Selon les m\u00e9dias nippons, le plus haut responsable du minist\u00e8re japonais des Affaires \u00e9trang\u00e8res charg\u00e9 des affaires Asie-Pacifique, Masaaki Kanai, est arriv\u00e9 lundi \u00e0 P\u00e9kin, o\u00f9 il doit s&rsquo;entretenir avec son homologue chinois Liu Jinsong.\n<\/p>\n<p> &#8211; Risque \u00e9conomique &#8211;<\/p>\n<p>\n Dans un message sur X, supprim\u00e9 depuis, le consul g\u00e9n\u00e9ral de Chine \u00e0 Osaka, Xue Jian, avait menac\u00e9 de \u00ab\u00a0couper cette sale t\u00eate sans la moindre h\u00e9sitation\u00a0\u00bb en \u00e9voquant le discours de Mme Takaichi. Dans la foul\u00e9e, Tokyo et P\u00e9kin avaient convoqu\u00e9 la semaine derni\u00e8re leurs ambassadeurs respectifs.\n<\/p>\n<p>\n Autre signe d&rsquo;intensification des tensions: selon M. Kihara, des navires des garde-c\u00f4tes chinois ont pass\u00e9 dimanche plusieurs heures dans les eaux territoriales japonaises autour des \u00eeles Senkaku, revendiqu\u00e9es par P\u00e9kin sous le nom d&rsquo;\u00eeles Diaoyu.\n<\/p>\n<p>\n Tokyo a \u00e9galement annonc\u00e9 lundi avoir mobilis\u00e9 son aviation apr\u00e8s la d\u00e9tection d&rsquo;un drone pr\u00e9sum\u00e9 chinois pr\u00e8s de son \u00eele la plus m\u00e9ridionale, proche de Ta\u00efwan.\n<\/p>\n<p>\n \u00c0 P\u00e9kin, Daniel Feng, un informaticien interrog\u00e9 par l&rsquo;AFP, juge les r\u00e9actions du gouvernement chinois de \u00ab\u00a0tr\u00e8s mesur\u00e9es\u00a0\u00bb: \u00ab\u00a0si (Takaichi) se contente de parler, ce n&rsquo;est pas un probl\u00e8me\u2026 Mais s&rsquo;ils passent \u00e0 l&rsquo;action, l&rsquo;arm\u00e9e de notre pays les vaincra indubitablement\u00a0\u00bb, a d\u00e9clar\u00e9 le quadrag\u00e9naire.\n<\/p>\n<p>\n Ces tensions avec P\u00e9kin interviennent sur fond de conjoncture \u00e9conomique fragile pour le Japon, qui a vu son PIB se contracter de 0,4% au troisi\u00e8me trimestre.\n<\/p>\n<p>\n Pour Marcel Thieliant, analyste de Capital Economics, la crise risque de d\u00e9g\u00e9n\u00e9rer en un conflit commercial de grande ampleur, comparable \u00e0 celui qu&rsquo;ont connu les deux pays au d\u00e9but des ann\u00e9es 2010.\n<\/p>\n<p>\n \u00ab\u00a0Le principal risque r\u00e9side dans des restrictions impos\u00e9es par la Chine sur ses exportations de terres rares ou sur les exportations japonaises\u00a0\u00bb, a-t-il d\u00e9clar\u00e9, jugeant par ailleurs \u00ab\u00a0particuli\u00e8rement vuln\u00e9rables\u00a0\u00bb les constructeurs automobiles nippons, pour qui le march\u00e9 chinois reste crucial.<\/p>\n","protected":false},"excerpt":{"rendered":"Des touristes prennent des photos avec le mont Fuji couvert de nuages en arri\u00e8re-plan depuis le parc Oishi,&hellip;\n","protected":false},"author":2,"featured_media":539901,"comment_status":"","ping_status":"","sticky":false,"template":"","format":"standard","meta":{"footnotes":""},"categories":[5],"tags":[400,11,398,408,405,1011,27,403,14,402,399,404,12,401,406,407,28],"class_list":{"0":"post-539900","1":"post","2":"type-post","3":"status-publish","4":"format-standard","5":"has-post-thumbnail","7":"category-international","8":"tag-action-cac-40","9":"tag-actualites","10":"tag-bourse-de-paris","11":"tag-boursorama","12":"tag-cotations","13":"tag-fr","14":"tag-france","15":"tag-indices-devises","16":"tag-international","17":"tag-investir","18":"tag-investissement","19":"tag-marche-boursier","20":"tag-news","21":"tag-sicav","22":"tag-trackers","23":"tag-warrants","24":"tag-world"},"share_on_mastodon":{"url":"https:\/\/pubeurope.com\/@fr\/115564260527727267","error":""},"_links":{"self":[{"href":"https:\/\/www.europesays.com\/fr\/wp-json\/wp\/v2\/posts\/539900","targetHints":{"allow":["GET"]}}],"collection":[{"href":"https:\/\/www.europesays.com\/fr\/wp-json\/wp\/v2\/posts"}],"about":[{"href":"https:\/\/www.europesays.com\/fr\/wp-json\/wp\/v2\/types\/post"}],"author":[{"embeddable":true,"href":"https:\/\/www.europesays.com\/fr\/wp-json\/wp\/v2\/users\/2"}],"replies":[{"embeddable":true,"href":"https:\/\/www.europesays.com\/fr\/wp-json\/wp\/v2\/comments?post=539900"}],"version-history":[{"count":0,"href":"https:\/\/www.europesays.com\/fr\/wp-json\/wp\/v2\/posts\/539900\/revisions"}],"wp:featuredmedia":[{"embeddable":true,"href":"https:\/\/www.europesays.com\/fr\/wp-json\/wp\/v2\/media\/539901"}],"wp:attachment":[{"href":"https:\/\/www.europesays.com\/fr\/wp-json\/wp\/v2\/media?parent=539900"}],"wp:term":[{"taxonomy":"category","embeddable":true,"href":"https:\/\/www.europesays.com\/fr\/wp-json\/wp\/v2\/categories?post=539900"},{"taxonomy":"post_tag","embeddable":true,"href":"https:\/\/www.europesays.com\/fr\/wp-json\/wp\/v2\/tags?post=539900"}],"curies":[{"name":"wp","href":"https:\/\/api.w.org\/{rel}","templated":true}]}}