{"id":539902,"date":"2025-11-17T09:10:15","date_gmt":"2025-11-17T09:10:15","guid":{"rendered":"https:\/\/www.europesays.com\/fr\/539902\/"},"modified":"2025-11-17T09:10:15","modified_gmt":"2025-11-17T09:10:15","slug":"une-enquete-ouverte-a-verdun-pour-contestation-de-crime-contre-lhumanite","status":"publish","type":"post","link":"https:\/\/www.europesays.com\/fr\/539902\/","title":{"rendered":"une enqu\u00eate ouverte \u00e0 Verdun pour contestation de crime contre l\u2019humanit\u00e9"},"content":{"rendered":"<p>\n    Un responsable de l\u2019Association pour la d\u00e9fense de la m\u00e9moire du mar\u00e9chal P\u00e9tain (ADMP) avait notamment pr\u00e9sent\u00e9 le mar\u00e9chal P\u00e9tain comme \u00able premier r\u00e9sistant de France\u00bb, \u00e0 la sortie d\u2019une messe organis\u00e9e samedi \u00e0 Verdun.<\/p>\n<p class=\"fig-paragraph\">Une enqu\u00eate est ouverte pour contestation de crime contre l\u2019humanit\u00e9 \u00e0 l\u2019encontre du pr\u00e9sident de l\u2019Association pour d\u00e9fendre la m\u00e9moire du mar\u00e9chal P\u00e9tain,\u00a0<a href=\"http:\/\/www.lefigaro.fr\/actualite-france\/verdun-la-justice-autorise-une-messe-en-hommage-au-marechal-petain-et-a-ses-soldats-20251114\" data-fig-type=\"NewsFlash\" data-gtm-custom-categorie=\"navigation\" data-gtm-custom-action=\"crossclick\" data-gtm-custom-label=\"Contextuel\" data-gtm-event=\"customEventSPE\" data-fig-domain=\"LEFIGARO\" rel=\"nofollow noopener\" target=\"_blank\">\u00e0 la suite d\u2019une messe dite samedi \u00e0 Verdun<\/a>, a indiqu\u00e9 lundi le parquet.<\/p>\n<p class=\"fig-paragraph\">La plainte vise notamment le pr\u00e9sident de l\u2019association, Jacques Boncompain, qui s\u2019\u00e9tait exprim\u00e9 \u00e0 la sortie de l\u2019\u00e9glise, estimant que Philippe P\u00e9tain avait \u00e9t\u00e9 \u00able premier r\u00e9sistant de France\u00bb. Elle vise aussi le pr\u00eatre qui a c\u00e9l\u00e9br\u00e9 la messe, a pr\u00e9cis\u00e9 Delphine Moncuit, procureure de la R\u00e9publique de Verdun, dans un courriel adress\u00e9 \u00e0 l\u2019AFP.<\/p>\n<p>                                    <a class=\"fig-a11y-skip a11y-hidden\" href=\"#fig-a11y-skip-main-inarticle\"><br \/>\n        Passer la publicit\u00e9<br \/>\n    <\/a><\/p>\n<p class=\"fig-paragraph\">Plus d\u2019informations \u00e0 venir&#8230;<\/p>\n","protected":false},"excerpt":{"rendered":"Un responsable de l\u2019Association pour la d\u00e9fense de la m\u00e9moire du mar\u00e9chal P\u00e9tain (ADMP) avait notamment pr\u00e9sent\u00e9 le&hellip;\n","protected":false},"author":2,"featured_media":539903,"comment_status":"","ping_status":"","sticky":false,"template":"","format":"standard","meta":{"footnotes":""},"categories":[4],"tags":[11,40606,1011,27,13600,12,65838,25,10172],"class_list":{"0":"post-539902","1":"post","2":"type-post","3":"status-publish","4":"format-standard","5":"has-post-thumbnail","7":"category-france","8":"tag-actualites","9":"tag-crime-contre-lhumanite","10":"tag-fr","11":"tag-france","12":"tag-messe","13":"tag-news","14":"tag-philippe-petain","15":"tag-republique-francaise","16":"tag-verdun"},"share_on_mastodon":{"url":"https:\/\/pubeurope.com\/@fr\/115564263807883822","error":""},"_links":{"self":[{"href":"https:\/\/www.europesays.com\/fr\/wp-json\/wp\/v2\/posts\/539902","targetHints":{"allow":["GET"]}}],"collection":[{"href":"https:\/\/www.europesays.com\/fr\/wp-json\/wp\/v2\/posts"}],"about":[{"href":"https:\/\/www.europesays.com\/fr\/wp-json\/wp\/v2\/types\/post"}],"author":[{"embeddable":true,"href":"https:\/\/www.europesays.com\/fr\/wp-json\/wp\/v2\/users\/2"}],"replies":[{"embeddable":true,"href":"https:\/\/www.europesays.com\/fr\/wp-json\/wp\/v2\/comments?post=539902"}],"version-history":[{"count":0,"href":"https:\/\/www.europesays.com\/fr\/wp-json\/wp\/v2\/posts\/539902\/revisions"}],"wp:featuredmedia":[{"embeddable":true,"href":"https:\/\/www.europesays.com\/fr\/wp-json\/wp\/v2\/media\/539903"}],"wp:attachment":[{"href":"https:\/\/www.europesays.com\/fr\/wp-json\/wp\/v2\/media?parent=539902"}],"wp:term":[{"taxonomy":"category","embeddable":true,"href":"https:\/\/www.europesays.com\/fr\/wp-json\/wp\/v2\/categories?post=539902"},{"taxonomy":"post_tag","embeddable":true,"href":"https:\/\/www.europesays.com\/fr\/wp-json\/wp\/v2\/tags?post=539902"}],"curies":[{"name":"wp","href":"https:\/\/api.w.org\/{rel}","templated":true}]}}