{"id":539906,"date":"2025-11-17T09:12:10","date_gmt":"2025-11-17T09:12:10","guid":{"rendered":"https:\/\/www.europesays.com\/fr\/539906\/"},"modified":"2025-11-17T09:12:10","modified_gmt":"2025-11-17T09:12:10","slug":"les-metallos-de-novasco-fixes-sur-leur-sort-lundi","status":"publish","type":"post","link":"https:\/\/www.europesays.com\/fr\/539906\/","title":{"rendered":"les m\u00e9tallos de Novasco fix\u00e9s sur leur sort lundi"},"content":{"rendered":"<p>                    Par<br \/>\n        <strong><br \/>\n            <a href=\"https:\/\/actu.fr\/auteur\/redaction-saint-etienne\" title=\"Consulter tous les articles de R\u00e9daction Saint-\u00c9tienne\" target=\"_blank\" rel=\"noopener\">R\u00e9daction Saint-\u00c9tienne<\/a><br \/>\n                    <\/strong><\/p>\n<p>        Publi\u00e9 le<\/p>\n<p>            17 nov. 2025 \u00e0 9h57        <\/p>\n<p>Ajoute que le gouvernement a d\u00e9cid\u00e9 de poursuivre en justice Greybull, le tribunal de <a href=\"https:\/\/actu.fr\/strasbourg\/\" target=\"_blank\" rel=\"noopener\">Strasbourg<\/a> scelle lundi matin le sort de l\u2019aci\u00e9riste en d\u00e9route Novasco (ex-Ascometal) et ses 700 salari\u00e9s, avec comme plus probable sc\u00e9nario une reprise \u00e0 minima accompagn\u00e9e d\u2019une lourde casse sociale dans un secteur sinistr\u00e9.<\/p>\n<p class=\" wall-content\"><a href=\"https:\/\/actu.fr\/auvergne-rhone-alpes\/saint-etienne_42218\/saint-etienne-cette-usine-de-50-salaries-menacee-de-fermeture-nous-sommes-tres-inquiets_63022236.html\" target=\"_blank\" rel=\"noopener\">L\u2019usine de Saint-Etienne<\/a> est sur la sellette.\u00a0<\/p>\n<p>Audience de la chambre commerciale du tribunal judiciaire de Strasbourg<\/p>\n<p class=\" wall-content\">Le jugement doit \u00eatre annonc\u00e9 lors d\u2019une audience de la chambre commerciale du tribunal judiciaire de Strasbourg qui s\u2019ouvre \u00e0 9h.<\/p>\n<p class=\" wall-content\">\u00c0 la m\u00eame heure, une assembl\u00e9e g\u00e9n\u00e9rale est pr\u00e9vue \u00e0 l\u2019aci\u00e9rie mosellane d\u2019Hagondange, plus grand site du groupe avec 434 salari\u00e9s, \u00ab\u00a0pour discuter et voter des actions\u00a0\u00bb, affirme Yann Amadoro, d\u00e9l\u00e9gu\u00e9 syndical CGT, \u00e0 l\u2019AFP.<\/p>\n<p class=\" wall-content\">Car depuis mercredi, ils savent que c\u2019est fini : l\u2019offre favoris\u00e9e, d\u00e9pos\u00e9e par un consortium d\u2019investisseurs r\u00e9unis autour de Julien Baillon, \u00e0 la t\u00eate de la PME ardennaise M\u00e9tal Blanc, ne porte que sur l\u2019acquisition de l\u2019usine de Lefrinckoucke, pr\u00e8s de Dunkerque, avait indiqu\u00e9 mercredi l\u2019un des avocats du Comit\u00e9 central d\u2019entreprise, Laurent Pat\u00e9 \u00e0 l\u2019issue d\u2019une audience \u00e0 huis clos du tribunal.<\/p>\n<p>Saint-Etienne, Custines et Hagondange promis \u00e0 la liquidation<\/p>\n<p class=\" wall-content\">Les trois autres sites \u00e0 Saint-Etienne, Custines (Meurthe-et-Moselle) et Hagondange (Moselle) seraient ainsi promis \u00e0 la liquidation.<\/p>\n<p class=\" wall-content\">Sur un effectif total actuel de 696 salari\u00e9s, <strong>seuls 144 salari\u00e9s \u00e0 Lefrinckoucke conserveraient leur emploi<\/strong>, selon M. Amadoro.<\/p>\n<p>Votre r\u00e9gion, votre actu !<\/p>\n<p>Recevez chaque jour les infos qui comptent pour vous.<\/p>\n<p>\t<a href=\"https:\/\/actu.fr\/newsletter\" class=\"ac-btn ac-btn--corner ac-btn--medium ac-btn--blue800\" target=\"_blank\" rel=\"noopener\">S&rsquo;incrire<\/a><\/p>\n<p class=\" wall-content\">L\u2019autre candidat, l\u2019industriel fran\u00e7ais Europlasma, proposait de reprendre tous les sites de Novasco, mais au prix de licenciements massifs \u00e0 Hagondange o\u00f9 seuls 75 emplois auraient \u00e9t\u00e9 sauv\u00e9s sur 450. Son dossier a toutefois \u00ab\u00a0pr\u00e9sent\u00e9 des faiblesses\u00a0\u00bb, selon Me Pat\u00e9.<br \/>Quelques heures avant l\u2019annonce de la d\u00e9cision de justice, le gouvernement a annonc\u00e9 qu\u2019il allait poursuivre en justice le britannique Greybull, un repreneur \u00ab\u00a0voyou\u00a0\u00bb tenu pour responsable de la situation critique de l\u2019aci\u00e9rie Novasco.<\/p>\n<p class=\" wall-content\">Dans une interview exclusive \u00e0 l\u2019AFP, le ministre d\u00e9l\u00e9gu\u00e9 charg\u00e9 de l\u2019Industrie, S\u00e9bastien Martin, a d\u00e9clar\u00e9 qu\u2019il allait \u00ab\u00a0saisir les tribunaux\u00a0\u00bb contre le fonds d\u2019investissement Greybull qui avait repris le m\u00e9tallurgiste en 2024 et n\u2019a pas tenu ses engagements.<\/p>\n<p>\u00ab\u00a0Voleurs\u00a0\u00bb<\/p>\n<p class=\" wall-content\">Novasco, qui fabrique des aciers sp\u00e9ciaux, notamment pour le secteur automobile, en est \u00e0 son quatri\u00e8me redressement judiciaire depuis 2014.<\/p>\n<p class=\" wall-content\">Ses d\u00e9boires ne sont pas uniques en Europe, o\u00f9 l\u2019industrie sid\u00e9rurgique multiplie les plans de licenciements, souffrant entre autres de la concurrence chinoise, des co\u00fbts \u00e9lev\u00e9s de l\u2019\u00e9nergie, ainsi que des difficult\u00e9s des constructeurs automobiles, gros consommateurs d\u2019acier.<\/p>\n<p class=\" wall-content\">L\u2019\u00e9pilogue est particuli\u00e8rement douloureux pour les m\u00e9tallos de l\u2019usine de Moselle et tout le d\u00e9partement d\u00e9j\u00e0 durement \u00e9prouv\u00e9 par la d\u00e9sindustrialisation.<br \/>Vendredi d\u00e9j\u00e0, pr\u00e8s de 200 d\u2019entre eux se sont mobilis\u00e9s sur place, br\u00fblant des pneus avant de lancer une op\u00e9ration escargot sur l\u2019A31 entre Metz et le Luxembourg.<br \/>Des croix jaunes et rouges \u00e9taient pos\u00e9es contre le mur de Novasco \u00e0 Hagondange, avec des pancartes o\u00f9 on pouvait lire <strong>\u00ab\u00a0Voleurs\u00a0\u00bb, \u00ab\u00a0Menteurs\u00a0\u00bb ou \u00ab\u00a0Que fait l\u2019\u00c9tat\u00a0\u00bb.<\/strong><\/p>\n<p class=\" wall-content\">Les salari\u00e9s se battent d\u00e9sormais afin obtenir des conditions de d\u00e9part am\u00e9lior\u00e9es.<br \/>L\u2019espoir \u2013 t\u00e9nu \u2013 d\u2019une nationalisation s\u2019est envol\u00e9 apr\u00e8s une rencontre jeudi des syndicats avec le ministre d\u00e9l\u00e9gu\u00e9 \u00e0 l\u2019Industrie S\u00e9bastien Martin qui s\u2019est selon eux montr\u00e9 peu encourageant sur ce point.<\/p>\n<p>Non-sens<\/p>\n<p class=\" wall-content\">\u00ab\u00a0Le ministre a rappel\u00e9 qu\u2019il \u00e9tait en contact avec l\u2019actionnaire\u00a0\u00bb, Greybull, \u00ab\u00a0et r\u00e9it\u00e9r\u00e9 son souhait que le site ne soit pas d\u00e9mantel\u00e9 et, s\u2019il venait \u00e0 \u00eatre liquid\u00e9, reste pr\u00eat \u00e0 accueillir un site industriel rapidement\u00a0\u00bb, a d\u00e9clar\u00e9 son entourage.\u2002<\/p>\n<p class=\" wall-content\">Mais les repr\u00e9sentants du personnel ne se font aucune illusion sur une \u00e9ventuelle contribution financi\u00e8re de ce fonds d\u2019investissement qui n\u2019a d\u00e9j\u00e0 pas tenu ses engagements pris lors de la reprise du groupe en 2024.<\/p>\n<p class=\" wall-content\">Greybull n\u2019avait inject\u00e9 que <strong>1,5 million sur les 90 millions d\u2019euros promis<\/strong>, tandis que l\u2019\u00c9tat avait rempli globalement son engagement d\u2019investir 85 millions, selon les syndicats.<br \/>\u00ab\u00a0J\u2019estime qu\u2019il doit aux salari\u00e9s, aux habitants d\u2019Hagondange et \u00e0 tout ce territoire 88,5 millions d\u2019euros\u00a0\u00bb, a soulign\u00e9 lundi S\u00e9bastien Martin, annon\u00e7ant qu\u2019il allait \u00ab\u00a0engager toute action utile sur le plan tant civil que p\u00e9nal afin de mettre en cause la responsabilit\u00e9\u00a0\u00bb de Greybull.<\/p>\n<p class=\" wall-content\"><strong>AFP<\/strong><\/p>\n<p class=\" wall-content\">Personnalisez votre actualit\u00e9 en ajoutant vos villes et m\u00e9dias en favori avec <a href=\"https:\/\/moncompte.actu.fr\" title=\"D\u00e9couvez Mon Actu\" rel=\"nofollow noopener\" data-trk=\"{&quot;cta&quot;:{&quot;action&quot;:&quot;https:\\\/\\\/moncompte.actu.fr&quot;,&quot;category&quot;:&quot;mon compte&quot;,&quot;from&quot;:&quot;article footer&quot;,&quot;name&quot;:&quot;Mon actu&quot;,&quot;type&quot;:&quot;cta&quot;}}\" target=\"_blank\">Mon Actu<\/a>.<\/p>\n","protected":false},"excerpt":{"rendered":"Par R\u00e9daction Saint-\u00c9tienne Publi\u00e9 le 17 nov. 2025 \u00e0 9h57 Ajoute que le gouvernement a d\u00e9cid\u00e9 de poursuivre&hellip;\n","protected":false},"author":2,"featured_media":539907,"comment_status":"","ping_status":"","sticky":false,"template":"","format":"standard","meta":{"footnotes":""},"categories":[9653],"tags":[1111,11,2430,33,341,1777,674,1011,27,12,25,4001],"class_list":{"0":"post-539906","1":"post","2":"type-post","3":"status-publish","4":"format-standard","5":"has-post-thumbnail","7":"category-saint-etienne","8":"tag-actu","9":"tag-actualites","10":"tag-auvergne-rhone-alpes","11":"tag-economie","12":"tag-emploi","13":"tag-eu","14":"tag-europe","15":"tag-fr","16":"tag-france","17":"tag-news","18":"tag-republique-francaise","19":"tag-saint-etienne"},"share_on_mastodon":{"url":"https:\/\/pubeurope.com\/@fr\/115564271685855860","error":""},"_links":{"self":[{"href":"https:\/\/www.europesays.com\/fr\/wp-json\/wp\/v2\/posts\/539906","targetHints":{"allow":["GET"]}}],"collection":[{"href":"https:\/\/www.europesays.com\/fr\/wp-json\/wp\/v2\/posts"}],"about":[{"href":"https:\/\/www.europesays.com\/fr\/wp-json\/wp\/v2\/types\/post"}],"author":[{"embeddable":true,"href":"https:\/\/www.europesays.com\/fr\/wp-json\/wp\/v2\/users\/2"}],"replies":[{"embeddable":true,"href":"https:\/\/www.europesays.com\/fr\/wp-json\/wp\/v2\/comments?post=539906"}],"version-history":[{"count":0,"href":"https:\/\/www.europesays.com\/fr\/wp-json\/wp\/v2\/posts\/539906\/revisions"}],"wp:featuredmedia":[{"embeddable":true,"href":"https:\/\/www.europesays.com\/fr\/wp-json\/wp\/v2\/media\/539907"}],"wp:attachment":[{"href":"https:\/\/www.europesays.com\/fr\/wp-json\/wp\/v2\/media?parent=539906"}],"wp:term":[{"taxonomy":"category","embeddable":true,"href":"https:\/\/www.europesays.com\/fr\/wp-json\/wp\/v2\/categories?post=539906"},{"taxonomy":"post_tag","embeddable":true,"href":"https:\/\/www.europesays.com\/fr\/wp-json\/wp\/v2\/tags?post=539906"}],"curies":[{"name":"wp","href":"https:\/\/api.w.org\/{rel}","templated":true}]}}