{"id":539908,"date":"2025-11-17T09:13:15","date_gmt":"2025-11-17T09:13:15","guid":{"rendered":"https:\/\/www.europesays.com\/fr\/539908\/"},"modified":"2025-11-17T09:13:15","modified_gmt":"2025-11-17T09:13:15","slug":"loire-pourquoi-ce-japonais-specialiste-du-bondage-va-venir-dans-un-donjon-pres-de-saint-etienne","status":"publish","type":"post","link":"https:\/\/www.europesays.com\/fr\/539908\/","title":{"rendered":"Loire. Pourquoi ce Japonais sp\u00e9cialiste du bondage va venir dans un donjon pr\u00e8s de Saint-\u00c9tienne"},"content":{"rendered":"<p>On l\u2019avait rencontr\u00e9 quelques semaines apr\u00e8s l\u2019ouverture de son lieu secret\u2026 qui est devenu de moins en moins secret. \u00ab\u00a0C\u2019est s\u00fbr que lors de nos soir\u00e9es, quand des dizaines de v\u00e9hicules se garent et que des gens se prom\u00e8nent en latex, les riverains se posent des questions\u00a0\u00bb, sourit Diane Killer.<\/p>\n<p>Mais le voisinage ne s\u2019est jamais plaint. Et il ne devrait pas le faire pour le prochain \u00e9v\u00e9nement organis\u00e9 dans le donjon, ouvert il y a un peu plus d\u2019un an dans la p\u00e9riph\u00e9rie de Saint-\u00c9tienne\u00a0: une soir\u00e9e \u00ab\u00a0shibari\u00a0\u00bb avec le ma\u00eetre de la discipline, Hajime Kinoko.<\/p>\n<p>  \u00ab\u00a0J\u2019ai consenti d\u2019\u00e9normes sacrifices\u00a0\u00bb<\/p>\n<p>Ce Japonais de 48 ans est connu pour ses performances sc\u00e9niques \u00e0 base de cordes. Mais, alors que le bondage a une connotation sexuelle, lui en fait un art \u00e0 part enti\u00e8re. Il m\u00eale le shibari avec la sculpture, la photo, la d\u00e9coration\u2026 Connu bien au-del\u00e0 de son pays, il donne des cours dans le monde entier.<\/p>\n<p>\u00ab\u00a0\u00c7a fait longtemps que j\u2019essaie de le faire venir\u00a0\u00bb, confie Diane Killer, qui est heureuse d\u2019y \u00eatre enfin parvenue. Il faut dire que l\u2019artiste est tr\u00e8s demand\u00e9\u2026 et pas donn\u00e9. \u00ab\u00a0J\u2019ai mis un an \u00e0 pr\u00e9parer cet \u00e9v\u00e9nement et j\u2019ai consenti d\u2019\u00e9normes sacrifices\u00a0\u00bb, ajoute-t-elle. Car, outre la performance, il faudra aussi payer l\u2019h\u00e9bergement, la restauration, l\u2019interpr\u00e8te\u2026<\/p>\n<p>  \u00ab\u00a0Une collaboration entre performeurs qui aime le BDSM\u00a0\u00bb<\/p>\n<p>Diane Killer donnera aussi de sa personne puisqu\u2019elle sera au centre de la performance de Hajime Kinoko\u00a0: \u00ab\u00a0C\u2019est moi qui vais servir de mod\u00e8le et j\u2019appr\u00e9hende un peu. C\u2019est un honneur et m\u00eame temps, j\u2019ai le trac (sourire).\u00a0\u00bb<\/p>\n<p>M\u00eame si elle reconna\u00eet que \u00ab\u00a0le shibari, c\u2019est une micro-niche\u00a0\u00bb, sa soir\u00e9e sp\u00e9ciale devrait faire le plein. \u00ab\u00a0Il ne reste que quelques places sur 100 pr\u00e9vues, confie-t-elle. Beaucoup d\u2019adeptes de la pratique veulent le rencontrer.\u00a0\u00bb<\/p>\n<p>Ce qui la conforte dans son id\u00e9e de se tourner davantage, \u00e0 l\u2019avenir, \u00ab\u00a0vers ce genre de prestations artistiques plut\u00f4t que vers le BDSM traditionnel\u00a0\u00bb.<\/p>\n","protected":false},"excerpt":{"rendered":"On l\u2019avait rencontr\u00e9 quelques semaines apr\u00e8s l\u2019ouverture de son lieu secret\u2026 qui est devenu de moins en moins&hellip;\n","protected":false},"author":2,"featured_media":539909,"comment_status":"","ping_status":"","sticky":false,"template":"","format":"standard","meta":{"footnotes":""},"categories":[9653],"tags":[1111,11,2430,1687,7539,1777,674,107,1011,27,1757,3367,12,25,4001,7538,273,10806,104],"class_list":{"0":"post-539908","1":"post","2":"type-post","3":"status-publish","4":"format-standard","5":"has-post-thumbnail","7":"category-saint-etienne","8":"tag-actu","9":"tag-actualites","10":"tag-auvergne-rhone-alpes","11":"tag-culture-loisirs","12":"tag-edition-loire-sud","13":"tag-eu","14":"tag-europe","15":"tag-fil-info","16":"tag-fr","17":"tag-france","18":"tag-insolite","19":"tag-loire","20":"tag-news","21":"tag-republique-francaise","22":"tag-saint-etienne","23":"tag-saint-etienne-ville","24":"tag-selection-de-la-redaction","25":"tag-selection-de-la-redaction-42","26":"tag-societe"},"share_on_mastodon":{"url":"https:\/\/pubeurope.com\/@fr\/115564275628146565","error":""},"_links":{"self":[{"href":"https:\/\/www.europesays.com\/fr\/wp-json\/wp\/v2\/posts\/539908","targetHints":{"allow":["GET"]}}],"collection":[{"href":"https:\/\/www.europesays.com\/fr\/wp-json\/wp\/v2\/posts"}],"about":[{"href":"https:\/\/www.europesays.com\/fr\/wp-json\/wp\/v2\/types\/post"}],"author":[{"embeddable":true,"href":"https:\/\/www.europesays.com\/fr\/wp-json\/wp\/v2\/users\/2"}],"replies":[{"embeddable":true,"href":"https:\/\/www.europesays.com\/fr\/wp-json\/wp\/v2\/comments?post=539908"}],"version-history":[{"count":0,"href":"https:\/\/www.europesays.com\/fr\/wp-json\/wp\/v2\/posts\/539908\/revisions"}],"wp:featuredmedia":[{"embeddable":true,"href":"https:\/\/www.europesays.com\/fr\/wp-json\/wp\/v2\/media\/539909"}],"wp:attachment":[{"href":"https:\/\/www.europesays.com\/fr\/wp-json\/wp\/v2\/media?parent=539908"}],"wp:term":[{"taxonomy":"category","embeddable":true,"href":"https:\/\/www.europesays.com\/fr\/wp-json\/wp\/v2\/categories?post=539908"},{"taxonomy":"post_tag","embeddable":true,"href":"https:\/\/www.europesays.com\/fr\/wp-json\/wp\/v2\/tags?post=539908"}],"curies":[{"name":"wp","href":"https:\/\/api.w.org\/{rel}","templated":true}]}}