{"id":539915,"date":"2025-11-17T09:18:15","date_gmt":"2025-11-17T09:18:15","guid":{"rendered":"https:\/\/www.europesays.com\/fr\/539915\/"},"modified":"2025-11-17T09:18:15","modified_gmt":"2025-11-17T09:18:15","slug":"le-dessin-de-chaunu-la-cop30-et-le-rechauffement-climatique","status":"publish","type":"post","link":"https:\/\/www.europesays.com\/fr\/539915\/","title":{"rendered":"Le dessin de Chaunu\u00a0: la Cop30 et le r\u00e9chauffement climatique"},"content":{"rendered":"<tr wp_automatic_readability=\"1.9375\">\n<td valign=\"middle\" align=\"center\" class=\"col-logo\">\n    <img decoding=\"async\" src=\"https:\/\/www.europesays.com\/fr\/wp-content\/uploads\/2025\/05\/ouest-france.gif\" alt=\"logo Ouest-France\" height=\"66\"\/><\/p>\n<\/td>\n<td class=\"col-titre\">\n\t\t\tLundi 17 novembre 2025 08:00<br \/>\n\t\t\t<a class=\"icon-bulle sizeL count\" href=\"#ancreAvis\"><br \/>\n\t&#8230;<br \/>\n<\/a><\/td>\n<\/tr>\n<p>\t\t<a class=\"mavillebox2 elmt-photo\" href=\"https:\/\/maville.com\/photosmvi\/2025\/11\/17\/P35585244D7067158G.jpg\" title=\" La premi\u00e8re semaine de n\u00e9gociations \u00e0 la Cop30 de Bel\u00e9m en Argentine inspire Chaunu.  \u00a9  Chaunu  \" rel=\"galerie_actu noopener\" target=\"_blank\"><br \/>\n\t<img decoding=\"async\" src=\"https:\/\/www.europesays.com\/fr\/wp-content\/uploads\/2025\/11\/P35585244D7067158G_crop_640-330_.jpg\" alt=\"photo  la premi\u00e8re semaine de n\u00e9gociations \u00e0 la cop30 de bel\u00e9m en argentine inspire chaunu.  \u00a9  chaunu \"\/><br \/>\n\t1<br \/>\n<\/a><\/p>\n<p class=\"elmt-legende\"> La premi\u00e8re semaine de n\u00e9gociations \u00e0 la Cop30 de Bel\u00e9m en Argentine inspire Chaunu.  \u00a9  Chaunu  <\/p>\n<p>\t\tLe dessinateur et caricaturiste Chaunu croque au quotidien l\u2019actualit\u00e9 fran\u00e7aise et internationale pour Ouest-France. Aujourd\u2019hui, la lutte contre le r\u00e9chauffement climatique alors que la premi\u00e8re semaine de n\u00e9gociations climatiques de la Cop30 au Br\u00e9sil touche \u00e0 sa fin. Et que des ONG d\u00e9noncent la pr\u00e9sence de lobbyistes des \u00e9nergies fossiles.<\/p>\n<p>\t\tOuest-France\u00a0\u00a0<\/p>\n<p>\t\t&#13;<\/p>\n","protected":false},"excerpt":{"rendered":"Lundi 17 novembre 2025 08:00 &#8230; 1 La premi\u00e8re semaine de n\u00e9gociations \u00e0 la Cop30 de Bel\u00e9m en&hellip;\n","protected":false},"author":2,"featured_media":539916,"comment_status":"","ping_status":"","sticky":false,"template":"","format":"standard","meta":{"footnotes":""},"categories":[9619],"tags":[1111,11,51729,18877,53082,5804,1777,674,1011,27,12,882,35404,25,2310],"class_list":{"0":"post-539915","1":"post","2":"type-post","3":"status-publish","4":"format-standard","5":"has-post-thumbnail","7":"category-toulon","8":"tag-actu","9":"tag-actualites","10":"tag-chaunu","11":"tag-climatique","12":"tag-cop30","13":"tag-dessin","14":"tag-eu","15":"tag-europe","16":"tag-fr","17":"tag-france","18":"tag-news","19":"tag-provence-alpes-cote-dazur","20":"tag-rechauffement","21":"tag-republique-francaise","22":"tag-toulon"},"share_on_mastodon":{"url":"https:\/\/pubeurope.com\/@fr\/115564296221103216","error":""},"_links":{"self":[{"href":"https:\/\/www.europesays.com\/fr\/wp-json\/wp\/v2\/posts\/539915","targetHints":{"allow":["GET"]}}],"collection":[{"href":"https:\/\/www.europesays.com\/fr\/wp-json\/wp\/v2\/posts"}],"about":[{"href":"https:\/\/www.europesays.com\/fr\/wp-json\/wp\/v2\/types\/post"}],"author":[{"embeddable":true,"href":"https:\/\/www.europesays.com\/fr\/wp-json\/wp\/v2\/users\/2"}],"replies":[{"embeddable":true,"href":"https:\/\/www.europesays.com\/fr\/wp-json\/wp\/v2\/comments?post=539915"}],"version-history":[{"count":0,"href":"https:\/\/www.europesays.com\/fr\/wp-json\/wp\/v2\/posts\/539915\/revisions"}],"wp:featuredmedia":[{"embeddable":true,"href":"https:\/\/www.europesays.com\/fr\/wp-json\/wp\/v2\/media\/539916"}],"wp:attachment":[{"href":"https:\/\/www.europesays.com\/fr\/wp-json\/wp\/v2\/media?parent=539915"}],"wp:term":[{"taxonomy":"category","embeddable":true,"href":"https:\/\/www.europesays.com\/fr\/wp-json\/wp\/v2\/categories?post=539915"},{"taxonomy":"post_tag","embeddable":true,"href":"https:\/\/www.europesays.com\/fr\/wp-json\/wp\/v2\/tags?post=539915"}],"curies":[{"name":"wp","href":"https:\/\/api.w.org\/{rel}","templated":true}]}}