{"id":539921,"date":"2025-11-17T09:22:13","date_gmt":"2025-11-17T09:22:13","guid":{"rendered":"https:\/\/www.europesays.com\/fr\/539921\/"},"modified":"2025-11-17T09:22:13","modified_gmt":"2025-11-17T09:22:13","slug":"sante-le-chu-de-rouen-rejoint-une-etude-ambitieuse-sur-la-detection-de-lautisme-a-la-naissance","status":"publish","type":"post","link":"https:\/\/www.europesays.com\/fr\/539921\/","title":{"rendered":"Sant\u00e9. Le CHU de Rouen rejoint une \u00e9tude ambitieuse sur la d\u00e9tection de l&rsquo;autisme \u00e0 la naissance"},"content":{"rendered":"<p melodystyle=\"texte\">Le projet se nomme Pelargos et est men\u00e9 par l&rsquo;entreprise de biotechnologie B&amp;A Biomedical conjointement avec six centres hospitaliers fran\u00e7ais, dont le CHU de Rouen. Il s&rsquo;agit d&rsquo;am\u00e9liorer le d\u00e9pistage pr\u00e9coce de l&rsquo;autisme en s&rsquo;appuyant sur \u00ab\u00a0l&rsquo;analyse des donn\u00e9es recueillies d\u00e8s la maternit\u00e9\u00a0\u00bb, explique le laboratoire. Encore aujourd&rsquo;hui, le diagnostic du trouble du spectre de l&rsquo;autisme (TSA) est tr\u00e8s tardif chez l&rsquo;enfant (en moyenne entre 4 et 6 ans), ce qui a pour cons\u00e9quence de retarder l&rsquo;accompagnement adapt\u00e9 des enfants notamment en termes de scolarit\u00e9. D\u00e9velopp\u00e9 en premier lieu au CHU de Limoges, le projet Pelargos s&rsquo;appuie notamment sur l&rsquo;intelligence artificielle et a \u00e9t\u00e9 r\u00e9compens\u00e9 par le troph\u00e9e de l&rsquo;e-sant\u00e9 en 2022. Apr\u00e8s Limoges donc, cinq autres \u00e9tablissements de sant\u00e9, dont le CHU de Rouen, rejoignent le dispositif de recherche. L&rsquo;objectif est de \u00ab\u00a0valider le mod\u00e8le \u00e0 grande \u00e9chelle\u00a0\u00bb en collectant les donn\u00e9es de 2\u00a0000 enfants (1\u00a0000 TSA et 1\u00a0000 neurotypiques) \u00ab\u00a0pour affiner l&rsquo;algorithme et atteindre un taux de d\u00e9tection de 60 \u00e0 70%\u00a0\u00bb.<\/p>\n<p melodystyle=\"textnoprint\"><b>\u2022 A lire aussi.<\/b>\u00a0<a href=\"https:\/\/www.tendanceouest.com\/actualite-419110-le-havre-une-bd-pour-mieux-comprendre-l-autisme-et-ses-mecanismes\" target=\"_blank\" rel=\"nofollow noopener\">Le\u00a0Havre. Une BD pour mieux comprendre l&rsquo;autisme et ses m\u00e9canisme<\/a>s<\/p>\n<p melodystyle=\"textnoprint\">On estime \u00e0 pr\u00e8s de 700\u00a0000\u00a0le nombre de personnes vivant avec un trouble du spectre de l&rsquo;autisme en France.<\/p>\n","protected":false},"excerpt":{"rendered":"Le projet se nomme Pelargos et est men\u00e9 par l&rsquo;entreprise de biotechnologie B&amp;A Biomedical conjointement avec six centres&hellip;\n","protected":false},"author":2,"featured_media":539922,"comment_status":"","ping_status":"","sticky":false,"template":"","format":"standard","meta":{"footnotes":""},"categories":[9587],"tags":[1111,11,1777,674,1011,27,12,5161,25,9590],"class_list":{"0":"post-539921","1":"post","2":"type-post","3":"status-publish","4":"format-standard","5":"has-post-thumbnail","7":"category-rouen","8":"tag-actu","9":"tag-actualites","10":"tag-eu","11":"tag-europe","12":"tag-fr","13":"tag-france","14":"tag-news","15":"tag-normandie","16":"tag-republique-francaise","17":"tag-rouen"},"share_on_mastodon":{"url":"https:\/\/pubeurope.com\/@fr\/115564310905548207","error":""},"_links":{"self":[{"href":"https:\/\/www.europesays.com\/fr\/wp-json\/wp\/v2\/posts\/539921","targetHints":{"allow":["GET"]}}],"collection":[{"href":"https:\/\/www.europesays.com\/fr\/wp-json\/wp\/v2\/posts"}],"about":[{"href":"https:\/\/www.europesays.com\/fr\/wp-json\/wp\/v2\/types\/post"}],"author":[{"embeddable":true,"href":"https:\/\/www.europesays.com\/fr\/wp-json\/wp\/v2\/users\/2"}],"replies":[{"embeddable":true,"href":"https:\/\/www.europesays.com\/fr\/wp-json\/wp\/v2\/comments?post=539921"}],"version-history":[{"count":0,"href":"https:\/\/www.europesays.com\/fr\/wp-json\/wp\/v2\/posts\/539921\/revisions"}],"wp:featuredmedia":[{"embeddable":true,"href":"https:\/\/www.europesays.com\/fr\/wp-json\/wp\/v2\/media\/539922"}],"wp:attachment":[{"href":"https:\/\/www.europesays.com\/fr\/wp-json\/wp\/v2\/media?parent=539921"}],"wp:term":[{"taxonomy":"category","embeddable":true,"href":"https:\/\/www.europesays.com\/fr\/wp-json\/wp\/v2\/categories?post=539921"},{"taxonomy":"post_tag","embeddable":true,"href":"https:\/\/www.europesays.com\/fr\/wp-json\/wp\/v2\/tags?post=539921"}],"curies":[{"name":"wp","href":"https:\/\/api.w.org\/{rel}","templated":true}]}}