{"id":539937,"date":"2025-11-17T09:41:26","date_gmt":"2025-11-17T09:41:26","guid":{"rendered":"https:\/\/www.europesays.com\/fr\/539937\/"},"modified":"2025-11-17T09:41:26","modified_gmt":"2025-11-17T09:41:26","slug":"un-festival-de-la-diversite-dans-les-quartiers-de-saint-herblain-les-hivernales-commencent","status":"publish","type":"post","link":"https:\/\/www.europesays.com\/fr\/539937\/","title":{"rendered":"Un festival de la diversit\u00e9 dans les quartiers de Saint-Herblain\u00a0: Les Hivernales commencent"},"content":{"rendered":"<p>Le public se presse, le rideau se l\u00e8ve, les projecteurs s\u2019allument\u2026 le festival Les Hivernales est de retour dans les quatre grands quartiers de la ville. <a href=\"https:\/\/nantes.maville.com\/actu\/ouest-france.fr\/pays-de-la-loire\/saint-herblain-44800\/les-hivernales-de-saint-herblain-sur-les-pas-du-colibri-7bbfbf1a-9c2b-11ef-ab03-7ebf2cc7148e\" target=\"_blank\" rel=\"noopener\">\u00a0Les Hivernales<\/a>, ce sont 36\u00a0manifestations en proximit\u00e9 des habitants de chaque quartier\u00a0, explique Antoine Desjonqu\u00e8res, un des b\u00e9n\u00e9voles, en pr\u00e9sentant la 34e \u00e9dition du festival. \u00a0Cette ann\u00e9e Les Hivernales se d\u00e9clinent sur le th\u00e8me des enjeux\u00a0: enjeux du spectacle vivant, en jeu des artistes qui jouent, en Je des spectateurs qui participent.\u00a0 L\u2019enjeu de ce festival, c\u2019est bien de traduire, avec le spectacle vivant, les tensions du monde en gestes, en rires, en musique et en \u00e9motions.<\/p>\n<p><strong>Un festival de la diversit\u00e9<\/strong><\/p>\n<p>Le festival donne \u00e0 voir une grande diversit\u00e9 de spectacles\u00a0: th\u00e9\u00e2tres, chansons, contes, danses, concerts et une soir\u00e9e interculturelle. Les Hivernales s\u2019adressent ainsi \u00e0 tous les publics, enfants, jeunes, adultes et seniors, avec des propositions accessibles. C\u2019est aussi la diversit\u00e9 des lieux qui accueillent les artistes, les centres socioculturels, les m\u00e9diath\u00e8ques, la MJC La Bouvardi\u00e8re, la Maison des Arts, le cin\u00e9ma Lut\u00e9tia\u2026 et m\u00eame des particuliers. \u00a0Quand j\u2019accueille chez moi des artistes du festival, je joue le JE\u00a0, affirme une b\u00e9n\u00e9vole. Et ils sont plus de 30\u00a0b\u00e9n\u00e9voles charg\u00e9s de l\u2019organisation des Hivernales, engag\u00e9s dans le choix des spectacles, l\u2019accueil des artistes, la mise en place des salles et les \u00e9changes avec les spectateurs, \u00e0 l\u2019issue des repr\u00e9sentations.<\/p>\n<p>L\u2019ouverture des Hivernales se fera au centre socioculturel Sillon de Bretagne, le vendredi 21\u00a0novembre \u00e0 20\u00a0h\u00a030, avec un concert \u00e9lectrique sur v\u00e9lo acrobatique. Sans jamais toucher terre, deux personnages tentent de trouver l\u2019\u00e9tat de gr\u00e2ce, en s\u2019accordant avec humour et tendresse. Un spectacle \u00e9lectrique de la Cie Bikes &amp; Rabbits, entre Balavoine, Sinatra et Dalida pour ouvrir la quinzaine du festival. La soir\u00e9e de cl\u00f4ture se d\u00e9roulera \u00e0 l\u2019Espace 126, le centre socioculturel du Bourg, avec un concert afro-pop des six musiciens nantais du groupe Solar Project. Entre ces deux dates, le public est invit\u00e9 \u00e0 un grand nombre de spectacles, entre autres un concert en breton (CSC Sillon), du th\u00e9\u00e2tre sans paroles (Salle Camille Desmoulins), du cirque burlesque (Salle Pablo Neruda) ou encore des chansons, des po\u00e9sies et des marionnettes chez l\u2019habitant (Quartier centre).<\/p>\n<p><strong>Du vendredi 21\u00a0novembre au dimanche 7\u00a0d\u00e9cembre,<\/strong> les r\u00e9servations se font par t\u00e9l\u00e9phone ou par mail aupr\u00e8s de chaque structure accueillant un spectacle. La billetterie est aussi ouverte 30\u00a0minutes avant chaque repr\u00e9sentation. De nombreux spectacles sont pr\u00e9sent\u00e9s avec une participation \u00e0 la chaussette o\u00f9 chacun est libre de donner selon ses moyens dans une petite chaussette distribu\u00e9e \u00e0 l\u2019entr\u00e9e. Certains spectacles demandent une participation aux frais. Voir le programme distribu\u00e9 \u00e0 3\u00a0500\u00a0exemplaires dans les centres socioculturels et les diff\u00e9rents lieux de la ville et sur <a href=\"https:\/\/www.saint-herblain.fr\/evenements\/les-hivernales\/\" target=\"_blank\" rel=\"noopener\">www.saint-herblain.fr\/evenements\/les-hivernales\/.<\/a><\/p>\n<p>\u00a0<\/p>\n","protected":false},"excerpt":{"rendered":"Le public se presse, le rideau se l\u00e8ve, les projecteurs s\u2019allument\u2026 le festival Les Hivernales est de retour&hellip;\n","protected":false},"author":2,"featured_media":539938,"comment_status":"","ping_status":"","sticky":false,"template":"","format":"standard","meta":{"footnotes":""},"categories":[2818],"tags":[1111,11,40315,17963,1777,674,849,1011,27,65839,766,12,2636,5116,25,4286,6949],"class_list":{"0":"post-539937","1":"post","2":"type-post","3":"status-publish","4":"format-standard","5":"has-post-thumbnail","7":"category-nantes","8":"tag-actu","9":"tag-actualites","10":"tag-commencent","11":"tag-diversite","12":"tag-eu","13":"tag-europe","14":"tag-festival","15":"tag-fr","16":"tag-france","17":"tag-hivernales","18":"tag-nantes","19":"tag-news","20":"tag-pays-de-la-loire","21":"tag-quartiers","22":"tag-republique-francaise","23":"tag-saint-herblain","24":"tag-vendredi"},"share_on_mastodon":{"url":"https:\/\/pubeurope.com\/@fr\/115564385747625422","error":""},"_links":{"self":[{"href":"https:\/\/www.europesays.com\/fr\/wp-json\/wp\/v2\/posts\/539937","targetHints":{"allow":["GET"]}}],"collection":[{"href":"https:\/\/www.europesays.com\/fr\/wp-json\/wp\/v2\/posts"}],"about":[{"href":"https:\/\/www.europesays.com\/fr\/wp-json\/wp\/v2\/types\/post"}],"author":[{"embeddable":true,"href":"https:\/\/www.europesays.com\/fr\/wp-json\/wp\/v2\/users\/2"}],"replies":[{"embeddable":true,"href":"https:\/\/www.europesays.com\/fr\/wp-json\/wp\/v2\/comments?post=539937"}],"version-history":[{"count":0,"href":"https:\/\/www.europesays.com\/fr\/wp-json\/wp\/v2\/posts\/539937\/revisions"}],"wp:featuredmedia":[{"embeddable":true,"href":"https:\/\/www.europesays.com\/fr\/wp-json\/wp\/v2\/media\/539938"}],"wp:attachment":[{"href":"https:\/\/www.europesays.com\/fr\/wp-json\/wp\/v2\/media?parent=539937"}],"wp:term":[{"taxonomy":"category","embeddable":true,"href":"https:\/\/www.europesays.com\/fr\/wp-json\/wp\/v2\/categories?post=539937"},{"taxonomy":"post_tag","embeddable":true,"href":"https:\/\/www.europesays.com\/fr\/wp-json\/wp\/v2\/tags?post=539937"}],"curies":[{"name":"wp","href":"https:\/\/api.w.org\/{rel}","templated":true}]}}