{"id":539951,"date":"2025-11-17T09:49:27","date_gmt":"2025-11-17T09:49:27","guid":{"rendered":"https:\/\/www.europesays.com\/fr\/539951\/"},"modified":"2025-11-17T09:49:27","modified_gmt":"2025-11-17T09:49:27","slug":"le-conseil-municipal-du-21-novembre-actualites","status":"publish","type":"post","link":"https:\/\/www.europesays.com\/fr\/539951\/","title":{"rendered":"Le conseil municipal du 21 novembre \/ Actualit\u00e9s"},"content":{"rendered":"<p>Le conseil municipal se r\u00e9unira le vendredi 21 novembre 2025, dans le Grand Carr\u00e9 de l\u2019h\u00f4tel de ville, \u00e0 partir de 16h.<\/p>\n<p>            <img loading=\"lazy\" decoding=\"async\" src=\"\/var\/www\/storage\/images\/mediatheque\/mairie-de-lille\/actualites\/images\/2025\/mars-2025\/cm\/3713937-1-fre-FR\/cm_news_image_top.jpg\" width=\"779\" height=\"518\" alt=\"\"\/><\/p>\n<p><strong>L&rsquo;ordre du jour est disponible ci-dessous.<\/strong><\/p>\n<p><strong>Pour assister au conseil municipal en direct, rendez-vous sur cette page ou sur le <a href=\"https:\/\/www.facebook.com\/LilleFrance\" target=\"_self\" class=\"lien_interne\" rel=\"noopener\">Facebook de la Ville de Lille<\/a>.\u00a0<\/strong><\/p>\n<p>Les conseils municipaux sont sous-titr\u00e9s en direct gr\u00e2ce au syst\u00e8me de v\u00e9lotypie.<\/p>\n<p>\nIl s\u2019agit\u00a0d&rsquo;un syst\u00e8me de saisie de texte gr\u00e2ce \u00e0 l\u2019utilisation d\u2019un clavier un peu particulier. Il permet de taper \u00e0 la vitesse de la parole et donc de retranscrire par \u00e9crit de mani\u00e8re quasi instantan\u00e9e un discours oral.<br \/>La v\u00e9lotypie est rendue possible gr\u00e2ce \u00e0 l\u2019intervention d\u2019un v\u00e9lotypiste, professionnel dont les comp\u00e9tences vont bien au-del\u00e0 de la ma\u00eetrise d\u2019un clavier.<\/p>\n<p>\n<strong>Accessibilit\u00e9 aux personnes sourdes<\/strong><br \/>Il y a environ 6 millions de personnes sourdes en France et seulement, approximativement 500 000 personnes utilisant la Langue des Signes Fran\u00e7aise (LSF).<br \/>Une grande majorit\u00e9 a besoin de s\u2019appuyer sur l\u2019\u00e9crit pour suivre les discours, m\u00eame s\u2019ils ont des restes auditifs. Cette transcription en temps r\u00e9el est donc compl\u00e9mentaire \u00e0 l\u2019interpr\u00e9tation en LSF, toutes deux d\u00e9sormais op\u00e9rationnelles \u00e0 chaque conseil municipal.<\/p>\n<p><strong>Pour rappel :<\/strong><\/p>\n<p>Le conseil municipal se r\u00e9unit r\u00e9guli\u00e8rement suivant un ordre du jour pr\u00e9cis. Apr\u00e8s les d\u00e9bats, les d\u00e9cisions sont vot\u00e9es. Le conseil municipal vote ainsi le budget, accorde les cr\u00e9dits, approuve les taux d&rsquo;imposition locale, le plan d&rsquo;occupation des sols et les sch\u00e9mas d&rsquo;am\u00e9nagement. Il dote \u00e9galement les services de moyens de fonctionnement et accorde les subventions aux associations qui travaillent avec la Ville.<\/p>\n<p>            Lire aussi<\/p>\n<p>            <img loading=\"lazy\" decoding=\"async\" src=\"\/var\/www\/storage\/images\/mediatheque\/mairie-de-lille\/actualites\/images\/decembre-2019\/beffroi\/2672874-1-fre-FR\/beffroi_crossreading.jpg\" width=\"95\" height=\"95\" alt=\"beffroi\"\/>           <\/p>\n<p>        <a href=\"https:\/\/www.lille.fr\/Votre-Mairie\/Le-conseil-municipal\/Les-conseillers-municipaux\" class=\"actuTitle\" title=\"Les conseillers municipaux\" target=\"_blank\" rel=\"noopener\">Les conseillers municipaux<\/a>Administration<\/p>\n<p>Arnaud Deslandes a \u00e9t\u00e9 \u00e9lu maire de Lille lors du conseil municipal extraordinaire du 21 mars 2025. Retrouverez ici\u00a0les noms et d\u00e9l\u00e9gations des co&#8230;<\/p>\n<p>        <a href=\"https:\/\/www.lille.fr\/Votre-Mairie\/Le-conseil-municipal\/Les-conseillers-municipaux\" class=\"voirActus\" target=\"_blank\" rel=\"noopener\">Voir<\/a><\/p>\n<p>            <img loading=\"lazy\" decoding=\"async\" src=\"\/var\/www\/storage\/images\/mediatheque\/mairie-de-lille\/n1\/participer\/voter\/elections-locales\/81127-1-fre-FR\/Elections-locales_crossreading.jpg\" width=\"95\" height=\"95\" alt=\"\"\/>           <\/p>\n<p>        <a href=\"https:\/\/www.lille.fr\/Participer\/Participer-aux-elections\/Les-elections-municipales\" class=\"actuTitle\" title=\"Les \u00e9lections municipales\" target=\"_blank\" rel=\"noopener\">Les \u00e9lections municipales<\/a><\/p>\n<p>Si vous avez 18 ans, et si vous r\u00e9sidez \u00e0 Lille, vous \u00eates appel\u00e9 tous les 6 ans \u00e0 \u00e9lire vos conseillers municipaux au suffrage universel direct&#8230;.<\/p>\n<p>        <a href=\"https:\/\/www.lille.fr\/Participer\/Participer-aux-elections\/Les-elections-municipales\" class=\"voirActus\" target=\"_blank\" rel=\"noopener\">Voir<\/a><\/p>\n<p>            <img loading=\"lazy\" decoding=\"async\" src=\"\/var\/www\/storage\/images\/mediatheque\/mairie-de-lille\/n1\/participer\/assister-au-conseil-municipal\/s-inscrire-sur-les-listes-electorales\/37705-1-fre-FR\/S-inscrire-sur-les-listes-electorales_crossreading.jpg\" width=\"95\" height=\"95\" alt=\"\"\/>           <\/p>\n","protected":false},"excerpt":{"rendered":"Le conseil municipal se r\u00e9unira le vendredi 21 novembre 2025, dans le Grand Carr\u00e9 de l\u2019h\u00f4tel de ville,&hellip;\n","protected":false},"author":2,"featured_media":539952,"comment_status":"","ping_status":"","sticky":false,"template":"","format":"standard","meta":{"footnotes":""},"categories":[2815],"tags":[1111,11,4763,1777,674,1011,27,811,1307,5415,12,25],"class_list":{"0":"post-539951","1":"post","2":"type-post","3":"status-publish","4":"format-standard","5":"has-post-thumbnail","7":"category-lille","8":"tag-actu","9":"tag-actualites","10":"tag-agenda","11":"tag-eu","12":"tag-europe","13":"tag-fr","14":"tag-france","15":"tag-hauts-de-france","16":"tag-lille","17":"tag-mairie","18":"tag-news","19":"tag-republique-francaise"},"share_on_mastodon":{"url":"https:\/\/pubeurope.com\/@fr\/115564418060623019","error":""},"_links":{"self":[{"href":"https:\/\/www.europesays.com\/fr\/wp-json\/wp\/v2\/posts\/539951","targetHints":{"allow":["GET"]}}],"collection":[{"href":"https:\/\/www.europesays.com\/fr\/wp-json\/wp\/v2\/posts"}],"about":[{"href":"https:\/\/www.europesays.com\/fr\/wp-json\/wp\/v2\/types\/post"}],"author":[{"embeddable":true,"href":"https:\/\/www.europesays.com\/fr\/wp-json\/wp\/v2\/users\/2"}],"replies":[{"embeddable":true,"href":"https:\/\/www.europesays.com\/fr\/wp-json\/wp\/v2\/comments?post=539951"}],"version-history":[{"count":0,"href":"https:\/\/www.europesays.com\/fr\/wp-json\/wp\/v2\/posts\/539951\/revisions"}],"wp:featuredmedia":[{"embeddable":true,"href":"https:\/\/www.europesays.com\/fr\/wp-json\/wp\/v2\/media\/539952"}],"wp:attachment":[{"href":"https:\/\/www.europesays.com\/fr\/wp-json\/wp\/v2\/media?parent=539951"}],"wp:term":[{"taxonomy":"category","embeddable":true,"href":"https:\/\/www.europesays.com\/fr\/wp-json\/wp\/v2\/categories?post=539951"},{"taxonomy":"post_tag","embeddable":true,"href":"https:\/\/www.europesays.com\/fr\/wp-json\/wp\/v2\/tags?post=539951"}],"curies":[{"name":"wp","href":"https:\/\/api.w.org\/{rel}","templated":true}]}}