{"id":539955,"date":"2025-11-17T09:51:13","date_gmt":"2025-11-17T09:51:13","guid":{"rendered":"https:\/\/www.europesays.com\/fr\/539955\/"},"modified":"2025-11-17T09:51:13","modified_gmt":"2025-11-17T09:51:13","slug":"la-saint-leon-une-tradition-italienne-qui-fait-battre-le-coeur-du-quartier","status":"publish","type":"post","link":"https:\/\/www.europesays.com\/fr\/539955\/","title":{"rendered":"la Saint-L\u00e9on, une tradition italienne qui fait battre le c\u0153ur du quartier"},"content":{"rendered":"<p>La tradition remonte au lendemain de la Premi\u00e8re Guerre mondiale. Les premiers \u00e9migr\u00e9s italiens, majoritairement des p\u00eacheurs, quittent Sperlonga pour Marseille, attir\u00e9s par l&rsquo;activit\u00e9 du port. Install\u00e9s dans le <a href=\"https:\/\/www.laprovence.com\/article\/region\/17631168570363\/le-panier-a-la-decouverte-de-l-histoire-vraie-d-un-faux-quartier-de-marseille\" target=\"_blank\" rel=\"noopener\">quartier Saint-Jean, au Panier<\/a>, les familles Galli, Petronio, Fusco, Ciccarelli, Fragione et d&rsquo;autres y recr\u00e9ent une communaut\u00e9 soud\u00e9e autour de la foi et des traditions. Rapidement, l&rsquo;id\u00e9e s&rsquo;impose : <strong>c\u00e9l\u00e9brer saint L\u00e9on, le patron de leur village d&rsquo;origine<\/strong>, dans leur ville d&rsquo;adoption.<\/p>\n<p>\u00ab\u00a0Nos parents ont voulu continuer ce qu&rsquo;ils faisaient \u00e0 Sperlonga\u00a0\u00bb, explique Marie, qui coordonne aujourd&rsquo;hui la f\u00eate avec son amie Jos\u00e9phine. \u00ab\u00a0Mon p\u00e8re, Benedetto Galli, et Luigi Petronio, qui organisait d\u00e9j\u00e0 la f\u00eate en Italie, ont d\u00e9cid\u00e9 de la mettre en place ici \u00e0 Marseille.\u00a0\u00bb Depuis, la Saint-L\u00e9on se transmet au sein des familles. \u00ab\u00a0La premi\u00e8re g\u00e9n\u00e9ration n&rsquo;est plus l\u00e0, mais nous, les enfants et petits-enfants, continuons la tradition. M\u00eame nos arri\u00e8re-petits-enfants commencent \u00e0 y participer.\u00a0\u00bb<\/p>\n<p>Le rendez-vous \u00e9tait fix\u00e9 cette ann\u00e9e le 16 novembre sur l&rsquo;esplanade de l&rsquo;\u00e9glise Saint-Laurent. En raison d&rsquo;une m\u00e9t\u00e9o peu cl\u00e9mente, <strong>la procession jusqu&rsquo;\u00e0 la cath\u00e9drale de la Major <\/strong>avec la statue du saint patron sur les \u00e9paules n&rsquo;a pas pu avoir lieu, mais la b\u00e9n\u00e9diction du port, des bateaux et de Marseille aurait, elle, \u00e9t\u00e9 donn\u00e9e m\u00eame sous le d\u00e9luge.<\/p>\n<p>Alors que le<a href=\"https:\/\/www.laprovence.com\/article\/societe\/3230059847961314\/le-pape-leon-xiv-beatifie-11-pretres-tues-par-les-nazis-et-la-dictature-communiste\" target=\"_blank\" rel=\"noopener\"> nouveau Pape se nomme L\u00e9on XIV<\/a>, le p\u00e8re Didier Rocca avait une accroche d&rsquo;actualit\u00e9 toute trouv\u00e9e. \u00ab\u00a0C&rsquo;est l&rsquo;occasion de raviver la figure de saint L\u00e9on, courageux pasteur romain qui fut pape au Ve si\u00e8cle\u00a0\u00bb, a commenc\u00e9 le pr\u00eatre de Saint-Laurent et des Accoules. \u00ab\u00a0Il a d\u00e9sarm\u00e9 Attila avec sa foi\u00a0\u00bb, continue-t-il, y voyant un message de paix.<\/p>\n<p>\u00ab\u00a0Cultiver une identit\u00e9, sans \u00eatre identitaire\u00a0\u00bb<\/p>\n<p>La messe s&rsquo;est d\u00e9roul\u00e9e avec l&rsquo;aide des membres de <strong>la confr\u00e9rie de Notre-Dame-de-la-Major<\/strong>, n\u00e9e il y a 3 ans et sous le regard des Templiers, issus de l&rsquo;ordre des Templiers d&rsquo;aujourd&rsquo;hui (reconnu par le Vatican), qui \u00e9taient en charge de veiller sur les reliques et les fid\u00e8les. Parmi les fid\u00e8les, quelques figures bien connues de la communaut\u00e9 comme l&rsquo;ex-footballeur\/entra\u00eeneur L\u00e9on Galli.\u00a0<br \/>\u00ab\u00a0Je suis tr\u00e8s \u00e9tonn\u00e9e de voir perdurer cette tradition, la transmission s&rsquo;op\u00e8re et c&rsquo;est merveilleux. Des jeunes reviennent\u00a0\u00bb, se r\u00e9jouit le p\u00e8re Roca. Et ce qui pla\u00eet aux jeunes, c&rsquo;est qu'\u00a0\u00bbon cultive une identit\u00e9, sans \u00eatre identitaire. On est ouvert \u00e0 tous\u00a0\u00bb.<\/p>\n<p>Au fil des d\u00e9cennies, la communaut\u00e9 s&rsquo;est dispers\u00e9e, certaines familles quittant le centre-ville apr\u00e8s la destruction de quartiers historiques. Mais pour cette c\u00e9l\u00e9bration, beaucoup reprennent le chemin des vieux quartiers pour honorer leur saint et leurs racines. \u00ab\u00a0Beaucoup de monde revient pour la f\u00eate. C&rsquo;est un h\u00e9ritage que nous tenons de nos parents. Nous sommes des familles catholiques et nous voulons continuer cette tradition\u00a0\u00bb, souligne Marie, habitante du Panier. \u00ab\u00a0Nous sommes rest\u00e9s un village\u00a0\u00bb, assure Marc Franceschi, de la confr\u00e9rie de la Major et petit-fils d&rsquo;une Sperlongana. \u00ab\u00a0Ma grand-m\u00e8re m&#8217;emmenait \u00e0 la Saint-L\u00e9on quand j&rsquo;\u00e9tais petit, \u00e7a fait partie de ma culture. Mes grands-parents sont arriv\u00e9s en 1932 \u00e0 Marseille, ils ont tout perdu en 1943 avec la destruction du quartier par les Allemands, mais ont fini par y revenir en 1947.\u00a0\u00bb<\/p>\n<p>Aujourd&rsquo;hui, la f\u00eate d\u00e9passe le cercle des seuls descendants de Sperlonga et s&rsquo;inscrit dans la vie paroissiale du quartier. \u00ab\u00a0Les Sperlongani qui sont rest\u00e9s dans le quartier sont tr\u00e8s contents que l&rsquo;on continue de c\u00e9l\u00e9brer saint L\u00e9on chez nous\u00a0\u00bb, conclut Marie.<\/p>\n<p>Chaque automne, <strong>la Saint-L\u00e9on fait revivre un peu de la M\u00e9diterran\u00e9e italienne dans les ruelles du Panier<\/strong>, fid\u00e8le \u00e0 la m\u00e9moire des p\u00eacheurs venus jeter l&rsquo;ancre \u00e0 Marseille.<\/p>\n<p>Retrouvez notre magazine consacr\u00e9 \u00e0 la communaut\u00e9 italienne de Provence mi-d\u00e9cembre chez votre marchand de journaux et sur LaProvence.com.<\/p>\n","protected":false},"excerpt":{"rendered":"La tradition remonte au lendemain de la Premi\u00e8re Guerre mondiale. Les premiers \u00e9migr\u00e9s italiens, majoritairement des p\u00eacheurs, quittent&hellip;\n","protected":false},"author":2,"featured_media":539956,"comment_status":"","ping_status":"","sticky":false,"template":"","format":"standard","meta":{"footnotes":""},"categories":[2814],"tags":[17,1111,11,43838,1777,674,21,1011,27,52007,884,12,882,3583,25,65840,104,20348,96],"class_list":{"0":"post-539955","1":"post","2":"type-post","3":"status-publish","4":"format-standard","5":"has-post-thumbnail","7":"category-marseille","8":"tag-17","9":"tag-actu","10":"tag-actualites","11":"tag-battre","12":"tag-eu","13":"tag-europe","14":"tag-fait","15":"tag-fr","16":"tag-france","17":"tag-italienne","18":"tag-marseille","19":"tag-news","20":"tag-provence-alpes-cote-dazur","21":"tag-qui","22":"tag-republique-francaise","23":"tag-saint-leon","24":"tag-societe","25":"tag-tradition","26":"tag-une"},"share_on_mastodon":{"url":"https:\/\/pubeurope.com\/@fr\/115564425103694676","error":""},"_links":{"self":[{"href":"https:\/\/www.europesays.com\/fr\/wp-json\/wp\/v2\/posts\/539955","targetHints":{"allow":["GET"]}}],"collection":[{"href":"https:\/\/www.europesays.com\/fr\/wp-json\/wp\/v2\/posts"}],"about":[{"href":"https:\/\/www.europesays.com\/fr\/wp-json\/wp\/v2\/types\/post"}],"author":[{"embeddable":true,"href":"https:\/\/www.europesays.com\/fr\/wp-json\/wp\/v2\/users\/2"}],"replies":[{"embeddable":true,"href":"https:\/\/www.europesays.com\/fr\/wp-json\/wp\/v2\/comments?post=539955"}],"version-history":[{"count":0,"href":"https:\/\/www.europesays.com\/fr\/wp-json\/wp\/v2\/posts\/539955\/revisions"}],"wp:featuredmedia":[{"embeddable":true,"href":"https:\/\/www.europesays.com\/fr\/wp-json\/wp\/v2\/media\/539956"}],"wp:attachment":[{"href":"https:\/\/www.europesays.com\/fr\/wp-json\/wp\/v2\/media?parent=539955"}],"wp:term":[{"taxonomy":"category","embeddable":true,"href":"https:\/\/www.europesays.com\/fr\/wp-json\/wp\/v2\/categories?post=539955"},{"taxonomy":"post_tag","embeddable":true,"href":"https:\/\/www.europesays.com\/fr\/wp-json\/wp\/v2\/tags?post=539955"}],"curies":[{"name":"wp","href":"https:\/\/api.w.org\/{rel}","templated":true}]}}