{"id":539957,"date":"2025-11-17T09:52:15","date_gmt":"2025-11-17T09:52:15","guid":{"rendered":"https:\/\/www.europesays.com\/fr\/539957\/"},"modified":"2025-11-17T09:52:15","modified_gmt":"2025-11-17T09:52:15","slug":"rosieres-les-ce-et-cm-de-lecole-germaine-tillion-en-voyage-a-lyon","status":"publish","type":"post","link":"https:\/\/www.europesays.com\/fr\/539957\/","title":{"rendered":"Rosi\u00e8res : les CE et CM de l\u2019\u00e9cole Germaine-Tillion en voyage \u00e0 Lyon"},"content":{"rendered":"<p>\t\t\t\t\t\t\t\t\t\t\t\t\t\t\t\t\t\t\t\t\t\t\t\t\t\t\t\t\t\t\t\t\t\t\t\t\t\t\t\t\t\t\t\t\t\t\t\t\t\t\t\t\t\t\t\t\t\t\t\t\t\t\t<a href=\"https:\/\/www.lacommere43.fr\/component\/banners\/click\/1701.html\" target=\"_blank\" title=\"Durand Charles Laradev carr\u00e9\" rel=\"noopener\"><br \/>\n\t\t\t\t\t\t\t<img decoding=\"async\" loading=\"lazy\" src=\"https:\/\/www.europesays.com\/fr\/wp-content\/uploads\/2025\/05\/05264e5f-f9b0-4af5-8f46-d08bf3dcc47e2.jpg\" alt=\"Durand Charles Laradev carr\u00e9\"\/><br \/>\n\t\t\t\t\t\t<\/a><\/p>\n<p><strong>Ce mercredi 12 novembre, les \u00e9l\u00e8ves de CE1, CE2, CM1, CM2 de l\u2019\u00e9cole publique de Sainte-Sigol\u00e8ne, accompagn\u00e9s de leurs enseignantes, ont pris le d\u00e9part pour d\u00e9couvrir pendant trois jours la capitale r\u00e9gionale.<\/strong><\/p>\n<p>Le fil conducteur de l\u2019\u00e9cole \u00e9tant cette ann\u00e9e \u00ab le voyage dans le temps \u00bb, l\u2019\u00e9quipe p\u00e9dagogique a souhait\u00e9 organiser une classe de d\u00e9couverte \u00e0 vis\u00e9e culturelle et historique. Au programme de ce s\u00e9jour lyonnais : visite du Mus\u00e9e des Confluences, de la prison de Montluc, du Vieux Lyon (traboules, cath\u00e9drale Saint-Jean), du th\u00e9\u00e2tre antique et de son mus\u00e9e.<\/p>\n<p>Les petits Rosi\u00e9rois ont \u00e9galement d\u00e9couvert diff\u00e9rents aspects de la vie de r\u00e9sistants \u00e0 travers un jeu de piste dans la ville.<\/p>\n<p>Ces trois jours \u00e0 Lyon \u00e9taient l\u2019occasion pour les \u00e9l\u00e8ves de mettre en lien toutes les connaissances historiques \u00e9tudi\u00e9es en classe en amont, et de les illustrer gr\u00e2ce \u00e0 des monuments t\u00e9moins de ces \u00e9v\u00e8nements.\u00a0<\/p>\n","protected":false},"excerpt":{"rendered":"Ce mercredi 12 novembre, les \u00e9l\u00e8ves de CE1, CE2, CM1, CM2 de l\u2019\u00e9cole publique de Sainte-Sigol\u00e8ne, accompagn\u00e9s de&hellip;\n","protected":false},"author":2,"featured_media":539958,"comment_status":"","ping_status":"","sticky":false,"template":"","format":"standard","meta":{"footnotes":""},"categories":[1889],"tags":[1111,2281,11,2430,1777,674,2282,1011,27,2280,2284,2285,2283,2428,12,25],"class_list":{"0":"post-539957","1":"post","2":"type-post","3":"status-publish","4":"format-standard","5":"has-post-thumbnail","7":"category-lyon","8":"tag-actu","9":"tag-actualite-43","10":"tag-actualites","11":"tag-auvergne-rhone-alpes","12":"tag-eu","13":"tag-europe","14":"tag-faits-divers-auvergne","15":"tag-fr","16":"tag-france","17":"tag-information-haute-loire","18":"tag-infos-43","19":"tag-journal-haute-loire","20":"tag-la-commere-43","21":"tag-lyon","22":"tag-news","23":"tag-republique-francaise"},"share_on_mastodon":{"url":"https:\/\/pubeurope.com\/@fr\/115564430218507571","error":""},"_links":{"self":[{"href":"https:\/\/www.europesays.com\/fr\/wp-json\/wp\/v2\/posts\/539957","targetHints":{"allow":["GET"]}}],"collection":[{"href":"https:\/\/www.europesays.com\/fr\/wp-json\/wp\/v2\/posts"}],"about":[{"href":"https:\/\/www.europesays.com\/fr\/wp-json\/wp\/v2\/types\/post"}],"author":[{"embeddable":true,"href":"https:\/\/www.europesays.com\/fr\/wp-json\/wp\/v2\/users\/2"}],"replies":[{"embeddable":true,"href":"https:\/\/www.europesays.com\/fr\/wp-json\/wp\/v2\/comments?post=539957"}],"version-history":[{"count":0,"href":"https:\/\/www.europesays.com\/fr\/wp-json\/wp\/v2\/posts\/539957\/revisions"}],"wp:featuredmedia":[{"embeddable":true,"href":"https:\/\/www.europesays.com\/fr\/wp-json\/wp\/v2\/media\/539958"}],"wp:attachment":[{"href":"https:\/\/www.europesays.com\/fr\/wp-json\/wp\/v2\/media?parent=539957"}],"wp:term":[{"taxonomy":"category","embeddable":true,"href":"https:\/\/www.europesays.com\/fr\/wp-json\/wp\/v2\/categories?post=539957"},{"taxonomy":"post_tag","embeddable":true,"href":"https:\/\/www.europesays.com\/fr\/wp-json\/wp\/v2\/tags?post=539957"}],"curies":[{"name":"wp","href":"https:\/\/api.w.org\/{rel}","templated":true}]}}