{"id":539959,"date":"2025-11-17T09:53:14","date_gmt":"2025-11-17T09:53:14","guid":{"rendered":"https:\/\/www.europesays.com\/fr\/539959\/"},"modified":"2025-11-17T09:53:14","modified_gmt":"2025-11-17T09:53:14","slug":"ces-marches-de-noel-a-absolument-faire-cette-annee-a-lyon","status":"publish","type":"post","link":"https:\/\/www.europesays.com\/fr\/539959\/","title":{"rendered":"Ces march\u00e9s de No\u00ebl \u00e0 absolument faire cette ann\u00e9e \u00e0 Lyon"},"content":{"rendered":"<p>Et si on vous disait qu\u2019il est d\u00e9j\u00e0 l\u2019heure de penser aux cadeaux de No\u00ebl ? A un peu plus d\u2019un mois des festivit\u00e9s, les premiers march\u00e9s de No\u00ebl s\u2019installent \u00e0 Lyon. Plusieurs d\u2019entre eux seront \u00e0 d\u00e9couvrir ces prochaines semaines. La r\u00e9daction de Lyon Femmes a s\u00e9lectionn\u00e9 pour vous 10 march\u00e9s \u00e0 absolument noter dans son agenda.<\/p>\n<p><strong>March\u00e9 de No\u00ebl de la place Carnot<\/strong><\/p>\n<p>C\u2019est chaque ann\u00e9e le march\u00e9 incontournable de Lyon. Direction le 2e arrondissement pour le traditionnel march\u00e9 de No\u00ebl de la place Carnot. Il sera d\u2019ailleurs possible de s\u2019y rendre d\u00e8s ce vendredi 21 novembre. De nombreux chalets seront \u00e0 d\u00e9couvrir jusqu\u2019au mercredi 24 d\u00e9cembre avec au bout des bijoux, de la c\u00e9ramique, de la maroquinerie, du textile, de la d\u00e9coration sans oublier les gourmandises des f\u00eates de fin d\u2019ann\u00e9e. Plus d\u2019informations <a href=\"https:\/\/www.lyon.fr\/actualite\/commerce-et-economie\/marche-de-noel-de-lyon\" target=\"_blank\" rel=\"noopener\">ici<\/a><\/p>\n<blockquote class=\"instagram-media\" style=\"background: #FFF; border: 0; border-radius: 3px; box-shadow: 0 0 1px 0 rgba(0,0,0,0.5),0 1px 10px 0 rgba(0,0,0,0.15); margin: 1px; max-width: 540px; min-width: 326px; padding: 0; width: calc(100% - 2px);\" data-instgrm-captioned=\"\" data-instgrm-permalink=\"https:\/\/www.instagram.com\/reel\/DC86VLFoAPX\/?utm_source=ig_embed&amp;utm_campaign=loading\" data-instgrm-version=\"14\"><p>&#13;<br \/>\n&#13;\n<\/p><\/blockquote>\n<p><strong>March\u00e9 de No\u00ebl Zadiga-Cit\u00e9 <\/strong><\/p>\n<p>Un tout nouveau march\u00e9 de No\u00ebl \u00e0 Lyon. C\u2019est dans le quartier de Confluence au 10 rue Vuillerme qu\u2019il sera possible de se rendre ce vendredi 21 et ce samedi 22 novembre. La cr\u00e9ativit\u00e9 et le savoir-faire r\u00e9gional seront mis \u00e0 l\u2019honneur avec une s\u00e9lection de produits entre design, gastronomie, mode, bijoux, art de la table ou encore d\u00e9coration. Plus d\u2019informations <a href=\"https:\/\/zadiga-cite.com\/\" target=\"_blank\" rel=\"noopener\">ici<\/a><\/p>\n<blockquote class=\"instagram-media\" style=\"background: #FFF; border: 0; border-radius: 3px; box-shadow: 0 0 1px 0 rgba(0,0,0,0.5),0 1px 10px 0 rgba(0,0,0,0.15); margin: 1px; max-width: 540px; min-width: 326px; padding: 0; width: calc(100% - 2px);\" data-instgrm-captioned=\"\" data-instgrm-permalink=\"https:\/\/www.instagram.com\/p\/DRCJ1CmlnlW\/?utm_source=ig_embed&amp;utm_campaign=loading\" data-instgrm-version=\"14\"><p>&#13;<br \/>\n&#13;\n<\/p><\/blockquote>\n<p><strong>March\u00e9 Cr\u00e9ateurs des Alpes<\/strong><\/p>\n<p>Dans le 3e arrondissement de Lyon, In-Sted accueillera ces 21, 22 et 23 novembre le march\u00e9 des Cr\u00e9ateurs des Alpes. Vous trouverez forc\u00e9ment des id\u00e9es cadeaux \u00e0 cette occasion comme de la d\u00e9coration, des bijoux, des c\u00e9ramiques, des cosm\u00e9tiques ou encore des gourmandises avec toujours l\u2019objectif de soutenir l\u2019artisanat local. Plus d\u2019informations <a href=\"https:\/\/www.instagram.com\/createursdesalpes_officiel\/\" target=\"_blank\" rel=\"noopener\">ici<\/a><\/p>\n<blockquote class=\"instagram-media\" style=\"background: #FFF; border: 0; border-radius: 3px; box-shadow: 0 0 1px 0 rgba(0,0,0,0.5),0 1px 10px 0 rgba(0,0,0,0.15); margin: 1px; max-width: 540px; min-width: 326px; padding: 0; width: calc(100% - 2px);\" data-instgrm-captioned=\"\" data-instgrm-permalink=\"https:\/\/www.instagram.com\/p\/DPdQBe-DL9K\/?utm_source=ig_embed&amp;utm_campaign=loading\" data-instgrm-version=\"14\"><p>&#13;<br \/>\n&#13;\n<\/p><\/blockquote>\n<p><strong>March\u00e9 de No\u00ebl Dauphin\u00e9 Sans Souci<\/strong><\/p>\n<p>Le 3e arrondissement de Lyon en f\u00eate le samedi 29 novembre. Le Passage Rocher Br\u00e9chan proposera toute la journ\u00e9e un march\u00e9 des Cr\u00e9ateurs Dauphin\u00e9-Sans Souci. Une nouvelle \u00e9dition de l\u2019\u00e9v\u00e8nement qui accueillera une cinquantaine de cr\u00e9ateurs lyonnais \u00e0 l\u2019approche des f\u00eates de No\u00ebl. Ce sera peut-\u00eatre le moment de commencer ses cadeaux\u2026 Plus d\u2019informations <a href=\"https:\/\/www.facebook.com\/events\/2002991373770486\" target=\"_blank\" rel=\"noopener\">ici<\/a><\/p>\n<blockquote class=\"instagram-media\" style=\"background: #FFF; border: 0; border-radius: 3px; box-shadow: 0 0 1px 0 rgba(0,0,0,0.5),0 1px 10px 0 rgba(0,0,0,0.15); margin: 1px; max-width: 540px; min-width: 326px; padding: 0; width: calc(100% - 2px);\" data-instgrm-captioned=\"\" data-instgrm-permalink=\"https:\/\/www.instagram.com\/p\/DQ8xcRpiCFE\/?utm_source=ig_embed&amp;utm_campaign=loading\" data-instgrm-version=\"14\"><p>&#13;<br \/>\n&#13;\n<\/p><\/blockquote>\n<p><strong>Le Xmas Market de Brigand<\/strong><\/p>\n<p>Un march\u00e9 original comme on les aime. Le concept store Brigand consacr\u00e9 aux chiens organise son march\u00e9 de No\u00ebl. Direction le caf\u00e9 Amours Chauds dans le 7e arrondissement le samedi 29 novembre pour faire plaisir \u00e0 son toutou mais pas seulement. A retrouver sur place : des stands des ateliers cr\u00e9atifs, un espace shooting photo, des accessoires\u2026 Entr\u00e9e libre. Plus d\u2019informations <a href=\"https:\/\/brigandshop.fr\/\" target=\"_blank\" rel=\"noopener\">ici<\/a><\/p>\n<blockquote class=\"instagram-media\" style=\"background: #FFF; border: 0; border-radius: 3px; box-shadow: 0 0 1px 0 rgba(0,0,0,0.5),0 1px 10px 0 rgba(0,0,0,0.15); margin: 1px; max-width: 540px; min-width: 326px; padding: 0; width: calc(100% - 2px);\" data-instgrm-captioned=\"\" data-instgrm-permalink=\"https:\/\/www.instagram.com\/reel\/DQ196BjDCOY\/?utm_source=ig_embed&amp;utm_campaign=loading\" data-instgrm-version=\"14\"><p>&#13;<br \/>\n&#13;\n<\/p><\/blockquote>\n<p><strong>March\u00e9 de No\u00ebl \u00e0 La Commune<\/strong><\/p>\n<p>Le Label Fabriqu\u00e9 \u00e0 Lyon sera \u00e0 l\u2019honneur le week-end du 29 et du 30 novembre du c\u00f4t\u00e9 de La Commune dans le 7e arrondissement. Artisans et cr\u00e9ateurs seront r\u00e9unis pour un march\u00e9 de No\u00ebl qui proposera de d\u00e9couvrir le savoir-faire lyonnais. Entr\u00e9e libre. Plus d\u2019informations <a href=\"https:\/\/www.facebook.com\/events\/695201606531930\/?acontext=%7B%22event_action_history%22%3A[%7B%22mechanism%22%3A%22discovery_custom_tab%22%2C%22surface%22%3A%22bookmark%22%7D]%2C%22ref_notif_type%22%3Anull%7D\" target=\"_blank\" rel=\"noopener\">ici<\/a><\/p>\n<blockquote class=\"instagram-media\" style=\"background: #FFF; border: 0; border-radius: 3px; box-shadow: 0 0 1px 0 rgba(0,0,0,0.5),0 1px 10px 0 rgba(0,0,0,0.15); margin: 1px; max-width: 540px; min-width: 326px; padding: 0; width: calc(100% - 2px);\" data-instgrm-captioned=\"\" data-instgrm-permalink=\"https:\/\/www.instagram.com\/p\/DQd4yq5CEaP\/?utm_source=ig_embed&amp;utm_campaign=loading\" data-instgrm-version=\"14\"><p>&#13;<br \/>\n&#13;\n<\/p><\/blockquote>\n<p><strong>Les Mains de No\u00ebl<\/strong><\/p>\n<p>On ne pr\u00e9sente plus le collectif Les Mains \u00e0 l\u2019origine de nombreux march\u00e9s toute l\u2019ann\u00e9e \u00e0 Lyon sur des th\u00e9matiques diff\u00e9rentes et originales. No\u00ebl ne fera pas exception \u00e0 la r\u00e8gle avec un march\u00e9 pr\u00e9vu les 5, 6 et 7 d\u00e9cembre du c\u00f4t\u00e9 d\u2019In-Sted dans le 3e arrondissement. Plus de 50 artisans et cr\u00e9ateurs seront pr\u00e9sents. \u00ab\u00a0Cette ann\u00e9e, on zappe les grandes enseignes\u00a0\u00bb, assure le collectif. Entr\u00e9e libre et gratuite. Plus d\u2019informations <a href=\"https:\/\/www.facebook.com\/events\/1886216355324578\" target=\"_blank\" rel=\"noopener\">ici<\/a><\/p>\n<blockquote class=\"instagram-media\" style=\"background: #FFF; border: 0; border-radius: 3px; box-shadow: 0 0 1px 0 rgba(0,0,0,0.5),0 1px 10px 0 rgba(0,0,0,0.15); margin: 1px; max-width: 540px; min-width: 326px; padding: 0; width: calc(100% - 2px);\" data-instgrm-captioned=\"\" data-instgrm-permalink=\"https:\/\/www.instagram.com\/p\/DQ6YX2cDO3h\/?utm_source=ig_embed&amp;utm_campaign=loading\" data-instgrm-version=\"14\"><p>&#13;<br \/>\n&#13;\n<\/p><\/blockquote>\n<p><strong>March\u00e9 de No\u00ebl des anciens candidats de L\u2019Amour est dans le pr\u00e9<\/strong><\/p>\n<p>Le rendez-vous est donn\u00e9 le week-end du 13 et 14 d\u00e9cembre du c\u00f4t\u00e9 de Jons \u00e0 une trentaine de minutes de Lyon. J\u00e9r\u00f4me et Lucile, couple embl\u00e9matique de la saison 15 de L\u2019Amour est dans le pr\u00e9, accueillent un nouveau march\u00e9 de No\u00ebl avec d\u2019anciens candidats de l\u2019\u00e9mission. Objectif ? D\u00e9fendre les valeurs du terroir. Bocaux de l\u00e9gumes, terrines, fromages ou encore vin seront \u00e0 retrouver sur place. Plus d\u2019informations <a href=\"&lt;blockquote%20class=&quot;instagram-media&quot;%20data-instgrm-captioned%20data-instgrm-permalink=&quot;https:\/\/www.instagram.com\/reel\/DQ2PtOjDLRM\/?utm_source=ig_embed&amp;utm_campaign=loading&quot;%20data-instgrm-version=&quot;14&quot;%20style=&quot;%20background:#FFF;%20border:0;%20border-radius:3px;%20box-shadow:0%200%201px%200%20rgba(0,0,0,0.5),0%201px%2010px%200%20rgba(0,0,0,0.15);%20margin:%201px;%20max-width:540px;%20min-width:326px;%20padding:0;%20width:99.375%;%20width:-webkit-calc(100%%20-%202px);%20width:calc(100%%20-%202px);&quot;&gt;&lt;div%20style=&quot;padding:16px;&quot;&gt;%20&lt;a%20href=&quot;https:\/\/www.instagram.com\/reel\/DQ2PtOjDLRM\/?utm_source=ig_embed&amp;utm_campaign=loading&quot;%20style=&quot;%20background:#FFFFFF;%20line-height:0;%20padding:0%200;%20text-align:center;%20text-decoration:none;%20width:100%;&quot;%20target=&quot;_blank&quot;&gt;%20&lt;div%20style=&quot;%20display:%20flex;%20flex-direction:%20row;%20align-items:%20center;&quot;&gt;%20&lt;div%20style=&quot;background-color:%20#F4F4F4;%20border-radius:%2050%;%20flex-grow:%200;%20height:%2040px;%20margin-right:%2014px;%20width:%2040px;&quot;&gt;&lt;\/div&gt;%20&lt;div%20style=&quot;display:%20flex;%20flex-direction:%20column;%20flex-grow:%201;%20justify-content:%20center;&quot;&gt;%20&lt;div%20style=&quot;%20background-color:%20#F4F4F4;%20border-radius:%204px;%20flex-grow:%200;%20height:%2014px;%20margin-bottom:%206px;%20width:%20100px;&quot;&gt;&lt;\/div&gt;%20&lt;div%20style=&quot;%20background-color:%20#F4F4F4;%20border-radius:%204px;%20flex-grow:%200;%20height:%2014px;%20width:%2060px;&quot;&gt;&lt;\/div&gt;&lt;\/div&gt;&lt;\/div&gt;&lt;div%20style=&quot;padding:%2019%%200;&quot;&gt;&lt;\/div&gt;%20&lt;div%20style=&quot;display:block;%20height:50px;%20margin:0%20auto%2012px;%20width:50px;&quot;&gt;&lt;svg%20width=&quot;50px&quot;%20height=&quot;50px&quot;%20viewBox=&quot;0%200%2060%2060&quot;%20version=&quot;1.1&quot;%20xmlns=&quot;https:\/\/www.w3.org\/2000\/svg&quot;%20xmlns:xlink=&quot;https:\/\/www.w3.org\/1999\/xlink&quot;&gt;&lt;g%20stroke=&quot;none&quot;%20stroke-width=&quot;1&quot;%20fill=&quot;none&quot;%20fill-rule=&quot;evenodd&quot;&gt;&lt;g%20transform=&quot;translate(-511.000000,%20-20.000000)&quot;%20fill=&quot;#000000&quot;&gt;&lt;g&gt;&lt;path%20d=&quot;M556.869,30.41%20C554.814,30.41%20553.148,32.076%20553.148,34.131%20C553.148,36.186%20554.814,37.852%20556.869,37.852%20C558.924,37.852%20560.59,36.186%20560.59,34.131%20C560.59,32.076%20558.924,30.41%20556.869,30.41%20M541,60.657%20C535.114,60.657%20530.342,55.887%20530.342,50%20C530.342,44.114%20535.114,39.342%20541,39.342%20C546.887,39.342%20551.658,44.114%20551.658,50%20C551.658,55.887%20546.887,60.657%20541,60.657%20M541,33.886%20C532.1,33.886%20524.886,41.1%20524.886,50%20C524.886,58.899%20532.1,66.113%20541,66.113%20C549.9,66.113%20557.115,58.899%20557.115,50%20C557.115,41.1%20549.9,33.886%20541,33.886%20M565.378,62.101%20C565.244,65.022%20564.756,66.606%20564.346,67.663%20C563.803,69.06%20563.154,70.057%20562.106,71.106%20C561.058,72.155%20560.06,72.803%20558.662,73.347%20C557.607,73.757%20556.021,74.244%20553.102,74.378%20C549.944,74.521%20548.997,74.552%20541,74.552%20C533.003,74.552%20532.056,74.521%20528.898,74.378%20C525.979,74.244%20524.393,73.757%20523.338,73.347%20C521.94,72.803%20520.942,72.155%20519.894,71.106%20C518.846,70.057%20518.197,69.06%20517.654,67.663%20C517.244,66.606%20516.755,65.022%20516.623,62.101%20C516.479,58.943%20516.448,57.996%20516.448,50%20C516.448,42.003%20516.479,41.056%20516.623,37.899%20C516.755,34.978%20517.244,33.391%20517.654,32.338%20C518.197,30.938%20518.846,29.942%20519.894,28.894%20C520.942,27.846%20521.94,27.196%20523.338,26.654%20C524.393,26.244%20525.979,25.756%20528.898,25.623%20C532.057,25.479%20533.004,25.448%20541,25.448%20C548.997,25.448%20549.943,25.479%20553.102,25.623%20C556.021,25.756%20557.607,26.244%20558.662,26.654%20C560.06,27.196%20561.058,27.846%20562.106,28.894%20C563.154,29.942%20563.803,30.938%20564.346,32.338%20C564.756,33.391%20565.244,34.978%20565.378,37.899%20C565.522,41.056%20565.552,42.003%20565.552,50%20C565.552,57.996%20565.522,58.943%20565.378,62.101%20M570.82,37.631%20C570.674,34.438%20570.167,32.258%20569.425,30.349%20C568.659,28.377%20567.633,26.702%20565.965,25.035%20C564.297,23.368%20562.623,22.342%20560.652,21.575%20C558.743,20.834%20556.562,20.326%20553.369,20.18%20C550.169,20.033%20549.148,20%20541,20%20C532.853,20%20531.831,20.033%20528.631,20.18%20C525.438,20.326%20523.257,20.834%20521.349,21.575%20C519.376,22.342%20517.703,23.368%20516.035,25.035%20C514.368,26.702%20513.342,28.377%20512.574,30.349%20C511.834,32.258%20511.326,34.438%20511.181,37.631%20C511.035,40.831%20511,41.851%20511,50%20C511,58.147%20511.035,59.17%20511.181,62.369%20C511.326,65.562%20511.834,67.743%20512.574,69.651%20C513.342,71.625%20514.368,73.296%20516.035,74.965%20C517.703,76.634%20519.376,77.658%20521.349,78.425%20C523.257,79.167%20525.438,79.673%20528.631,79.82%20C531.831,79.965%20532.853,80.001%20541,80.001%20C549.148,80.001%20550.169,79.965%20553.369,79.82%20C556.562,79.673%20558.743,79.167%20560.652,78.425%20C562.623,77.658%20564.297,76.634%20565.965,74.965%20C567.633,73.296%20568.659,71.625%20569.425,69.651%20C570.167,67.743%20570.674,65.562%20570.82,62.369%20C570.966,59.17%20571,58.147%20571,50%20C571,41.851%20570.966,40.831%20570.82,37.631&quot;&gt;&lt;\/path&gt;&lt;\/g&gt;&lt;\/g&gt;&lt;\/g&gt;&lt;\/svg&gt;&lt;\/div&gt;&lt;div%20style=&quot;padding-top:%208px;&quot;&gt;%20&lt;div%20style=&quot;%20color:#3897f0;%20font-family:Arial,sans-serif;%20font-size:14px;%20font-style:normal;%20font-weight:550;%20line-height:18px;&quot;&gt;Voir%20cette%20publication%20sur%20Instagram&lt;\/div&gt;&lt;\/div&gt;&lt;div%20style=&quot;padding:%2012.5%%200;&quot;&gt;&lt;\/div&gt;%20&lt;div%20style=&quot;display:%20flex;%20flex-direction:%20row;%20margin-bottom:%2014px;%20align-items:%20center;&quot;&gt;&lt;div&gt;%20&lt;div%20style=&quot;background-color:%20#F4F4F4;%20border-radius:%2050%;%20height:%2012.5px;%20width:%2012.5px;%20transform:%20translateX(0px)%20translateY(7px);&quot;&gt;&lt;\/div&gt;%20&lt;div%20style=&quot;background-color:%20#F4F4F4;%20height:%2012.5px;%20transform:%20rotate(-45deg)%20translateX(3px)%20translateY(1px);%20width:%2012.5px;%20flex-grow:%200;%20margin-right:%2014px;%20margin-left:%202px;&quot;&gt;&lt;\/div&gt;%20&lt;div%20style=&quot;background-color:%20#F4F4F4;%20border-radius:%2050%;%20height:%2012.5px;%20width:%2012.5px;%20transform:%20translateX(9px)%20translateY(-18px);&quot;&gt;&lt;\/div&gt;&lt;\/div&gt;&lt;div%20style=&quot;margin-left:%208px;&quot;&gt;%20&lt;div%20style=&quot;%20background-color:%20#F4F4F4;%20border-radius:%2050%;%20flex-grow:%200;%20height:%2020px;%20width:%2020px;&quot;&gt;&lt;\/div&gt;%20&lt;div%20style=&quot;%20width:%200;%20height:%200;%20border-top:%202px%20solid%20transparent;%20border-left:%206px%20solid%20#f4f4f4;%20border-bottom:%202px%20solid%20transparent;%20transform:%20translateX(16px)%20translateY(-4px)%20rotate(30deg)&quot;&gt;&lt;\/div&gt;&lt;\/div&gt;&lt;div%20style=&quot;margin-left:%20auto;&quot;&gt;%20&lt;div%20style=&quot;%20width:%200px;%20border-top:%208px%20solid%20#F4F4F4;%20border-right:%208px%20solid%20transparent;%20transform:%20translateY(16px);&quot;&gt;&lt;\/div&gt;%20&lt;div%20style=&quot;%20background-color:%20#F4F4F4;%20flex-grow:%200;%20height:%2012px;%20width:%2016px;%20transform:%20translateY(-4px);&quot;&gt;&lt;\/div&gt;%20&lt;div%20style=&quot;%20width:%200;%20height:%200;%20border-top:%208px%20solid%20#F4F4F4;%20border-left:%208px%20solid%20transparent;%20transform:%20translateY(-4px)%20translateX(8px);&quot;&gt;&lt;\/div&gt;&lt;\/div&gt;&lt;\/div&gt;%20&lt;div%20style=&quot;display:%20flex;%20flex-direction:%20column;%20flex-grow:%201;%20justify-content:%20center;%20margin-bottom:%2024px;&quot;&gt;%20&lt;div%20style=&quot;%20background-color:%20#F4F4F4;%20border-radius:%204px;%20flex-grow:%200;%20height:%2014px;%20margin-bottom:%206px;%20width:%20224px;&quot;&gt;&lt;\/div&gt;%20&lt;div%20style=&quot;%20background-color:%20#F4F4F4;%20border-radius:%204px;%20flex-grow:%200;%20height:%2014px;%20width:%20144px;&quot;&gt;&lt;\/div&gt;&lt;\/div&gt;&lt;\/a&gt;&lt;p%20style=&quot;%20color:#c9c8cd;%20font-family:Arial,sans-serif;%20font-size:14px;%20line-height:17px;%20margin-bottom:0;%20margin-top:8px;%20overflow:hidden;%20padding:8px%200%207px;%20text-align:center;%20text-overflow:ellipsis;%20white-space:nowrap;&quot;&gt;&lt;a%20href=&quot;https:\/\/www.instagram.com\/reel\/DQ2PtOjDLRM\/?utm_source=ig_embed&amp;utm_campaign=loading&quot;%20style=&quot;%20color:#c9c8cd;%20font-family:Arial,sans-serif;%20font-size:14px;%20font-style:normal;%20font-weight:normal;%20line-height:17px;%20text-decoration:none;&quot;%20target=&quot;_blank&quot;&gt;Une%20publication%20partag\u00e9e%20par%20J\u00e9rome%20et%20Lucile%20\ud83c\udf3b%20(@jeromeetlucile)&lt;\/a&gt;&lt;\/p&gt;&lt;\/div&gt;&lt;\/blockquote&gt;%20&lt;script%20async%20src=&quot;\/\/www.instagram.com\/embed.js&quot;&gt;&lt;\/script&gt;\" target=\"_blank\" rel=\"noopener\">ici<\/a><\/p>\n<blockquote class=\"instagram-media\" style=\"background: #FFF; border: 0; border-radius: 3px; box-shadow: 0 0 1px 0 rgba(0,0,0,0.5),0 1px 10px 0 rgba(0,0,0,0.15); margin: 1px; max-width: 540px; min-width: 326px; padding: 0; width: calc(100% - 2px);\" data-instgrm-captioned=\"\" data-instgrm-permalink=\"https:\/\/www.instagram.com\/reel\/DQ2PtOjDLRM\/?utm_source=ig_embed&amp;utm_campaign=loading\" data-instgrm-version=\"14\"><p>&#13;<br \/>\n&#13;\n<\/p><\/blockquote>\n<p><strong>March\u00e9 de No\u00ebl des cr\u00e9ateurs 360\u00b0sur l\u2019Art<\/strong><\/p>\n<p>La place Sathonay dans le 1er arrondissement accueillera les 13 et 14 d\u00e9cembre un march\u00e9 de No\u00ebl du collectif des cr\u00e9ateurs 360\u00b0 sur l\u2019Art. Plus de 50 cr\u00e9ateurs seront pr\u00e9sents pour pr\u00e9senter leur travail au public\u2026 avec peut-\u00eatre au bout des id\u00e9es cadeaux pour No\u00ebl. Plus d\u2019informations <a href=\"https:\/\/www.facebook.com\/events\/1318407936598538\/?acontext=%7B%22event_action_history%22%3A[%7B%22mechanism%22%3A%22discovery_top_tab%22%2C%22surface%22%3A%22bookmark%22%7D]%2C%22ref_notif_type%22%3Anull%7D\" target=\"_blank\" rel=\"noopener\">ici<\/a><\/p>\n<blockquote class=\"instagram-media\" style=\"background: #FFF; border: 0; border-radius: 3px; box-shadow: 0 0 1px 0 rgba(0,0,0,0.5),0 1px 10px 0 rgba(0,0,0,0.15); margin: 1px; max-width: 540px; min-width: 326px; padding: 0; width: calc(100% - 2px);\" data-instgrm-captioned=\"\" data-instgrm-permalink=\"https:\/\/www.instagram.com\/p\/DQv-Ebpjera\/?utm_source=ig_embed&amp;utm_campaign=loading\" data-instgrm-version=\"14\"><p>&#13;<br \/>\n&#13;\n<\/p><\/blockquote>\n<p><strong>March\u00e9 de No\u00ebl \u00e0 l\u2019atelier<\/strong><\/p>\n<p>L\u2019Atelier 343, situ\u00e9 dans le 3e arrondissement, accueillera encore cette ann\u00e9e un march\u00e9 de No\u00ebl. Le rendez-vous est donn\u00e9 le week-end du 13 et du 14 d\u00e9cembre de 10h \u00e0 19h. Maroquinerie, illustrations, bijoux, photographies\u2026 Il y en aura pour tous les go\u00fbts. Plus d\u2019informations <a href=\"https:\/\/www.facebook.com\/events\/1195741715755848\/1195741719089181\/?active_tab=about\" target=\"_blank\" rel=\"noopener\">ici<\/a><\/p>\n<blockquote class=\"instagram-media\" style=\"background: #FFF; border: 0; border-radius: 3px; box-shadow: 0 0 1px 0 rgba(0,0,0,0.5),0 1px 10px 0 rgba(0,0,0,0.15); margin: 1px; max-width: 540px; min-width: 326px; padding: 0; width: calc(100% - 2px);\" data-instgrm-captioned=\"\" data-instgrm-permalink=\"https:\/\/www.instagram.com\/p\/DQ8ucx5DOS6\/?utm_source=ig_embed&amp;utm_campaign=loading\" data-instgrm-version=\"14\"><p>&#13;<br \/>\n&#13;\n<\/p><\/blockquote>\n","protected":false},"excerpt":{"rendered":"Et si on vous disait qu\u2019il est d\u00e9j\u00e0 l\u2019heure de penser aux cadeaux de No\u00ebl ? A un&hellip;\n","protected":false},"author":2,"featured_media":539960,"comment_status":"","ping_status":"","sticky":false,"template":"","format":"standard","meta":{"footnotes":""},"categories":[1889],"tags":[1111,11,2813,2190,2430,1109,251,1112,2811,1777,674,118,1294,4651,1011,27,1922,1110,1114,2428,4903,4902,12,241,316,25,2812,517,800],"class_list":{"0":"post-539959","1":"post","2":"type-post","3":"status-publish","4":"format-standard","5":"has-post-thumbnail","7":"category-lyon","8":"tag-actu","9":"tag-actualites","10":"tag-article","11":"tag-asvel","12":"tag-auvergne-rhone-alpes","13":"tag-breves","14":"tag-culture","15":"tag-depeches","16":"tag-economique","17":"tag-eu","18":"tag-europe","19":"tag-faits-divers","20":"tag-femme","21":"tag-femmes","22":"tag-fr","23":"tag-france","24":"tag-info","25":"tag-informations","26":"tag-infos","27":"tag-lyon","28":"tag-lyonfemme","29":"tag-lyonfemmes","30":"tag-news","31":"tag-ol","32":"tag-politique","33":"tag-republique-francaise","34":"tag-sociale","35":"tag-sport","36":"tag-transports"},"share_on_mastodon":{"url":"https:\/\/pubeurope.com\/@fr\/115564432762398602","error":""},"_links":{"self":[{"href":"https:\/\/www.europesays.com\/fr\/wp-json\/wp\/v2\/posts\/539959","targetHints":{"allow":["GET"]}}],"collection":[{"href":"https:\/\/www.europesays.com\/fr\/wp-json\/wp\/v2\/posts"}],"about":[{"href":"https:\/\/www.europesays.com\/fr\/wp-json\/wp\/v2\/types\/post"}],"author":[{"embeddable":true,"href":"https:\/\/www.europesays.com\/fr\/wp-json\/wp\/v2\/users\/2"}],"replies":[{"embeddable":true,"href":"https:\/\/www.europesays.com\/fr\/wp-json\/wp\/v2\/comments?post=539959"}],"version-history":[{"count":0,"href":"https:\/\/www.europesays.com\/fr\/wp-json\/wp\/v2\/posts\/539959\/revisions"}],"wp:featuredmedia":[{"embeddable":true,"href":"https:\/\/www.europesays.com\/fr\/wp-json\/wp\/v2\/media\/539960"}],"wp:attachment":[{"href":"https:\/\/www.europesays.com\/fr\/wp-json\/wp\/v2\/media?parent=539959"}],"wp:term":[{"taxonomy":"category","embeddable":true,"href":"https:\/\/www.europesays.com\/fr\/wp-json\/wp\/v2\/categories?post=539959"},{"taxonomy":"post_tag","embeddable":true,"href":"https:\/\/www.europesays.com\/fr\/wp-json\/wp\/v2\/tags?post=539959"}],"curies":[{"name":"wp","href":"https:\/\/api.w.org\/{rel}","templated":true}]}}