{"id":539979,"date":"2025-11-17T10:05:14","date_gmt":"2025-11-17T10:05:14","guid":{"rendered":"https:\/\/www.europesays.com\/fr\/539979\/"},"modified":"2025-11-17T10:05:14","modified_gmt":"2025-11-17T10:05:14","slug":"lallemagne-privee-de-coupe-du-monde-2026","status":"publish","type":"post","link":"https:\/\/www.europesays.com\/fr\/539979\/","title":{"rendered":"L\u2019Allemagne priv\u00e9e de Coupe du monde 2026 ?"},"content":{"rendered":"<p><strong>Leader du groupe A avant la<br \/>\nderni\u00e8re journ\u00e9e des \u00e9liminatoires de la Coupe du monde 2026,<br \/>\nl\u2019Allemagne re\u00e7oit la Slovaquie lundi soir avec la peur au<br \/>\nventre.<\/strong><\/p>\n<p>La tension est palpable en Allemagne. C\u2019est ce lundi soir que<br \/>\nsera rendu le verdict dans le groupe A des \u00e9liminatoires de la zone<br \/>\nEurope. Et avant cette derni\u00e8re journ\u00e9e des qualifications, la<br \/>\nMannschaft est tr\u00e8s loin d\u2019\u00eatre assur\u00e9e de composter son billet<br \/>\npour la <a href=\"https:\/\/www.football.fr\/coupe-du-monde-2026\" rel=\"nofollow noopener\" target=\"_blank\">Coupe<br \/>\ndu monde 2026<\/a>.<\/p>\n<p>La situation n\u2019est pas catastrophique non plus puisque les<br \/>\nco\u00e9quipiers de Florian Wirtz occupent la premi\u00e8re place avec 12<br \/>\npoints. Mais elle est pr\u00e9occupante car ils affrontent pour cel<br \/>\nultime rendez-vous la Slovaquie, deuxi\u00e8me ex-\u00e6quo avec une moins<br \/>\nbonne diff\u00e9rence de buts (+4 contre +7).<\/p>\n<blockquote class=\"twitter-tweet\"><p><a class=\"twitter-link\" rel=\"noindex, nofollow noopener\" href=\"https:\/\/twitter.com\/football_fr\/status\/1990103865102848214?s=46&amp;t=Ng37CUMdUaS4hSZh2CDipA\" target=\"_blank\"><br \/>\n<\/a><\/p><\/blockquote>\n<p>L\u2019Allemagne sous pression<\/p>\n<p>Une victoire ou un match nul suffira aux Allemands pour valider<br \/>\nleur place au Mondial nord-am\u00e9ricain, l\u2019\u00e9t\u00e9 prochain (du 11 juin au<br \/>\n19 juillet). Une d\u00e9faite en revanche les enverrait tout droit en<br \/>\nbarrages, en mars. Comme l\u2019Italie, l\u2019Ukraine et, sans doute, la<br \/>\nTurquie et la Pologne.<\/p>\n<p>Au-del\u00e0 de la pression li\u00e9e au r\u00e9sultat, l\u2019inqui\u00e9tude vient de<br \/>\nl\u2019adversaire. Des Slovaques qui, d\u00e9but septembre, ont pris le<br \/>\nmeilleur sur les Allemands du c\u00f4t\u00e9 de Bratislava (2-0). \u00c0 Leipzig,<br \/>\nils n\u2019auront absolument rien \u00e0 perdre, au contraire de leurs<br \/>\nh\u00f4tes.<\/p>\n<p><script async src=\"https:\/\/platform.twitter.com\/widgets.js\" charset=\"utf-8\"><\/script><\/p>\n","protected":false},"excerpt":{"rendered":"Leader du groupe A avant la derni\u00e8re journ\u00e9e des \u00e9liminatoires de la Coupe du monde 2026, l\u2019Allemagne re\u00e7oit&hellip;\n","protected":false},"author":2,"featured_media":539980,"comment_status":"","ping_status":"","sticky":false,"template":"","format":"standard","meta":{"footnotes":""},"categories":[1587],"tags":[11,672,1804,1805,1803,1777,674,1801,12,1802],"class_list":{"0":"post-539979","1":"post","2":"type-post","3":"status-publish","4":"format-standard","5":"has-post-thumbnail","7":"category-allemagne","8":"tag-actualites","9":"tag-allemagne","10":"tag-bundesrepublik-deutschland","11":"tag-de","12":"tag-deutschland","13":"tag-eu","14":"tag-europe","15":"tag-germany","16":"tag-news","17":"tag-republique-federale-dallemagne"},"share_on_mastodon":{"url":"https:\/\/pubeurope.com\/@fr\/115564480046674919","error":""},"_links":{"self":[{"href":"https:\/\/www.europesays.com\/fr\/wp-json\/wp\/v2\/posts\/539979","targetHints":{"allow":["GET"]}}],"collection":[{"href":"https:\/\/www.europesays.com\/fr\/wp-json\/wp\/v2\/posts"}],"about":[{"href":"https:\/\/www.europesays.com\/fr\/wp-json\/wp\/v2\/types\/post"}],"author":[{"embeddable":true,"href":"https:\/\/www.europesays.com\/fr\/wp-json\/wp\/v2\/users\/2"}],"replies":[{"embeddable":true,"href":"https:\/\/www.europesays.com\/fr\/wp-json\/wp\/v2\/comments?post=539979"}],"version-history":[{"count":0,"href":"https:\/\/www.europesays.com\/fr\/wp-json\/wp\/v2\/posts\/539979\/revisions"}],"wp:featuredmedia":[{"embeddable":true,"href":"https:\/\/www.europesays.com\/fr\/wp-json\/wp\/v2\/media\/539980"}],"wp:attachment":[{"href":"https:\/\/www.europesays.com\/fr\/wp-json\/wp\/v2\/media?parent=539979"}],"wp:term":[{"taxonomy":"category","embeddable":true,"href":"https:\/\/www.europesays.com\/fr\/wp-json\/wp\/v2\/categories?post=539979"},{"taxonomy":"post_tag","embeddable":true,"href":"https:\/\/www.europesays.com\/fr\/wp-json\/wp\/v2\/tags?post=539979"}],"curies":[{"name":"wp","href":"https:\/\/api.w.org\/{rel}","templated":true}]}}