{"id":539983,"date":"2025-11-17T10:08:13","date_gmt":"2025-11-17T10:08:13","guid":{"rendered":"https:\/\/www.europesays.com\/fr\/539983\/"},"modified":"2025-11-17T10:08:13","modified_gmt":"2025-11-17T10:08:13","slug":"union-europeenne-nouveau-coup-de-rabot-du-parlement-europeen-sur-les-directives-cs3d-et-csrd","status":"publish","type":"post","link":"https:\/\/www.europesays.com\/fr\/539983\/","title":{"rendered":"Union europ\u00e9enne : Nouveau coup de rabot du Parlement europ\u00e9en sur les directives CS3D et CSRD"},"content":{"rendered":"<p>Les obligations RSE des entreprises europ\u00e9ennes dans le cadre du d\u00e9veloppement durable viennent d\u2019\u00eatre \u00e0 nouveau rabot\u00e9es par les eurod\u00e9put\u00e9s lors d\u2019un vote majoritaire des conservateurs et de l\u2019extr\u00eame droite sur les textes de simplification des directives CS3D et CSRD. Les textes d\u00e9finitifs doivent encore \u00eatre n\u00e9goci\u00e9s avec le Conseil. Le point dans cet article [\u2026]<\/p>\n","protected":false},"excerpt":{"rendered":"Les obligations RSE des entreprises europ\u00e9ennes dans le cadre du d\u00e9veloppement durable viennent d\u2019\u00eatre \u00e0 nouveau rabot\u00e9es par&hellip;\n","protected":false},"author":2,"featured_media":539984,"comment_status":"","ping_status":"","sticky":false,"template":"","format":"standard","meta":{"footnotes":""},"categories":[1586],"tags":[11,45521,929,1777,674,1779,1011,27,12,65841,8552,25,1778,364],"class_list":{"0":"post-539983","1":"post","2":"type-post","3":"status-publish","4":"format-standard","5":"has-post-thumbnail","7":"category-europe","8":"tag-actualites","9":"tag-cs3d","10":"tag-csrd","11":"tag-eu","12":"tag-europe","13":"tag-european-union","14":"tag-fr","15":"tag-france","16":"tag-news","17":"tag-obligations-rse","18":"tag-parlement-europeen","19":"tag-republique-francaise","20":"tag-ue","21":"tag-union-europeenne"},"share_on_mastodon":{"url":"https:\/\/pubeurope.com\/@fr\/115564491964588968","error":""},"_links":{"self":[{"href":"https:\/\/www.europesays.com\/fr\/wp-json\/wp\/v2\/posts\/539983","targetHints":{"allow":["GET"]}}],"collection":[{"href":"https:\/\/www.europesays.com\/fr\/wp-json\/wp\/v2\/posts"}],"about":[{"href":"https:\/\/www.europesays.com\/fr\/wp-json\/wp\/v2\/types\/post"}],"author":[{"embeddable":true,"href":"https:\/\/www.europesays.com\/fr\/wp-json\/wp\/v2\/users\/2"}],"replies":[{"embeddable":true,"href":"https:\/\/www.europesays.com\/fr\/wp-json\/wp\/v2\/comments?post=539983"}],"version-history":[{"count":0,"href":"https:\/\/www.europesays.com\/fr\/wp-json\/wp\/v2\/posts\/539983\/revisions"}],"wp:featuredmedia":[{"embeddable":true,"href":"https:\/\/www.europesays.com\/fr\/wp-json\/wp\/v2\/media\/539984"}],"wp:attachment":[{"href":"https:\/\/www.europesays.com\/fr\/wp-json\/wp\/v2\/media?parent=539983"}],"wp:term":[{"taxonomy":"category","embeddable":true,"href":"https:\/\/www.europesays.com\/fr\/wp-json\/wp\/v2\/categories?post=539983"},{"taxonomy":"post_tag","embeddable":true,"href":"https:\/\/www.europesays.com\/fr\/wp-json\/wp\/v2\/tags?post=539983"}],"curies":[{"name":"wp","href":"https:\/\/api.w.org\/{rel}","templated":true}]}}