{"id":53999,"date":"2025-04-26T09:04:09","date_gmt":"2025-04-26T09:04:09","guid":{"rendered":"https:\/\/www.europesays.com\/fr\/53999\/"},"modified":"2025-04-26T09:04:09","modified_gmt":"2025-04-26T09:04:09","slug":"montceau-1er-tournoi-de-volley-ball-sur-sable-du-beach-volley","status":"publish","type":"post","link":"https:\/\/www.europesays.com\/fr\/53999\/","title":{"rendered":"Montceau &#8211; 1er tournoi de volley-ball sur sable, du beach volley"},"content":{"rendered":"<p><strong>Dimanche 22 juin 2025, venez participer \u00a0au premier tournoi de volley sur sable \u00e0 Montceau les Mines.<\/strong><\/p>\n<p><img loading=\"lazy\" decoding=\"async\" data-attachment-id=\"189773\" data-permalink=\"https:\/\/linformateurdebourgogne.com\/solidarite-basket-challenge-interentreprises-deja-un-succes\/vide-57\/\" data-orig-file=\"https:\/\/linformateurdebourgogne.com\/wp-content\/uploads\/2025\/04\/vide-4.png\" data-orig-size=\"455,37\" data-comments-opened=\"0\" data-image-meta=\"{&quot;aperture&quot;:&quot;0&quot;,&quot;credit&quot;:&quot;&quot;,&quot;camera&quot;:&quot;&quot;,&quot;caption&quot;:&quot;&quot;,&quot;created_timestamp&quot;:&quot;0&quot;,&quot;copyright&quot;:&quot;&quot;,&quot;focal_length&quot;:&quot;0&quot;,&quot;iso&quot;:&quot;0&quot;,&quot;shutter_speed&quot;:&quot;0&quot;,&quot;title&quot;:&quot;&quot;,&quot;orientation&quot;:&quot;0&quot;}\" data-image-title=\"vide\" data-image-description=\"\" data-image-caption=\"\" data-medium-file=\"https:\/\/www.europesays.com\/fr\/wp-content\/uploads\/2025\/04\/vide-4-300x24.png\" data-large-file=\"https:\/\/linformateurdebourgogne.com\/wp-content\/uploads\/2025\/04\/vide-4.png\" class=\"alignnone size-medium wp-image-189773\" src=\"https:\/\/www.europesays.com\/fr\/wp-content\/uploads\/2025\/04\/vide-4-300x24.png\" alt=\"\" width=\"300\" height=\"24\"  \/><\/p>\n<p>L\u2019Amicale Sportive Parriat Montceau, avec\u00a0l\u2019aide de la ville de Montceau les Mines et la ligue de volley-ball Bourgogne Franche Comt\u00e9, vous propose de vivre une exp\u00e9rience originale faire du volley sur du sable.<\/p>\n<p>Dans la m\u00eame logique que le beach-rugby et sur le m\u00eame lieu, le club de volley surtout connu par l\u2019\u00e9pop\u00e9e de l\u2019\u00e9quipe r\u00e9gionale va se mettre en quatre pour vous organiser deux tournois de l\u00e9gende \u00e0 Jean Bouveri.<\/p>\n<p>Le premier, tournoi en 3 contre 3 destin\u00e9 aux comp\u00e9titeurs, va attirer les champions de la discipline,<\/p>\n<p>Le deuxi\u00e8me, plus familial et festif, se jouera en \u00e9quipes mixtes (minimum une fille sur le terrain) en 4 contre 4.<\/p>\n<p><img loading=\"lazy\" decoding=\"async\" data-attachment-id=\"189773\" data-permalink=\"https:\/\/linformateurdebourgogne.com\/solidarite-basket-challenge-interentreprises-deja-un-succes\/vide-57\/\" data-orig-file=\"https:\/\/linformateurdebourgogne.com\/wp-content\/uploads\/2025\/04\/vide-4.png\" data-orig-size=\"455,37\" data-comments-opened=\"0\" data-image-meta=\"{&quot;aperture&quot;:&quot;0&quot;,&quot;credit&quot;:&quot;&quot;,&quot;camera&quot;:&quot;&quot;,&quot;caption&quot;:&quot;&quot;,&quot;created_timestamp&quot;:&quot;0&quot;,&quot;copyright&quot;:&quot;&quot;,&quot;focal_length&quot;:&quot;0&quot;,&quot;iso&quot;:&quot;0&quot;,&quot;shutter_speed&quot;:&quot;0&quot;,&quot;title&quot;:&quot;&quot;,&quot;orientation&quot;:&quot;0&quot;}\" data-image-title=\"vide\" data-image-description=\"\" data-image-caption=\"\" data-medium-file=\"https:\/\/www.europesays.com\/fr\/wp-content\/uploads\/2025\/04\/vide-4-300x24.png\" data-large-file=\"https:\/\/linformateurdebourgogne.com\/wp-content\/uploads\/2025\/04\/vide-4.png\" class=\"alignnone size-medium wp-image-189773\" src=\"https:\/\/www.europesays.com\/fr\/wp-content\/uploads\/2025\/04\/vide-4-300x24.png\" alt=\"\" width=\"300\" height=\"24\"  \/><\/p>\n<p>Entr\u00e9e gratuite pour les spectateurs.<\/p>\n<p>Restauration et boissons seront \u00e0 votre disposition tout au long de la journ\u00e9e.<\/p>\n<p><img loading=\"lazy\" decoding=\"async\" data-attachment-id=\"189773\" data-permalink=\"https:\/\/linformateurdebourgogne.com\/solidarite-basket-challenge-interentreprises-deja-un-succes\/vide-57\/\" data-orig-file=\"https:\/\/linformateurdebourgogne.com\/wp-content\/uploads\/2025\/04\/vide-4.png\" data-orig-size=\"455,37\" data-comments-opened=\"0\" data-image-meta=\"{&quot;aperture&quot;:&quot;0&quot;,&quot;credit&quot;:&quot;&quot;,&quot;camera&quot;:&quot;&quot;,&quot;caption&quot;:&quot;&quot;,&quot;created_timestamp&quot;:&quot;0&quot;,&quot;copyright&quot;:&quot;&quot;,&quot;focal_length&quot;:&quot;0&quot;,&quot;iso&quot;:&quot;0&quot;,&quot;shutter_speed&quot;:&quot;0&quot;,&quot;title&quot;:&quot;&quot;,&quot;orientation&quot;:&quot;0&quot;}\" data-image-title=\"vide\" data-image-description=\"\" data-image-caption=\"\" data-medium-file=\"https:\/\/www.europesays.com\/fr\/wp-content\/uploads\/2025\/04\/vide-4-300x24.png\" data-large-file=\"https:\/\/linformateurdebourgogne.com\/wp-content\/uploads\/2025\/04\/vide-4.png\" class=\"alignnone size-medium wp-image-189773\" src=\"https:\/\/www.europesays.com\/fr\/wp-content\/uploads\/2025\/04\/vide-4-300x24.png\" alt=\"\" width=\"300\" height=\"24\"  \/><\/p>\n<p>Le nombre d\u2019\u00e9quipes \u00e9tant limit\u00e9, nous vous invitons \u00e0 vous inscrire d\u00e8s \u00e0 pr\u00e9sent avec vos amis en scannant le QRCode sur l\u2019affiche jointe. Sinon, inscriptions possibles le matin sur place \u00e0 partir de 9h.<\/p>\n<p>Toutes les informations sont sur l\u2019affiche.<\/p>\n<p>Nous vous donnons rendez-vous dimanche 22 juin au stade Jean Bouveri.<\/p>\n<p><img loading=\"lazy\" decoding=\"async\" data-attachment-id=\"189773\" data-permalink=\"https:\/\/linformateurdebourgogne.com\/solidarite-basket-challenge-interentreprises-deja-un-succes\/vide-57\/\" data-orig-file=\"https:\/\/linformateurdebourgogne.com\/wp-content\/uploads\/2025\/04\/vide-4.png\" data-orig-size=\"455,37\" data-comments-opened=\"0\" data-image-meta=\"{&quot;aperture&quot;:&quot;0&quot;,&quot;credit&quot;:&quot;&quot;,&quot;camera&quot;:&quot;&quot;,&quot;caption&quot;:&quot;&quot;,&quot;created_timestamp&quot;:&quot;0&quot;,&quot;copyright&quot;:&quot;&quot;,&quot;focal_length&quot;:&quot;0&quot;,&quot;iso&quot;:&quot;0&quot;,&quot;shutter_speed&quot;:&quot;0&quot;,&quot;title&quot;:&quot;&quot;,&quot;orientation&quot;:&quot;0&quot;}\" data-image-title=\"vide\" data-image-description=\"\" data-image-caption=\"\" data-medium-file=\"https:\/\/www.europesays.com\/fr\/wp-content\/uploads\/2025\/04\/vide-4-300x24.png\" data-large-file=\"https:\/\/linformateurdebourgogne.com\/wp-content\/uploads\/2025\/04\/vide-4.png\" class=\"alignnone size-medium wp-image-189773\" src=\"https:\/\/www.europesays.com\/fr\/wp-content\/uploads\/2025\/04\/vide-4-300x24.png\" alt=\"\" width=\"300\" height=\"24\"  \/><\/p>\n<p><img fetchpriority=\"high\" decoding=\"async\" data-attachment-id=\"189928\" data-permalink=\"https:\/\/linformateurdebourgogne.com\/montceau-1er-tournoi-de-volley-ball-sur-sable-du-beach-volley\/affiche-beach-volley-definitive-definitive-3_25041_250424_180133\/\" data-orig-file=\"https:\/\/linformateurdebourgogne.com\/wp-content\/uploads\/2025\/04\/Affiche-Beach-Volley-Definitive-Definitive-3_25041_250424_180133-e1745527788337.jpg\" data-orig-size=\"562,435\" data-comments-opened=\"0\" data-image-meta=\"{&quot;aperture&quot;:&quot;0&quot;,&quot;credit&quot;:&quot;&quot;,&quot;camera&quot;:&quot;&quot;,&quot;caption&quot;:&quot;&quot;,&quot;created_timestamp&quot;:&quot;0&quot;,&quot;copyright&quot;:&quot;&quot;,&quot;focal_length&quot;:&quot;0&quot;,&quot;iso&quot;:&quot;0&quot;,&quot;shutter_speed&quot;:&quot;0&quot;,&quot;title&quot;:&quot;&quot;,&quot;orientation&quot;:&quot;0&quot;}\" data-image-title=\"Affiche Beach Volley D\u00e9finitive D\u00e9finitive-3_25041_250424_180133\" data-image-description=\"\" data-image-caption=\"\" data-medium-file=\"https:\/\/linformateurdebourgogne.com\/wp-content\/uploads\/2025\/04\/Affiche-Beach-Volley-Definitive-Definitive-3_25041_250424_180133-e1745527788337-300x232.jpg\" data-large-file=\"https:\/\/linformateurdebourgogne.com\/wp-content\/uploads\/2025\/04\/Affiche-Beach-Volley-Definitive-Definitive-3_25041_250424_180133-e1745527788337.jpg\" class=\"wp-image-189928 size-full aligncenter\" src=\"https:\/\/www.europesays.com\/fr\/wp-content\/uploads\/2025\/04\/Affiche-Beach-Volley-Definitive-Definitive-3_25041_250424_180133.jpg\" alt=\"\" width=\"566\" height=\"800\"\/><br \/>\nJ\u2019aime \u00e7a\u00a0:<\/p>\n<p>J\u2019aime chargement\u2026<\/p>\n<p><a class=\"sd-link-color\"\/><\/p>\n<p>\n\tArticles similaires\n<\/p>\n<p>\t\t\t\t\t\t <a href=\"https:\/\/linformateurdebourgogne.com\/montceau-1er-tournoi-de-volley-ball-sur-sable-du-beach-volley\/\" title=\"Lien vers  Montceau \u2013 1er tournoi de volley-ball sur sable, du beach volley\" rel=\"bookmark nofollow noopener\" target=\"_blank\"> Favori<\/a>.\t\t\t\t\t\t\t\t\t\t\t<\/p>\n","protected":false},"excerpt":{"rendered":"Dimanche 22 juin 2025, venez participer \u00a0au premier tournoi de volley sur sable \u00e0 Montceau les Mines. L\u2019Amicale&hellip;\n","protected":false},"author":2,"featured_media":54000,"comment_status":"","ping_status":"","sticky":false,"template":"","format":"standard","meta":{"footnotes":""},"categories":[1417],"tags":[1011,27,60,1470,1469],"class_list":{"0":"post-53999","1":"post","2":"type-post","3":"status-publish","4":"format-standard","5":"has-post-thumbnail","7":"category-volley","8":"tag-fr","9":"tag-france","10":"tag-sports","11":"tag-volley","12":"tag-volleyball"},"share_on_mastodon":{"url":"https:\/\/pubeurope.com\/@fr\/114403466560016451","error":""},"_links":{"self":[{"href":"https:\/\/www.europesays.com\/fr\/wp-json\/wp\/v2\/posts\/53999","targetHints":{"allow":["GET"]}}],"collection":[{"href":"https:\/\/www.europesays.com\/fr\/wp-json\/wp\/v2\/posts"}],"about":[{"href":"https:\/\/www.europesays.com\/fr\/wp-json\/wp\/v2\/types\/post"}],"author":[{"embeddable":true,"href":"https:\/\/www.europesays.com\/fr\/wp-json\/wp\/v2\/users\/2"}],"replies":[{"embeddable":true,"href":"https:\/\/www.europesays.com\/fr\/wp-json\/wp\/v2\/comments?post=53999"}],"version-history":[{"count":0,"href":"https:\/\/www.europesays.com\/fr\/wp-json\/wp\/v2\/posts\/53999\/revisions"}],"wp:featuredmedia":[{"embeddable":true,"href":"https:\/\/www.europesays.com\/fr\/wp-json\/wp\/v2\/media\/54000"}],"wp:attachment":[{"href":"https:\/\/www.europesays.com\/fr\/wp-json\/wp\/v2\/media?parent=53999"}],"wp:term":[{"taxonomy":"category","embeddable":true,"href":"https:\/\/www.europesays.com\/fr\/wp-json\/wp\/v2\/categories?post=53999"},{"taxonomy":"post_tag","embeddable":true,"href":"https:\/\/www.europesays.com\/fr\/wp-json\/wp\/v2\/tags?post=53999"}],"curies":[{"name":"wp","href":"https:\/\/api.w.org\/{rel}","templated":true}]}}