{"id":539995,"date":"2025-11-17T10:14:13","date_gmt":"2025-11-17T10:14:13","guid":{"rendered":"https:\/\/www.europesays.com\/fr\/539995\/"},"modified":"2025-11-17T10:14:13","modified_gmt":"2025-11-17T10:14:13","slug":"le-xv-de-france-affrontera-les-all-blacks-en-nouvelle-zelande-une-semaine-apres-la-finale-du-top-14-lequipe","status":"publish","type":"post","link":"https:\/\/www.europesays.com\/fr\/539995\/","title":{"rendered":"Le XV de France affrontera les All Blacks en Nouvelle-Z\u00e9lande une semaine apr\u00e8s la finale du Top 14 &#8211; L&#039;\u00c9quipe"},"content":{"rendered":"<ol>\n<li><a href=\"https:\/\/news.google.com\/rss\/articles\/CBMi4AFBVV95cUxOMlJUSlAtUVktNUpCMnRHN0xaNkdyNlo5RnA4d1M4bVV3ZVBhdFdueGVPUGJKU3lQN0plRW93QkVmVHV5ZEdmRk1xdGlkVTJjeWdHdmFfS2ExNzVab3p1U1ZvUmRYdnNxOUMycUpCU2NkYklXWVFaME5lUUtNdHVudnlmclNNVU8zWDJXUk4zRGFkS0E3bjdKR0VLYTFwR2phM1hhYkpXTFRwNGJ0dm5BRHFOd2puQ013MUZPSmdwZkZNU0J3dnQwMUZ2eHIyTy1Sam85N0ZWTE5qbE9aMWpjaQ?oc=5\" target=\"_blank\" rel=\"nofollow noopener\">Le XV de France affrontera les All Blacks en Nouvelle-Z\u00e9lande une semaine apr\u00e8s la finale du Top 14<\/a>&nbsp;&nbsp;L&rsquo;\u00c9quipe<\/li>\n<li><a href=\"https:\/\/news.google.com\/rss\/articles\/CBMikAJBVV95cUxPNUlJUzhLaC1fbDQ1YTRwdjBUWHJtY1Ezcm96UEdCeE5hRll1dWNITUg3R2lyLUswXzZuNXJSdm1RWXJBMHZsVlBsMmxoVTdnamR5cXhPTy1oSGZCRFVaN015UmFKUkp1VzVITlJsODcxNjVyVDJBczVtU0M2b21BLTYzQ2ptbG16VndPNDlrMkgzZ3pPSWJWejY4Si04LWF3WGxndldtSTNGdWFjcUplTzRkTExIS1hULUUxWHFQTnJuczNKcmg2QWlRQ3NTeXR3RDZra0dqVUs2bTRCbGlhZkVndkVfZDRHR1RNb2FsUXhYbVRjZDJ3a3YyMW55a0o3UFcxM3dEY3lzeTQ0NU92aw?oc=5\" target=\"_blank\" rel=\"nofollow noopener\">France \u2013 All Blacks une semaine apr\u00e8s la finale du Top 14\u2026 Le calendrier des Bleus pour la Coupe des nations<\/a>&nbsp;&nbsp;Rugbyrama<\/li>\n<li><a href=\"https:\/\/news.google.com\/rss\/articles\/CBMitwJBVV95cUxNbi1WYnU0SlhVR2hfd1VadTV0QnZ1a0dCc195b1FrM2JObmxMN19zV2hGa0I1X0QzRGY0Ulk4WFloSl9mcUE3ZUMtd1U2SEhZRF9QQlNndDYxY2VTYVFkcFVReV9Hdk9MLWpEQkxEVnZJc3Mtbkk3dEtFT1ZoeDJ4MUVvOGVFOHVMbWN1T3NFWnBsQ0puN01hcmlMV0VaYzZUbm1kal91WnJ5akNvemdzbE1GNm8xcGZSVEZVZTNlTW9JWnpyMnNBV3ZRSDVMT0NIRnQyam1YNDh0X1F6QWNpQ2V6Y0xGSFlXVVR4bndWZkRSZWpSS3Mtd2VueXBEZEsyc2dIM2d4SHNPYjZCcUpjWHVOUVEyNTQyYUFvU3Q1c1JPRmQwYWxCYXFQdDFzTFJwTy1WUjVvOA?oc=5\" target=\"_blank\" rel=\"nofollow noopener\">Fin des tourn\u00e9es avec les \u00e9quipes B, futurs adversaires des Bleus&#8230; d\u00e9couvrez le Championnat des Nations, la nouvelle comp\u00e9tition qui veut r\u00e9volutionner le rugby international d\u00e8s 2026<\/a>&nbsp;&nbsp;RMC Sport<\/li>\n<li><a href=\"https:\/\/news.google.com\/rss\/articles\/CBMi6gFBVV95cUxNQllxUWwyWUNJTDhyTEd4UmFvNUo4QURSQzNQSlVzVG44X2RsTjh4VjVJV2VzeGxjcl9OMVlIb3c4VGxRbXo1VkswYWQ5Q3YyejBIdktGS2FnX2gwU1hwbzhDcUhrcVVEck5YUUJBWHlvZlZ3UUNwZWdHSUNBVFVXQUIwRll0ZWRKdjBmQnl0bUZsV3BJMnMwR05CRG5qSXI3a2V6YVZKZHg3dkVTcER4VHI3VkI4RGRYZFJJOFgxMjVGV1p5WmZDRE01bmN6X0pLVUxvM042aW1vX1RaajgtRDAtbENkTnl0dlE?oc=5\" target=\"_blank\" rel=\"nofollow noopener\">Championnat des nations : Les All Blacks d\u2019entr\u00e9e pour les Bleus juste apr\u00e8s la finale de Top 14<\/a>&nbsp;&nbsp;Eurosport<\/li>\n<li><a href=\"https:\/\/news.google.com\/rss\/articles\/CBMi7wFBVV95cUxOTmVMWFZGTGN0alJlUk9FZ0I1TklIODVCWTZNcDhpQjdFeEhQR3hUaUFyelN6V0NXa1pqRVRkU1E3a0FuZVlaZDc3NDRLTUgyaHpjMldROFd4eElfUDNuN2s5MEhyaUFsZzBhUFlmNVU2VXZTLUVyQW9seGhvWHEyYVVPcWgwcEktQnBuU0R0MVVjYmFYQTMwczhQS0ZRMHduRmFUaGFLc1pNUHZ3dmtNVTFDeTlFX1ZWRG9RRGNKUV9TZlV0SW9GSVZHRnVqRE0tM1pOT2hCcjhoc0ppbXBPSGdHcFNBNTJMemh5T0VXSdIB7gFBVV95cUxNOWxxTktKellybXAwSVNham1pcHc5bGg5STdDZHhuYWE0RmNzLTUtaW8xcHRqNnA2MFRlXzY5NkxIaE40NFA5ZVRmSW9YUE53enEwdi1aZk13eXdBb29URHp2WXBvNF80dUY3TU8xNF9QY3dqd21saEpYOHpVWFNSTHdiaElpTWxtRFhpNVV6UXJ3S0JpQ09rMzJHYjliWVdNZUsyX1lvWGlGWUxSYXJ3Y0tuWjBKTy1rTHlFbTF3eXNmcVZSVUcwWllIVUdiZDFzYUU1RUdOd1NiNmF2TGEwa1FpbXgxb1lqTXM5d05n?oc=5\" target=\"_blank\" rel=\"nofollow noopener\">Championnat des Nations : Un match en Nouvelle-Z\u00e9lande en ouverture pour le XV de France : Sports &#8211; Orange<\/a>&nbsp;&nbsp;Sports &#8211; Orange<\/li>\n<\/ol>\n","protected":false},"excerpt":{"rendered":"Le XV de France affrontera les All Blacks en Nouvelle-Z\u00e9lande une semaine apr\u00e8s la finale du Top 14&nbsp;&nbsp;L&rsquo;\u00c9quipe&hellip;\n","protected":false},"author":2,"featured_media":539996,"comment_status":"","ping_status":"","sticky":false,"template":"","format":"standard","meta":{"footnotes":""},"categories":[1416],"tags":[1011,27,479,1468,60],"class_list":{"0":"post-539995","1":"post","2":"type-post","3":"status-publish","4":"format-standard","5":"has-post-thumbnail","7":"category-rugby","8":"tag-fr","9":"tag-france","10":"tag-rugby","11":"tag-rugby-football","12":"tag-sports"},"share_on_mastodon":{"url":"https:\/\/pubeurope.com\/@fr\/115564515493010515","error":""},"_links":{"self":[{"href":"https:\/\/www.europesays.com\/fr\/wp-json\/wp\/v2\/posts\/539995","targetHints":{"allow":["GET"]}}],"collection":[{"href":"https:\/\/www.europesays.com\/fr\/wp-json\/wp\/v2\/posts"}],"about":[{"href":"https:\/\/www.europesays.com\/fr\/wp-json\/wp\/v2\/types\/post"}],"author":[{"embeddable":true,"href":"https:\/\/www.europesays.com\/fr\/wp-json\/wp\/v2\/users\/2"}],"replies":[{"embeddable":true,"href":"https:\/\/www.europesays.com\/fr\/wp-json\/wp\/v2\/comments?post=539995"}],"version-history":[{"count":0,"href":"https:\/\/www.europesays.com\/fr\/wp-json\/wp\/v2\/posts\/539995\/revisions"}],"wp:featuredmedia":[{"embeddable":true,"href":"https:\/\/www.europesays.com\/fr\/wp-json\/wp\/v2\/media\/539996"}],"wp:attachment":[{"href":"https:\/\/www.europesays.com\/fr\/wp-json\/wp\/v2\/media?parent=539995"}],"wp:term":[{"taxonomy":"category","embeddable":true,"href":"https:\/\/www.europesays.com\/fr\/wp-json\/wp\/v2\/categories?post=539995"},{"taxonomy":"post_tag","embeddable":true,"href":"https:\/\/www.europesays.com\/fr\/wp-json\/wp\/v2\/tags?post=539995"}],"curies":[{"name":"wp","href":"https:\/\/api.w.org\/{rel}","templated":true}]}}