{"id":539997,"date":"2025-11-17T10:15:16","date_gmt":"2025-11-17T10:15:16","guid":{"rendered":"https:\/\/www.europesays.com\/fr\/539997\/"},"modified":"2025-11-17T10:15:16","modified_gmt":"2025-11-17T10:15:16","slug":"classement-atp-alcaraz-numero-1-a-lissue-de-la-saison-auger-aliassime-remonte-au-cinquieme-rang-sports","status":"publish","type":"post","link":"https:\/\/www.europesays.com\/fr\/539997\/","title":{"rendered":"Classement ATP : Alcaraz num\u00e9ro 1 \u00e0 l&rsquo;issue de la saison, Auger-Aliassime remonte au cinqui\u00e8me rang : Sports"},"content":{"rendered":"<p class=\"date\">\n                                                            Mathieu Warnier, Media365, publi\u00e9 le lundi 17 novembre 2025 \u00e0 10h10\n                                                    <\/p>\n<p>Finaliste malheureux des ATP Finals ce dimanche, Carlos Alcaraz se console en conservant la premi\u00e8re place mondiale au terme de la saison 2025. Une hi\u00e9rarchie dans laquelle F\u00e9lix Auger-Aliassime a su grimper.<\/p>\n<p>Et de deux pour Carlos Alcaraz ! Apr\u00e8s avoir conclu la saison 2022 \u00e0 la premi\u00e8re position du classement ATP, l&rsquo;Espagnol a r\u00e9cidiv\u00e9 au terme de l&rsquo;exercice 2025 qu&rsquo;il a conclu sur une d\u00e9faite ce dimanche face \u00e0 Jannik Sinner lors de la finale des ATP Finals. D\u00e9j\u00e0 assur\u00e9 de cette position gr\u00e2ce \u00e0 ses trois succ\u00e8s lors de la phase de groupes dans l&rsquo;enceinte de l&rsquo;Inalpi Arena de Turin, le natif de Murcie a pris un total de 1000 points lors de ce dernier tournoi de l&rsquo;ann\u00e9e. En cons\u00e9quence, il ach\u00e8ve la saison avec une avance de 550 points sur Jannik Sinner.<\/p>\n<p>Auger-Aliassime n&rsquo;a jamais \u00e9t\u00e9 aussi haut<\/p>\n<p>L&rsquo;Italien a pu prendre le maximum de 1500 unit\u00e9s gr\u00e2ce \u00e0 son parcours sans-faute tout au long de la semaine devant son public. Derri\u00e8re ce duo de choc, la concurrence est tr\u00e8s nettement distanc\u00e9e. N&rsquo;ayant pris que 200 points gr\u00e2ce \u00e0 son succ\u00e8s face \u00e0 Ben Shelton en ouverture des ATP Finals, Alexander Zverev compl\u00e8te le podium mais avec moins de la moiti\u00e9 du total accumul\u00e9 par Jannik Sinner. Le grand gagnant de cette semaine italienne est sans doute F\u00e9lix Auger-Aliassime. Qualifi\u00e9 in extremis pour ce rendez-vous, le Canadien profite au maximum des 400 points glan\u00e9s \u00e0 la suite de ses succ\u00e8s contre Ben Shelton puis Alexander Zverev.<\/p>\n<p>Pas de mouvements pour les Fran\u00e7ais dans le Top 50<\/p>\n<p>En effet, il pointe d\u00e9sormais \u00e0 la cinqui\u00e8me place dans la hi\u00e9rarchie, soit le meilleur classement de sa carri\u00e8re, avec seulement 585 points de retard sur la quatri\u00e8me place tenue par Novak Djokovic, qui avait d\u00e9clar\u00e9 forfait pour les ATP Finals. Reparti avec trois d\u00e9faites en autant de matchs, Ben Shelton recule de quatre rangs et pointe d\u00e9sormais en neuvi\u00e8me position. Ce qui profite \u00e0 Lorenzo Musetti, nouveau num\u00e9ro 8 mondial avec une marge de 70 points sur l&rsquo;Am\u00e9ricain. C\u00f4t\u00e9 Tricolore, les positions n&rsquo;ont pas boug\u00e9 dans le Top 50 mondial avec Arthur Rinderknech toujours 29eme quand Corentin Moutet (35eme), Ugo Humbert (37eme), Arthur Fils (40eme) et Alexandre M\u00fcller (42eme) figurent \u00e9galement dans le Top 50 au terme de la saison 2025.<\/p>\n<p><strong>TENNIS \/ CLASSEMENT ATP<\/strong><br \/><strong>Classement au lundi 10 novembre 2025<\/strong><br \/><strong>1- Carlos Alcaraz (ESP) 12 050 points<\/strong><br \/><strong>2-<\/strong> Jannik Sinner (ITA) 11 500<br \/><strong>3-<\/strong> Alexander Zverev (ALL) 5 160<br \/><strong>4-<\/strong> Novak Djokovic (SER) 4 830<br \/><strong>5-<\/strong> Felix Auger-Aliassime (CAN) 4 245 (+3)<br \/><strong>6-<\/strong> Taylor Fritz (USA) 4 135<br \/><strong>7-<\/strong> Alex De Minaur (AUS) 4 135<br \/><strong>8-<\/strong> Lorenzo Musetti (ITA) 4 040<br \/><strong>9-<\/strong> Ben Shelton (USA) 3 970 (-4)<br \/><strong>10-<\/strong> Jack Draper (GBR) 2 990<br \/><strong>&#8230;<\/strong><br \/><strong>29-<\/strong> Arthur Rinderknech (FRA) 1 540<br \/><strong>&#8230;<\/strong><br \/><strong>35-<\/strong> Corentin Moutet (FRA) 1 408<br \/><strong>&#8230;<\/strong><br \/><strong>37-<\/strong> Ugo Humbert (FRA) 1 380<br \/><strong>&#8230;<\/strong><br \/><strong>40-<\/strong> Arthur Fils (FRA) 1 260<br \/><strong>&#8230;<\/strong><br \/><strong>42-<\/strong> Alexandre Muller (FRA) 1 230<br \/><strong>&#8230;<\/strong><br \/><strong>58-<\/strong> Valentin Royer (FRA) 936<br \/><strong>59-<\/strong> Giovanni Mpetshi Perricard (FRA) 965<br \/><strong>&#8230;<\/strong><br \/><strong>65-<\/strong> Terence Atmane (FRA) 855<br \/><strong>&#8230;<\/strong><br \/><strong>67-<\/strong> Arthur Cazaux (FRA) 848 (+1)<br \/><strong>68-<\/strong> Ga\u00ebl Monfils (FRA) 825 (+1)<br \/><strong>69-<\/strong> Adrian Mannarino (FRA) 817 (+1)<br \/><strong>&#8230;<\/strong><br \/><strong>92-<\/strong> Quentin Halys (FRA) 679 (-2)<br \/><strong>&#8230;<\/strong><br \/><strong>96-<\/strong> Benjamin Bonzi (FRA) 667 (-2)<br \/><strong>&#8230;<\/strong><br \/><strong>98-<\/strong> Hugo Gaston (FRA) 653 (-2)<br \/><strong>&#8230;<\/strong><\/p>\n","protected":false},"excerpt":{"rendered":"Mathieu Warnier, Media365, publi\u00e9 le lundi 17 novembre 2025 \u00e0 10h10 Finaliste malheureux des ATP Finals ce dimanche,&hellip;\n","protected":false},"author":2,"featured_media":539998,"comment_status":"","ping_status":"","sticky":false,"template":"","format":"standard","meta":{"footnotes":""},"categories":[1415],"tags":[1011,27,60,1467],"class_list":{"0":"post-539997","1":"post","2":"type-post","3":"status-publish","4":"format-standard","5":"has-post-thumbnail","7":"category-tennis","8":"tag-fr","9":"tag-france","10":"tag-sports","11":"tag-tennis"},"share_on_mastodon":{"url":"https:\/\/pubeurope.com\/@fr\/115564519295561911","error":""},"_links":{"self":[{"href":"https:\/\/www.europesays.com\/fr\/wp-json\/wp\/v2\/posts\/539997","targetHints":{"allow":["GET"]}}],"collection":[{"href":"https:\/\/www.europesays.com\/fr\/wp-json\/wp\/v2\/posts"}],"about":[{"href":"https:\/\/www.europesays.com\/fr\/wp-json\/wp\/v2\/types\/post"}],"author":[{"embeddable":true,"href":"https:\/\/www.europesays.com\/fr\/wp-json\/wp\/v2\/users\/2"}],"replies":[{"embeddable":true,"href":"https:\/\/www.europesays.com\/fr\/wp-json\/wp\/v2\/comments?post=539997"}],"version-history":[{"count":0,"href":"https:\/\/www.europesays.com\/fr\/wp-json\/wp\/v2\/posts\/539997\/revisions"}],"wp:featuredmedia":[{"embeddable":true,"href":"https:\/\/www.europesays.com\/fr\/wp-json\/wp\/v2\/media\/539998"}],"wp:attachment":[{"href":"https:\/\/www.europesays.com\/fr\/wp-json\/wp\/v2\/media?parent=539997"}],"wp:term":[{"taxonomy":"category","embeddable":true,"href":"https:\/\/www.europesays.com\/fr\/wp-json\/wp\/v2\/categories?post=539997"},{"taxonomy":"post_tag","embeddable":true,"href":"https:\/\/www.europesays.com\/fr\/wp-json\/wp\/v2\/tags?post=539997"}],"curies":[{"name":"wp","href":"https:\/\/api.w.org\/{rel}","templated":true}]}}