{"id":540003,"date":"2025-11-17T10:21:13","date_gmt":"2025-11-17T10:21:13","guid":{"rendered":"https:\/\/www.europesays.com\/fr\/540003\/"},"modified":"2025-11-17T10:21:13","modified_gmt":"2025-11-17T10:21:13","slug":"patrick-sebastien-je-vais-aller-lanimateur-hante-par-une-phrase-choc-de-pierre-palmade","status":"publish","type":"post","link":"https:\/\/www.europesays.com\/fr\/540003\/","title":{"rendered":"Patrick S\u00e9bastien : \u00ab\u00a0Je vais aller&#8230;\u00a0\u00bb, l&rsquo;animateur hant\u00e9 par une phrase choc de Pierre Palmade"},"content":{"rendered":"<p>C\u2019\u00e9tait en f\u00e9vrier 2023, mais le monde s\u2019en souvient encore.<br \/>\nL\u2019humoriste Pierre Palmade, sous l\u2019influence de coca\u00efne et de<br \/>\ndrogue de synth\u00e8se, a provoqu\u00e9 un grave accident de la route. Suite<br \/>\n\u00e0 cette accident, une femme enceinte de six mois a perdu son b\u00e9b\u00e9,<br \/>\net <strong>l\u2019humoriste a \u00e9t\u00e9 condamn\u00e9 \u00e0 cinq ans de prison dont<br \/>\ntrois ans avec sursis<\/strong>. Une affaire qui a beaucoup fait<br \/>\nparler, notamment \u00e0 cause des <a href=\"https:\/\/www.closermag.fr\/people\/pierre-palmade-apres-laffaire-une-celebre-amie-marche-sur-des-oeufs-mais-ses-quelques-mots-disent-tout-3555856\" target=\"_blank\" rel=\"noopener\"><br \/>\nprises de position des proches<\/a> de Pierre Palmade.<\/p>\n<p>Certains ont d\u00e9cid\u00e9 de s\u2019\u00e9loigner de Pierre Palmade, d\u2019autres<br \/>\nont exprim\u00e9 son soutien \u00e0 l\u2019humoriste. Pour <a href=\"https:\/\/www.instagram.com\/patricksebastienofficiel\/\" rel=\"nofollow noopener\" target=\"_blank\">Patrick S\u00e9bastien<\/a>, c\u2019est dans son livre<br \/>\nNostalvie qu\u2019il a \u00e9voqu\u00e9 l\u2019affaire et notamment <strong>un<br \/>\nsouvenir en particulier<\/strong>. Il s\u2019agissait d\u2019une soir\u00e9e, que<br \/>\nles deux c\u00e9l\u00e9brit\u00e9s ont v\u00e9cues ensemble il y a une trentaine<br \/>\nd\u2019ann\u00e9es. \u00ab\u00a0J\u2019aimais bien Pierre. Sans \u00eatre intime, j\u2019ai eu<br \/>\nl\u2019occasion de partager quelques soir\u00e9es avec lui, il y a<br \/>\nlongtemps\u00a0\u00bb a \u00e9crit Patrick S\u00e9bastien dans son livre.<\/p>\n<p>Patrick S\u00e9bastien hant\u00e9 par quelques mots de Pierre<br \/>\nPalmade<\/p>\n<p>Il parle ensuite de son addiction, mais \u00e0 une \u00e9poque o\u00f9 \u00e7a ne<br \/>\n\u00ab\u00a0l\u2019avait pas totalement asservi. Il \u00e9tait dr\u00f4le, cinglant.<br \/>\n<strong>Je me souviens d\u2019une r\u00e9plique qui, dans sa situation<br \/>\nactuelle, prend encore plus de relief<\/strong>\u00ab\u00a0. Il raconte<br \/>\nensuite qu\u2019ils avaient crois\u00e9, dans une bo\u00eete \u00e0 la mode, une<br \/>\nc\u00e9l\u00e9brit\u00e9 qui n\u2019\u00e9tait pas pour autant \u00ab\u00a0une star\u00a0\u00bb. Patrick<br \/>\nS\u00e9bastien d\u00e9crit cette personne : \u00ab\u00a0Un gentil gar\u00e7on d\u2019une<br \/>\ncinquantaine d\u2019ann\u00e9es. Costaud, fort en gueule, il paradait. Il<br \/>\n\u00e9tait entour\u00e9 d\u2019une grappe de jolies filles beaucoup plus jeunes<br \/>\nque lui\u00a0\u00bb.\u00a0<\/p>\n<p>C\u2019est en r\u00e9action \u00e0 cette sc\u00e8ne que Pierre Palmade, d\u00e9sormais<br \/>\n<a href=\"https:\/\/www.closermag.fr\/people\/pierre-palmade-avenir-3538378\" rel=\"noopener\" target=\"_blank\">lib\u00e9r\u00e9 de prison<\/a>, a eu des propos marquants. Il a gliss\u00e9<br \/>\n\u00e0 Patrick S\u00e9bastien : \u00ab\u00a0Tu vois \u2018machin\u2019 l\u00e0-bas ? <strong>Il est<br \/>\nmalheureux, mais il ne le sait pas<\/strong>. Je vais aller lui dire<br \/>\n!\u00a0\u00bb. Pierre Palmade n\u2019\u00e9tait \u00e9videmment pas all\u00e9 rapporter ces<br \/>\nmots \u00e0 la fameuse c\u00e9l\u00e9brit\u00e9, mais cela n\u2019a pas emp\u00each\u00e9 Patrick<br \/>\nS\u00e9bastien de garder ses mots en t\u00eate.<\/p>\n<p>L\u2019humoriste parlait-il de lui ?<\/p>\n<p>\u00ab\u00a0Il n\u2019y est pas all\u00e9, bien s\u00fbr. C\u2019\u00e9tait pour faire un mot.<br \/>\nMais ce mot claque encore plus quand ma m\u00e9moire depuis le terrible<br \/>\nfait divers. Avec une question \u00e9vidente : ce qu\u2019il pensait de<br \/>\n\u2018machin\u2019, ce n\u2019\u00e9tait pas d\u2019abord <strong>ce qu\u2019il pensait de<br \/>\nlui-m\u00eame ?<\/strong> Je crois sinc\u00e8rement que oui\u00a0\u00bb a-t-il \u00e9crit<br \/>\ndans son livre. Un passage marquant qui r\u00e9sonne toujours<br \/>\n\u00e9trangement aujourd\u2019hui, <a href=\"https:\/\/www.closermag.fr\/people\/pierre-palmade-deux-ans-apres-son-accident-un-enorme-bouleversement-juridique-3560433\" rel=\"noopener\" target=\"_blank\">plus de deux ans apr\u00e8s l\u2019accident<\/a>\u2026<\/p>\n<p><script async src=\"\/\/www.instagram.com\/embed.js\"><\/script><\/p>\n","protected":false},"excerpt":{"rendered":"C\u2019\u00e9tait en f\u00e9vrier 2023, mais le monde s\u2019en souvient encore. L\u2019humoriste Pierre Palmade, sous l\u2019influence de coca\u00efne et&hellip;\n","protected":false},"author":2,"featured_media":540004,"comment_status":"","ping_status":"","sticky":false,"template":"","format":"standard","meta":{"footnotes":""},"categories":[1359],"tags":[10281,58,59,1011,27,6097,973,1250],"class_list":{"0":"post-540003","1":"post","2":"type-post","3":"status-publish","4":"format-standard","5":"has-post-thumbnail","7":"category-people","8":"tag-buzz-nonli","9":"tag-divertissement","10":"tag-entertainment","11":"tag-fr","12":"tag-france","13":"tag-patrick-sebastien","14":"tag-people","15":"tag-pierre-palmade"},"share_on_mastodon":{"url":"https:\/\/pubeurope.com\/@fr\/115564542998707941","error":""},"_links":{"self":[{"href":"https:\/\/www.europesays.com\/fr\/wp-json\/wp\/v2\/posts\/540003","targetHints":{"allow":["GET"]}}],"collection":[{"href":"https:\/\/www.europesays.com\/fr\/wp-json\/wp\/v2\/posts"}],"about":[{"href":"https:\/\/www.europesays.com\/fr\/wp-json\/wp\/v2\/types\/post"}],"author":[{"embeddable":true,"href":"https:\/\/www.europesays.com\/fr\/wp-json\/wp\/v2\/users\/2"}],"replies":[{"embeddable":true,"href":"https:\/\/www.europesays.com\/fr\/wp-json\/wp\/v2\/comments?post=540003"}],"version-history":[{"count":0,"href":"https:\/\/www.europesays.com\/fr\/wp-json\/wp\/v2\/posts\/540003\/revisions"}],"wp:featuredmedia":[{"embeddable":true,"href":"https:\/\/www.europesays.com\/fr\/wp-json\/wp\/v2\/media\/540004"}],"wp:attachment":[{"href":"https:\/\/www.europesays.com\/fr\/wp-json\/wp\/v2\/media?parent=540003"}],"wp:term":[{"taxonomy":"category","embeddable":true,"href":"https:\/\/www.europesays.com\/fr\/wp-json\/wp\/v2\/categories?post=540003"},{"taxonomy":"post_tag","embeddable":true,"href":"https:\/\/www.europesays.com\/fr\/wp-json\/wp\/v2\/tags?post=540003"}],"curies":[{"name":"wp","href":"https:\/\/api.w.org\/{rel}","templated":true}]}}