{"id":540009,"date":"2025-11-17T10:25:14","date_gmt":"2025-11-17T10:25:14","guid":{"rendered":"https:\/\/www.europesays.com\/fr\/540009\/"},"modified":"2025-11-17T10:25:14","modified_gmt":"2025-11-17T10:25:14","slug":"la-chanteuse-vitaa-annonce-mettre-sa-carriere-en-pause-apres-sa-tournee","status":"publish","type":"post","link":"https:\/\/www.europesays.com\/fr\/540009\/","title":{"rendered":"la chanteuse Vitaa annonce mettre sa carri\u00e8re en pause apr\u00e8s sa tourn\u00e9e"},"content":{"rendered":"<p itemprop=\"description\"><strong>Moment d\u2019\u00e9motion ce samedi soir sur la sc\u00e8ne de la LDLC Arena de D\u00e9cines.<\/strong><\/p>\n<p>\u00ab\u00a0Merci pour tous les messages que je re\u00e7ois depuis des ann\u00e9es maintenant. Merci pour tous les cadeaux que vous me faites, je lis tout, je vois tout. Je prends tout, je vous aime.\u00a0\u00bb La chanteuse <strong>Vitaa<\/strong> \u00e9tait particuli\u00e8rement \u00e9mue ce samedi soir lors de son concert \u00e0 la LDLC Arena de D\u00e9cines dans le cadre de sa tourn\u00e9e faisant suite \u00e0 la sortie de son dernier album intitul\u00e9 Charlotte.<\/p>\n<p>L\u2019artiste ayant grandi dans l\u2019agglom\u00e9ration lyonnaise a \u00e9galement fait une annonce surprenante comme le montre une vid\u00e9o publi\u00e9e par un spectateur du show. \u00ab\u00a0Je ne sais pas combien de temps \u00e7a va durer encore, c\u2019est bient\u00f4t la fin. Mais la v\u00e9rit\u00e9, vous me faites le plus beau cadeau du monde, c\u2019est une gr\u00e2ce d\u2019avoir un public comme vous\u00a0\u00bb, a d\u00e9clar\u00e9 Vitaa avant de faire une pr\u00e9cision sur ses propos. \u00ab\u00a0C\u2019est vrai que je vais repartir dans l\u2019ombre, c\u2019est bien aussi de faire un break, c\u2019est bien de dispara\u00eetre aussi. Mais dans ces moments-l\u00e0 moi je suis nostalgique, je regarde beaucoup les photos, vid\u00e9os, lettres que l\u2019on m\u2019\u00e9crit.\u00a0\u00bb<\/p>\n<p>On ignore la dur\u00e9e de ce \u00ab\u00a0break\u00a0\u00bb de la chanteuse qui doit encore donner trois concerts d\u2019ici la fin du mois de novembre \u00e0 La Seine Musicale \u00e0 Boulogne-Billancourt. \u00ab\u00a0M\u00eame si je suis moins pr\u00e9sente, vous \u00eates dans mon c\u0153ur et je ne vous oublie pas\u00a0\u00bb, a conclu Vitaa \u00e0 la fin de son concert lyonnais.<\/p>\n<blockquote class=\"tiktok-embed\" style=\"max-width: 605px; min-width: 325px;\" cite=\"https:\/\/www.tiktok.com\/@lesconcertsdalex\/video\/7573114412672781590\" data-video-id=\"7573114412672781590\"><p><a title=\"@lesconcertsdalex\" href=\"https:\/\/www.tiktok.com\/@lesconcertsdalex?refer=embed\" target=\"_blank\" rel=\"noopener\">@lesconcertsdalex<\/a> L\u2019annonce de Vitaa \u00e0 la fin de concert \u00e0 Lyon <a title=\"vitaa\" href=\"https:\/\/www.tiktok.com\/tag\/vitaa?refer=embed\" target=\"_blank\" rel=\"noopener\">#vitaa<\/a> <a title=\"lyon\" href=\"https:\/\/www.tiktok.com\/tag\/lyon?refer=embed\" target=\"_blank\" rel=\"noopener\">#lyon<\/a> <a title=\"carriere\" href=\"https:\/\/www.tiktok.com\/tag\/carriere?refer=embed\" target=\"_blank\" rel=\"noopener\">#carriere<\/a> <a title=\"concert\" href=\"https:\/\/www.tiktok.com\/tag\/concert?refer=embed\" target=\"_blank\" rel=\"noopener\">#concert<\/a> <a title=\"\u266c son original - Les concerts d\u2019Alex\" href=\"https:\/\/www.tiktok.com\/music\/son-original-7573114430696459030?refer=embed\" target=\"_blank\" rel=\"noopener\">\u266c son original &#8211; Les concerts d\u2019Alex<\/a><\/p><\/blockquote>\n<p>\t\t  <script async src=\"\/\/www.tiktok.com\/embed.js\"><\/script><\/p>\n","protected":false},"excerpt":{"rendered":"Moment d\u2019\u00e9motion ce samedi soir sur la sc\u00e8ne de la LDLC Arena de D\u00e9cines. \u00ab\u00a0Merci pour tous les&hellip;\n","protected":false},"author":2,"featured_media":540010,"comment_status":"","ping_status":"","sticky":false,"template":"","format":"standard","meta":{"footnotes":""},"categories":[1355],"tags":[1111,11,2813,2190,1109,251,1112,58,2811,59,118,1294,4651,1011,27,1922,1110,1114,2428,4903,4902,1361,873,241,316,2812,517,800],"class_list":{"0":"post-540009","1":"post","2":"type-post","3":"status-publish","4":"format-standard","5":"has-post-thumbnail","7":"category-musique","8":"tag-actu","9":"tag-actualites","10":"tag-article","11":"tag-asvel","12":"tag-breves","13":"tag-culture","14":"tag-depeches","15":"tag-divertissement","16":"tag-economique","17":"tag-entertainment","18":"tag-faits-divers","19":"tag-femme","20":"tag-femmes","21":"tag-fr","22":"tag-france","23":"tag-info","24":"tag-informations","25":"tag-infos","26":"tag-lyon","27":"tag-lyonfemme","28":"tag-lyonfemmes","29":"tag-music","30":"tag-musique","31":"tag-ol","32":"tag-politique","33":"tag-sociale","34":"tag-sport","35":"tag-transports"},"share_on_mastodon":{"url":"https:\/\/pubeurope.com\/@fr\/115564558860313477","error":""},"_links":{"self":[{"href":"https:\/\/www.europesays.com\/fr\/wp-json\/wp\/v2\/posts\/540009","targetHints":{"allow":["GET"]}}],"collection":[{"href":"https:\/\/www.europesays.com\/fr\/wp-json\/wp\/v2\/posts"}],"about":[{"href":"https:\/\/www.europesays.com\/fr\/wp-json\/wp\/v2\/types\/post"}],"author":[{"embeddable":true,"href":"https:\/\/www.europesays.com\/fr\/wp-json\/wp\/v2\/users\/2"}],"replies":[{"embeddable":true,"href":"https:\/\/www.europesays.com\/fr\/wp-json\/wp\/v2\/comments?post=540009"}],"version-history":[{"count":0,"href":"https:\/\/www.europesays.com\/fr\/wp-json\/wp\/v2\/posts\/540009\/revisions"}],"wp:featuredmedia":[{"embeddable":true,"href":"https:\/\/www.europesays.com\/fr\/wp-json\/wp\/v2\/media\/540010"}],"wp:attachment":[{"href":"https:\/\/www.europesays.com\/fr\/wp-json\/wp\/v2\/media?parent=540009"}],"wp:term":[{"taxonomy":"category","embeddable":true,"href":"https:\/\/www.europesays.com\/fr\/wp-json\/wp\/v2\/categories?post=540009"},{"taxonomy":"post_tag","embeddable":true,"href":"https:\/\/www.europesays.com\/fr\/wp-json\/wp\/v2\/tags?post=540009"}],"curies":[{"name":"wp","href":"https:\/\/api.w.org\/{rel}","templated":true}]}}