{"id":540011,"date":"2025-11-17T10:26:12","date_gmt":"2025-11-17T10:26:12","guid":{"rendered":"https:\/\/www.europesays.com\/fr\/540011\/"},"modified":"2025-11-17T10:26:12","modified_gmt":"2025-11-17T10:26:12","slug":"seulement-5-films-francais-ont-depasse-le-million-dentrees-au-cinema-en-2025-contre-11-en-2024","status":"publish","type":"post","link":"https:\/\/www.europesays.com\/fr\/540011\/","title":{"rendered":"Seulement 5 films fran\u00e7ais ont d\u00e9pass\u00e9 le million d&rsquo;entr\u00e9es au cin\u00e9ma en 2025 contre 11 en 2024"},"content":{"rendered":"<p>Seulement 5 films fran\u00e7ais ont d\u00e9pass\u00e9 le million d&rsquo;entr\u00e9es au cin\u00e9ma en 2025 contre 11 en 2024Sur le m\u00eame sujet<a href=\"https:\/\/www.bfmtv.com\/replay-emissions\/culture-et-vous\/video-signe-bfm-l-experience-theatrale-la-nouvelle-comedie-de-laurent-ruquier-qui-met-en-scene-max-boublil-et-francois-berleand_VN-202511170212.html\" title=\"SIGN\u00c9 BFM - &quot;L&#039;Exp\u00e9rience Th\u00e9\u00e2trale&quot;, la nouvelle com\u00e9die de Laurent Ruquier qui met en sc\u00e8ne Max Boublil et Fran\u00e7ois Berl\u00e9and\" rel=\"nofollow noopener\" target=\"_blank\"><img width=\"16\" height=\"9\" class=\"lozad\"  alt=\"SIGN\u00c9 BFM - &quot;L'Exp\u00e9rience Th\u00e9\u00e2trale&quot;, la nouvelle com\u00e9die de Laurent Ruquier qui met en sc\u00e8ne Max Boublil et Fran\u00e7ois Berl\u00e9and\"\/>3:15SIGN\u00c9 BFM &#8211; \u00ab\u00a0L&rsquo;Exp\u00e9rience Th\u00e9\u00e2trale\u00a0\u00bb, la nouvelle com\u00e9die de Laurent Ruquier qui met en sc\u00e8ne Max Boublil et Fran\u00e7ois Berl\u00e9and<\/a><a href=\"https:\/\/www.bfmtv.com\/replay-emissions\/bfm-premiere\/video-culture-le-cinema-francais-a-la-peine-17-11_VN-202511170140.html\" title=\"Culture : le cin\u00e9ma fran\u00e7ais \u00e0 la peine - 17\/11\" rel=\"nofollow noopener\" target=\"_blank\"><img width=\"16\" height=\"9\" class=\"lozad\"  alt=\"Culture : le cin\u00e9ma fran\u00e7ais \u00e0 la peine - 17\/11\"\/>1:03Culture : le cin\u00e9ma fran\u00e7ais \u00e0 la peine &#8211; 17\/11<\/a><a href=\"https:\/\/www.bfmtv.com\/culture\/video-seulement-5-films-francais-ont-depasse-le-million-d-entrees-au-cinema-en-2025-contre-11-en-2024_VN-202511170100.html\" title=\"Seulement 5 films fran\u00e7ais ont d\u00e9pass\u00e9 le million d&#039;entr\u00e9es au cin\u00e9ma en 2025 contre 11 en 2024\" rel=\"nofollow noopener\" target=\"_blank\"><img width=\"16\" height=\"9\" class=\"lozad\"  alt=\"Seulement 5 films fran\u00e7ais ont d\u00e9pass\u00e9 le million d'entr\u00e9es au cin\u00e9ma en 2025 contre 11 en 2024\"\/>en lectureSeulement 5 films fran\u00e7ais ont d\u00e9pass\u00e9 le million d&rsquo;entr\u00e9es au cin\u00e9ma en 2025 contre 11 en 2024<\/a><a href=\"https:\/\/www.bfmtv.com\/culture\/video-du-petit-au-grand-ecran-les-labubu-debarquent-au-cinema_VN-202511160142.html\" title=\"Du petit au grand \u00e9cran, les Labubu d\u00e9barquent au cin\u00e9ma \" rel=\"nofollow noopener\" target=\"_blank\"><img width=\"16\" height=\"9\" class=\"lozad\"  alt=\"Du petit au grand \u00e9cran, les Labubu d\u00e9barquent au cin\u00e9ma \"\/>1:23Du petit au grand \u00e9cran, les Labubu d\u00e9barquent au cin\u00e9ma<\/a><a href=\"https:\/\/www.bfmtv.com\/culture\/video-je-sens-qu-il-me-guide-la-nouvelle-vie-de-la-chanteuse-malienne-mariam-apres-le-deces-d-amadou_VN-202511160116.html\" title=\"&quot;Je sens qu&#039;il me guide&quot;: la nouvelle vie de la chanteuse malienne Mariam apr\u00e8s le d\u00e9c\u00e8s d&#039;Amadou\" rel=\"nofollow noopener\" target=\"_blank\"><img width=\"16\" height=\"9\" class=\"lozad\"  alt=\"&quot;Je sens qu'il me guide&quot;: la nouvelle vie de la chanteuse malienne Mariam apr\u00e8s le d\u00e9c\u00e8s d'Amadou\"\/>3:58&Prime;Je sens qu&rsquo;il me guide\u00a0\u00bb: la nouvelle vie de la chanteuse malienne Mariam apr\u00e8s le d\u00e9c\u00e8s d&rsquo;Amadou<\/a><a href=\"https:\/\/www.bfmtv.com\/culture\/video-apres-les-trois-mousquetaires-et-le-comte-de-monte-cristo-le-cote-obscure-de-jean-valjean-adapte-au-cinema_VN-202511160089.html\" title=\"Apr\u00e8s les Trois Mousquetaires et le Comte de Monte-Cristo, le c\u00f4t\u00e9 obscure de Jean Valjean adapt\u00e9 au cin\u00e9ma \" rel=\"nofollow noopener\" target=\"_blank\"><img width=\"16\" height=\"9\" class=\"lozad\"  alt=\"Apr\u00e8s les Trois Mousquetaires et le Comte de Monte-Cristo, le c\u00f4t\u00e9 obscure de Jean Valjean adapt\u00e9 au cin\u00e9ma \"\/>4:09Apr\u00e8s les Trois Mousquetaires et le Comte de Monte-Cristo, le c\u00f4t\u00e9 obscure de Jean Valjean adapt\u00e9 au cin\u00e9ma<\/a><a href=\"https:\/\/www.bfmtv.com\/culture\/video-dans-la-nuit-au-c-ur-prix-femina-2025-nathacha-appanah-plonge-dans-la-banalite-du-mal-autour-des-violences-faites-aux-femmes_VN-202511150200.html\" title=\"Dans &quot;La Nuit au c\u0153ur&quot;, prix Femina 2025, Nathacha Appanah plonge dans &quot;la banalit\u00e9 du mal&quot; autour des violences faites aux femmes\" rel=\"nofollow noopener\" target=\"_blank\"><img width=\"16\" height=\"9\" class=\"lozad\"  alt=\"Dans &quot;La Nuit au c\u0153ur&quot;, prix Femina 2025, Nathacha Appanah plonge dans &quot;la banalit\u00e9 du mal&quot; autour des violences faites aux femmes\"\/>1:37Dans \u00ab\u00a0La Nuit au c\u0153ur\u00a0\u00bb, prix Femina 2025, Nathacha Appanah plonge dans \u00ab\u00a0la banalit\u00e9 du mal\u00a0\u00bb autour des violences faites aux femmes<\/a><a href=\"https:\/\/www.bfmtv.com\/culture\/video-harry-potter-drago-malefoy-enflamme-un-theatre-de-broadway_VN-202511150194.html\" title=\"Harry Potter: Drago Malefoy enflamme un th\u00e9\u00e2tre de Broadway\" rel=\"nofollow noopener\" target=\"_blank\"><img width=\"16\" height=\"9\" class=\"lozad\"  alt=\"Harry Potter: Drago Malefoy enflamme un th\u00e9\u00e2tre de Broadway\"\/>1:33Harry Potter: Drago Malefoy enflamme un th\u00e9\u00e2tre de Broadway<\/a><a href=\"https:\/\/www.bfmtv.com\/culture\/video-dans-les-coulisses-de-la-creation-de-marjolaine-le-dernier-album-de-gaetan-roussel_VN-202511150166.html\" title=\"Dans les coulisses de la cr\u00e9ation de &quot;Marjolaine&quot;, le dernier album de Ga\u00ebtan Roussel\" rel=\"nofollow noopener\" target=\"_blank\"><img width=\"16\" height=\"9\" class=\"lozad\"  alt=\"Dans les coulisses de la cr\u00e9ation de &quot;Marjolaine&quot;, le dernier album de Ga\u00ebtan Roussel\"\/>4:13Dans les coulisses de la cr\u00e9ation de \u00ab\u00a0Marjolaine\u00a0\u00bb, le dernier album de Ga\u00ebtan Roussel<\/a><a href=\"https:\/\/www.bfmtv.com\/culture\/video-un-million-de-spectateurs-120-dates-en-tournee-la-folle-annee-de-julien-dore_VN-202511150146.html\" title=\"Un million de spectateurs, 120 dates en tourn\u00e9e... La folle ann\u00e9e de Julien Dor\u00e9\" rel=\"nofollow noopener\" target=\"_blank\"><img width=\"16\" height=\"9\" class=\"lozad\"  alt=\"Un million de spectateurs, 120 dates en tourn\u00e9e... La folle ann\u00e9e de Julien Dor\u00e9\"\/>4:17Un million de spectateurs, 120 dates en tourn\u00e9e&#8230; La folle ann\u00e9e de Julien Dor\u00e9<\/a><a href=\"https:\/\/www.bfmtv.com\/politique\/video-jul-dessinateur-de-bd-a-signe-une-petition-avec-plus-de-500-artistes-pour-dire-non-a-l-extreme-droite_VN-202511140789.html\" title=\"Jul, dessinateur de BD, a sign\u00e9 une p\u00e9tition avec plus de 500 artistes pour dire non \u00e0 l&#039;extr\u00eame droite\" rel=\"nofollow noopener\" target=\"_blank\"><img width=\"16\" height=\"9\" class=\"lozad\"  alt=\"Jul, dessinateur de BD, a sign\u00e9 une p\u00e9tition avec plus de 500 artistes pour dire non \u00e0 l'extr\u00eame droite\"\/>2:27Jul, dessinateur de BD, a sign\u00e9 une p\u00e9tition avec plus de 500 artistes pour dire non \u00e0 l&rsquo;extr\u00eame droite<\/a><a href=\"https:\/\/www.bfmtv.com\/culture\/video-diam-s-alain-souchon-yannick-noah-retour-sur-les-artistes-qui-se-sont-opposes-au-rassemblement-national_VN-202511140780.html\" title=\"Diam&#039;s, Alain Souchon, Yannick Noah ... Retour sur les artistes qui se sont oppos\u00e9s au Rassemblement national\" rel=\"nofollow noopener\" target=\"_blank\"><img width=\"16\" height=\"9\" class=\"lozad\"  alt=\"Diam's, Alain Souchon, Yannick Noah ... Retour sur les artistes qui se sont oppos\u00e9s au Rassemblement national\"\/>2:09Diam&rsquo;s, Alain Souchon, Yannick Noah &#8230; Retour sur les artistes qui se sont oppos\u00e9s au Rassemblement national<\/a><a href=\"https:\/\/www.bfmtv.com\/culture\/video-lady-gaga-fait-salle-comble-a-lyon-pour-le-premier-concert-en-france-de-sa-tournee_VN-202511140536.html\" title=\"Lady Gaga fait salle comble \u00e0 Lyon pour le premier concert en France de sa tourn\u00e9e\" rel=\"nofollow noopener\" target=\"_blank\"><img width=\"16\" height=\"9\" class=\"lozad\"  alt=\"Lady Gaga fait salle comble \u00e0 Lyon pour le premier concert en France de sa tourn\u00e9e\"\/>1:28Lady Gaga fait salle comble \u00e0 Lyon pour le premier concert en France de sa tourn\u00e9e<\/a><a href=\"https:\/\/www.bfmtv.com\/replay-emissions\/culture-et-vous\/video-alain-souchon-devoile-un-best-of-acoustique-sorti-avec-ses-deux-fils-intitule-studio-saint-germain_VN-202511140251.html\" title=\"Alain Souchon d\u00e9voile un best-of acoustique sorti avec ses deux fils intitul\u00e9 &quot;Studio Saint-Germain&quot;\" rel=\"nofollow noopener\" target=\"_blank\"><img width=\"16\" height=\"9\" class=\"lozad\"  alt=\"Alain Souchon d\u00e9voile un best-of acoustique sorti avec ses deux fils intitul\u00e9 &quot;Studio Saint-Germain&quot;\"\/>2:40Alain Souchon d\u00e9voile un best-of acoustique sorti avec ses deux fils intitul\u00e9 \u00ab\u00a0Studio Saint-Germain\u00a0\u00bb<\/a><a class=\"jumpToVideo\" target=\"_blank\"><img class=\"thumbnailPreview\"\/><\/a><\/p>\n","protected":false},"excerpt":{"rendered":"Seulement 5 films fran\u00e7ais ont d\u00e9pass\u00e9 le million d&rsquo;entr\u00e9es au cin\u00e9ma en 2025 contre 11 en 2024Sur le&hellip;\n","protected":false},"author":2,"featured_media":540012,"comment_status":"","ping_status":"","sticky":false,"template":"","format":"standard","meta":{"footnotes":""},"categories":[1354],"tags":[58,59,1346,1011,27,1360],"class_list":{"0":"post-540011","1":"post","2":"type-post","3":"status-publish","4":"format-standard","5":"has-post-thumbnail","7":"category-films","8":"tag-divertissement","9":"tag-entertainment","10":"tag-films","11":"tag-fr","12":"tag-france","13":"tag-movies"},"share_on_mastodon":{"url":"https:\/\/pubeurope.com\/@fr\/115564562646489264","error":""},"_links":{"self":[{"href":"https:\/\/www.europesays.com\/fr\/wp-json\/wp\/v2\/posts\/540011","targetHints":{"allow":["GET"]}}],"collection":[{"href":"https:\/\/www.europesays.com\/fr\/wp-json\/wp\/v2\/posts"}],"about":[{"href":"https:\/\/www.europesays.com\/fr\/wp-json\/wp\/v2\/types\/post"}],"author":[{"embeddable":true,"href":"https:\/\/www.europesays.com\/fr\/wp-json\/wp\/v2\/users\/2"}],"replies":[{"embeddable":true,"href":"https:\/\/www.europesays.com\/fr\/wp-json\/wp\/v2\/comments?post=540011"}],"version-history":[{"count":0,"href":"https:\/\/www.europesays.com\/fr\/wp-json\/wp\/v2\/posts\/540011\/revisions"}],"wp:featuredmedia":[{"embeddable":true,"href":"https:\/\/www.europesays.com\/fr\/wp-json\/wp\/v2\/media\/540012"}],"wp:attachment":[{"href":"https:\/\/www.europesays.com\/fr\/wp-json\/wp\/v2\/media?parent=540011"}],"wp:term":[{"taxonomy":"category","embeddable":true,"href":"https:\/\/www.europesays.com\/fr\/wp-json\/wp\/v2\/categories?post=540011"},{"taxonomy":"post_tag","embeddable":true,"href":"https:\/\/www.europesays.com\/fr\/wp-json\/wp\/v2\/tags?post=540011"}],"curies":[{"name":"wp","href":"https:\/\/api.w.org\/{rel}","templated":true}]}}