{"id":540017,"date":"2025-11-17T10:29:14","date_gmt":"2025-11-17T10:29:14","guid":{"rendered":"https:\/\/www.europesays.com\/fr\/540017\/"},"modified":"2025-11-17T10:29:14","modified_gmt":"2025-11-17T10:29:14","slug":"jamais-recompense-tom-cruise-distingue-par-un-oscar-dhonneur","status":"publish","type":"post","link":"https:\/\/www.europesays.com\/fr\/540017\/","title":{"rendered":"Jamais r\u00e9compens\u00e9, Tom Cruise distingu\u00e9 par un Oscar d\u2019honneur"},"content":{"rendered":"<p>\n    Nomm\u00e9 \u00e0 quatre reprises par l\u2019Acad\u00e9mie, c\u2019est la premi\u00e8re fois que l\u2019acteur cascadeur d\u00e9croche une statuette dor\u00e9e. Il a \u00e9t\u00e9 honor\u00e9 dimanche aux c\u00f4t\u00e9s de la chanteuse Dolly Parton et de la com\u00e9dienne Debbie Allen.<\/p>\n<p class=\"fig-paragraph\">Souvent nomm\u00e9 et jamais r\u00e9compens\u00e9, l&rsquo;acteur am\u00e9ricain Tom Cruise a re\u00e7u dimanche 16 novembre un\u00a0<a href=\"http:\/\/www.lefigaro.fr\/culture\/tom-cruise-va-recevoir-un-oscar-d-honneur-pour-l-ensemble-de-sa-carriere-20250617\" data-fig-type=\"NewsFlash\" data-gtm-custom-categorie=\"navigation\" data-gtm-custom-action=\"crossclick\" data-gtm-custom-label=\"Contextuel\" data-gtm-event=\"customEventSPE\" data-fig-domain=\"LEFIGARO\" target=\"_blank\" rel=\"noopener\">Oscar d&rsquo;honneur<\/a>, la premi\u00e8re statuette dor\u00e9e de sa carri\u00e8re, devant le gratin de Hollywood lors de la c\u00e9r\u00e9monie des Governors Awards.<\/p>\n<p class=\"fig-paragraph\">Au son de la bande originale de Mission Impossible, saga embl\u00e9matique de la carri\u00e8re de l&rsquo;acteur \u00e2g\u00e9 de 63 ans, le com\u00e9dien est mont\u00e9 sur la sc\u00e8ne du Dolby Theatre de Hollywood sous les applaudissements chaleureux de ses pairs. Parmi eux, Colin Farrell et Emilio Est\u00e9vez, avec qui il a partag\u00e9 l&rsquo;\u00e9cran, ainsi que du l\u00e9gendaire Steven Spielberg, qui l&rsquo;a dirig\u00e9 dans Minority Report (2002) et La Guerre des mondes (2005). Malgr\u00e9 quatre nominations aux Oscars &#8211; en tant qu&rsquo;acteur pour N\u00e9 un 4 juillet (1989), Jerry Maguire (1996) et Magnolia (1999), et en tant que producteur pour Top Gun\u00a0: Maverick (2022) -, il n&rsquo;avait jusqu&rsquo;ici jamais \u00e9t\u00e9 r\u00e9compens\u00e9.<\/p>\n<p class=\"fig-body-link\">\n            \u00c0 lire aussi<br \/>\n        <a class=\"fig-body-link__link\" href=\"http:\/\/www.lefigaro.fr\/cinema\/tom-cruise-va-recevoir-la-plus-haute-distinction-de-la-british-film-institute-20250321\" target=\"_blank\" data-fig-type=\"Article\" rel=\"noopener\" data-gtm-custom-categorie=\"navigation\" data-gtm-custom-action=\"crossclick\" data-gtm-custom-label=\"Contextuel\" data-gtm-event=\"customEventSPE\" data-fig-domain=\"LEFIGARO\"><\/p>\n<p>        Tom Cruise va recevoir la plus haute distinction du British Film Institute<br \/>\n    <\/a>\n<\/p>\n<p>                                    <a class=\"fig-a11y-skip a11y-hidden\" href=\"#fig-a11y-skip-main-inarticle\"><br \/>\n        Passer la publicit\u00e9<br \/>\n    <\/a><\/p>\n<p>\u00ab\u00a0Cela m\u2019a ouvert les yeux\u00a0\u00bb<\/p>\n<p class=\"fig-paragraph\">Visiblement \u00e9mu, l&rsquo;acteur a pris le micro pour exprimer sa gratitude. \u00ab\u00a0Mon amour pour le cin\u00e9ma a commenc\u00e9 tr\u00e8s jeune\u00a0\u00bb, a d\u00e9clar\u00e9 la star, d\u00e9crivant le grand \u00e9cran comme le lieu qui lui a \u00ab\u00a0donn\u00e9 faim d&rsquo;aventure, de connaissance, de compr\u00e9hension de l&rsquo;humanit\u00e9, de cr\u00e9ation de personnages, de narration, de d\u00e9couverte du monde\u00a0\u00bb. \u00ab\u00a0Cela m&rsquo;a ouvert les yeux\u00a0\u00bb a-t-il ajout\u00e9. Le com\u00e9dien est largement vu comme une des derni\u00e8res grandes stars de cin\u00e9ma, capable de remplir les salles sur son seul nom. Apr\u00e8s la pand\u00e9mie, ce fana de cascades a m\u00eame \u00e9t\u00e9 vu comme le sauveur de Hollywood, gr\u00e2ce au succ\u00e8s de Top Gun: Maverick, pour lequel il a renfil\u00e9 son costume de pilote de chasse.<\/p>\n<p class=\"fig-body-link\">\n            \u00c0 lire aussi<br \/>\n        <a class=\"fig-body-link__link fig-premium-mark\" href=\"http:\/\/www.lefigaro.fr\/cinema\/que-vaut-vraiment-mission-impossible-the-final-reckoning-le-huitieme-episode-de-la-saga-avec-tom-cruise-20250514\" target=\"_blank\" data-fig-type=\"Article\" rel=\"noopener\" data-gtm-custom-categorie=\"navigation\" data-gtm-custom-action=\"crossclick\" data-gtm-custom-label=\"Contextuel\" data-gtm-event=\"customEventSPE\" data-fig-domain=\"LEFIGARO\"><\/p>\n<p>        Que vaut vraiment Mission: Impossible &#8211; The Final Reckoning, le huiti\u00e8me \u00e9pisode de la saga avec Tom Cruise\u00a0?<br \/>\n    <\/a>\n<\/p>\n<p>Saluer les l\u00e9gendes du cin\u00e9ma<\/p>\n<p class=\"fig-paragraph\">Les Oscars d&rsquo;honneur, d\u00e9cern\u00e9s chaque ann\u00e9e par l&rsquo;Acad\u00e9mie des arts et sciences cin\u00e9matographiques, saluent les l\u00e9gendes du cin\u00e9ma pour leur carri\u00e8re et leurs contributions \u00e0 l&rsquo;industrie cin\u00e9matographique. Au cours de la soir\u00e9e, l&rsquo;Acad\u00e9mie a \u00e9galement remis des Oscars d&rsquo;honneur \u00e0 l&rsquo;actrice Debbie Allen pour la s\u00e9rie t\u00e9l\u00e9vis\u00e9e Fame, au chef d\u00e9corateur Wynn Thomas, et \u00e0 la chanteuse country<a href=\"http:\/\/www.lefigaro.fr\/musique\/dolly-parton-ne-peut-plus-ecrire-de-chansons-depuis-la-mort-de-son-mari-20250715\" data-fig-type=\"Article\" data-gtm-custom-categorie=\"navigation\" data-gtm-custom-action=\"crossclick\" data-gtm-custom-label=\"Contextuel\" data-gtm-event=\"customEventSPE\" data-fig-domain=\"LEFIGARO\" target=\"_blank\" rel=\"noopener\">\u00a0Dolly Parton<\/a>, honor\u00e9e pour son engagement humanitaire.<\/p>\n<p class=\"fig-paragraph\">La l\u00e9gende de la musique country, 79 ans, absente pour raisons de sant\u00e9, a remerci\u00e9 l&rsquo;Acad\u00e9mie via une vid\u00e9o. \u00ab\u00a0Nous n&rsquo;avions pas grand-chose \u00e0 partager, mais mes parents m&rsquo;ont appris que plus on donne, plus on re\u00e7oit de b\u00e9n\u00e9dictions\u00a0\u00bb, a dit la star qui soutient l&rsquo;\u00e9ducation et d&rsquo;autres causes sociales via sa fondation baptis\u00e9e \u00ab\u00a0Dollywood\u00a0\u00bb. La chanteuse am\u00e9ricaine a r\u00e9cemment\u00a0<a href=\"http:\/\/www.lefigaro.fr\/culture\/je-ne-suis-pas-encore-morte-dolly-parton-rassure-sur-son-etat-de-sante-malgre-le-report-de-ses-concerts-de-fin-d-annee-20251008\" data-fig-type=\"NewsFlash\" data-gtm-custom-categorie=\"navigation\" data-gtm-custom-action=\"crossclick\" data-gtm-custom-label=\"Contextuel\" data-gtm-event=\"customEventSPE\" data-fig-domain=\"LEFIGARO\" target=\"_blank\" rel=\"noopener\">annul\u00e9 six concerts<\/a>\u00a0qu&rsquo;elle devait donner en d\u00e9cembre \u00e0 Las Vegas pour raisons de sant\u00e9, en les reportant \u00e0 septembre 2026.<\/p>\n","protected":false},"excerpt":{"rendered":"Nomm\u00e9 \u00e0 quatre reprises par l\u2019Acad\u00e9mie, c\u2019est la premi\u00e8re fois que l\u2019acteur cascadeur d\u00e9croche une statuette dor\u00e9e. Il&hellip;\n","protected":false},"author":2,"featured_media":540018,"comment_status":"","ping_status":"","sticky":false,"template":"","format":"standard","meta":{"footnotes":""},"categories":[8],"tags":[58,59,1011,27,9243,15685,6834,22869],"class_list":{"0":"post-540017","1":"post","2":"type-post","3":"status-publish","4":"format-standard","5":"has-post-thumbnail","7":"category-divertissement","8":"tag-divertissement","9":"tag-entertainment","10":"tag-fr","11":"tag-france","12":"tag-mission-impossible","13":"tag-oscars","14":"tag-tom-cruise","15":"tag-top-gun"},"share_on_mastodon":{"url":"https:\/\/pubeurope.com\/@fr\/115564574525016018","error":""},"_links":{"self":[{"href":"https:\/\/www.europesays.com\/fr\/wp-json\/wp\/v2\/posts\/540017","targetHints":{"allow":["GET"]}}],"collection":[{"href":"https:\/\/www.europesays.com\/fr\/wp-json\/wp\/v2\/posts"}],"about":[{"href":"https:\/\/www.europesays.com\/fr\/wp-json\/wp\/v2\/types\/post"}],"author":[{"embeddable":true,"href":"https:\/\/www.europesays.com\/fr\/wp-json\/wp\/v2\/users\/2"}],"replies":[{"embeddable":true,"href":"https:\/\/www.europesays.com\/fr\/wp-json\/wp\/v2\/comments?post=540017"}],"version-history":[{"count":0,"href":"https:\/\/www.europesays.com\/fr\/wp-json\/wp\/v2\/posts\/540017\/revisions"}],"wp:featuredmedia":[{"embeddable":true,"href":"https:\/\/www.europesays.com\/fr\/wp-json\/wp\/v2\/media\/540018"}],"wp:attachment":[{"href":"https:\/\/www.europesays.com\/fr\/wp-json\/wp\/v2\/media?parent=540017"}],"wp:term":[{"taxonomy":"category","embeddable":true,"href":"https:\/\/www.europesays.com\/fr\/wp-json\/wp\/v2\/categories?post=540017"},{"taxonomy":"post_tag","embeddable":true,"href":"https:\/\/www.europesays.com\/fr\/wp-json\/wp\/v2\/tags?post=540017"}],"curies":[{"name":"wp","href":"https:\/\/api.w.org\/{rel}","templated":true}]}}