{"id":540021,"date":"2025-11-17T10:31:16","date_gmt":"2025-11-17T10:31:16","guid":{"rendered":"https:\/\/www.europesays.com\/fr\/540021\/"},"modified":"2025-11-17T10:31:16","modified_gmt":"2025-11-17T10:31:16","slug":"la-grece-rembourse-plus-dun-milliard-deuros-a-la-france-un-coup-de-pouce-surprise","status":"publish","type":"post","link":"https:\/\/www.europesays.com\/fr\/540021\/","title":{"rendered":"La Gr\u00e8ce rembourse plus d\u2019un milliard d\u2019euros \u00e0 la France, un coup de pouce surprise"},"content":{"rendered":"<p>Puisque c\u2019est dans la difficult\u00e9 que l\u2019on compte ses amis, alors la <a href=\"https:\/\/www.20minutes.fr\/dossier\/grece\" class=\"c-link c-link--is-underlined\" target=\"_blank\" rel=\"noopener\">Gr\u00e8ce<\/a> et la France peuvent se targuer d\u2019\u00eatre de bons potes. En\u00a02010, alors en pleine <a href=\"https:\/\/www.20minutes.fr\/dossier\/crise_financiere\" class=\"c-link c-link--is-underlined\" target=\"_blank\" rel=\"noopener\">crise financi\u00e8re<\/a>, la Gr\u00e8ce avait re\u00e7u de la part de la France une aide de plusieurs milliards d\u2019euros.<\/p>\n<\/p>\n<p>La gestion du budget des uns et des autres n\u2019ayant visiblement pas suivi les m\u00eames courbes, c\u2019est aujourd\u2019hui la Gr\u00e8ce qui vient voler au secours de la France en lui remboursant de mani\u00e8re anticip\u00e9e cette aide. 1,1\u00a0milliard d\u2019euros en\u00a02025. \u00ab\u00a0Nous pouvons donc remercier nos amis grecs de nous aider \u00e0 r\u00e9sorber notre <a href=\"https:\/\/www.20minutes.fr\/dossier\/deficit_public\" class=\"c-link c-link--is-underlined\" target=\"_blank\" rel=\"noopener\">d\u00e9ficit<\/a>\u00a0\u00bb, commente le rapporteur g\u00e9n\u00e9ral du budget au S\u00e9nat, Jean-Fran\u00e7ois Husson (Les R\u00e9publicains, LR), cit\u00e9 par <a href=\"https:\/\/www.lemonde.fr\/politique\/article\/2025\/11\/16\/quand-la-grece-aide-la-france-a-boucler-son-budget_6653606_823448.html\" target=\"_blank\" class=\"c-link c-link--is-underlined\" rel=\"noopener\">Le Monde<\/a>.<\/p>\n<p>Celui qui \u00e9tait consid\u00e9r\u00e9 il y a peu comme le cancre europ\u00e9en arrive en cavalier blanc pour celui qui est cens\u00e9 \u00eatre l\u2019un des piliers de l\u2019Union europ\u00e9enne. En\u00a02024, d\u00e9j\u00e0, la Gr\u00e8ce avait rembours\u00e9 1,7\u00a0milliard d\u2019euros \u00e0 la France. Soit une dette de 2,8\u00a0milliards d\u2019euros effac\u00e9e en deux ans, quand les remboursements devaient initialement s\u2019\u00e9taler entre\u00a02033 et\u00a02041.<\/p>\n<p><a href=\"https:\/\/www.20minutes.fr\/dossier\/deficit_public\" class=\"c-link c-btn c-btn--primary\" target=\"_blank\" rel=\"noopener\">Notre dossier sur le d\u00e9ficit public<\/a><\/p>\n<p>\u00ab\u00a0Pensez-vous que l\u2019on peut tirer des le\u00e7ons de l\u2019exemple grec\u00a0?\u00a0\u00bb, s\u2019est enquis le 12\u00a0novembre le rapporteur du budget \u00e0 l\u2019Assembl\u00e9e nationale, Philippe Juvin (LR), aupr\u00e8s de la ministre des comptes publics, <a href=\"https:\/\/www.20minutes.fr\/politique\/amelie-montchalin\/\" class=\"c-link c-link--is-underlined\" target=\"_blank\" rel=\"noopener\">Am\u00e9lie de\u00a0Montchalin<\/a>. Un brin caustique\u2026<\/p>\n","protected":false},"excerpt":{"rendered":"Puisque c\u2019est dans la difficult\u00e9 que l\u2019on compte ses amis, alors la Gr\u00e8ce et la France peuvent se&hellip;\n","protected":false},"author":2,"featured_media":540022,"comment_status":"","ping_status":"","sticky":false,"template":"","format":"standard","meta":{"footnotes":""},"categories":[6],"tags":[47,1003,35,34444,13851,33,34,1011,27,8906],"class_list":{"0":"post-540021","1":"post","2":"type-post","3":"status-publish","4":"format-standard","5":"has-post-thumbnail","7":"category-economie","8":"tag-actualite","9":"tag-budget","10":"tag-business","11":"tag-crise-de-la-dette","12":"tag-deficit-public","13":"tag-economie","14":"tag-economy","15":"tag-fr","16":"tag-france","17":"tag-grece"},"share_on_mastodon":{"url":"https:\/\/pubeurope.com\/@fr\/115564582453982480","error":""},"_links":{"self":[{"href":"https:\/\/www.europesays.com\/fr\/wp-json\/wp\/v2\/posts\/540021","targetHints":{"allow":["GET"]}}],"collection":[{"href":"https:\/\/www.europesays.com\/fr\/wp-json\/wp\/v2\/posts"}],"about":[{"href":"https:\/\/www.europesays.com\/fr\/wp-json\/wp\/v2\/types\/post"}],"author":[{"embeddable":true,"href":"https:\/\/www.europesays.com\/fr\/wp-json\/wp\/v2\/users\/2"}],"replies":[{"embeddable":true,"href":"https:\/\/www.europesays.com\/fr\/wp-json\/wp\/v2\/comments?post=540021"}],"version-history":[{"count":0,"href":"https:\/\/www.europesays.com\/fr\/wp-json\/wp\/v2\/posts\/540021\/revisions"}],"wp:featuredmedia":[{"embeddable":true,"href":"https:\/\/www.europesays.com\/fr\/wp-json\/wp\/v2\/media\/540022"}],"wp:attachment":[{"href":"https:\/\/www.europesays.com\/fr\/wp-json\/wp\/v2\/media?parent=540021"}],"wp:term":[{"taxonomy":"category","embeddable":true,"href":"https:\/\/www.europesays.com\/fr\/wp-json\/wp\/v2\/categories?post=540021"},{"taxonomy":"post_tag","embeddable":true,"href":"https:\/\/www.europesays.com\/fr\/wp-json\/wp\/v2\/tags?post=540021"}],"curies":[{"name":"wp","href":"https:\/\/api.w.org\/{rel}","templated":true}]}}