{"id":540023,"date":"2025-11-17T10:32:12","date_gmt":"2025-11-17T10:32:12","guid":{"rendered":"https:\/\/www.europesays.com\/fr\/540023\/"},"modified":"2025-11-17T10:32:12","modified_gmt":"2025-11-17T10:32:12","slug":"le-plan-de-paix-pour-gaza-mis-au-vote-a-lonu-comprend-une-nouveaute-qui-ulcere-israel","status":"publish","type":"post","link":"https:\/\/www.europesays.com\/fr\/540023\/","title":{"rendered":"Le plan de paix pour Gaza mis au vote \u00e0 l\u2019ONU comprend une nouveaut\u00e9 qui ulc\u00e8re Isra\u00ebl"},"content":{"rendered":"<p>        <img decoding=\"async\" loading=\"lazy\" src=\"https:\/\/www.europesays.com\/fr\/wp-content\/uploads\/2025\/11\/17601ab_sirius-fs-upload-1-r6ifgolsc6d3-1747852553322-000-47mb7t8.jpg\"  width=\"728\" height=\"409\" alt=\"Le Conseil de s\u00e9curit\u00e9 de l\u2019ONU doit se prononcer ce lundi 17\u00a0novembre sur le soutien au plan de paix de Donald Trump \u00e0 Gaza, en particulier le d\u00e9ploiement d\u2019une force internationale. \"\/>  <\/p>\n<p>RONEN ZVULUN \/ AFP<\/p>\n<p>Le Conseil de s\u00e9curit\u00e9 de l\u2019ONU doit se prononcer ce lundi 17\u00a0novembre sur le soutien au plan de paix de Donald Trump \u00e0 Gaza, en particulier le d\u00e9ploiement d\u2019une force internationale. <\/p>\n<p>      <strong>EN BREF<\/strong> <strong>\u2022 <\/strong>Le plan de paix pour Gaza port\u00e9 par Donald Trump est mis au vote au Conseil de s\u00e9curit\u00e9 de l\u2019ONU.<br \/><strong>\u2022 <\/strong>Contrairement aux premi\u00e8res versions du texte, le projet \u00e9voque l\u2019\u00e9ventualit\u00e9 d\u2019un \u00c9tat palestinien.<br \/><strong>\u2022 <\/strong>En Isra\u00ebl, les autorit\u00e9s politiques r\u00e9p\u00e8tent leur \u00ab\u00a0opposition \u00e0 un \u00c9tat palestinien.\u00a0\u00bb                         <\/p>\n<p class=\"asset asset-text\">INTERNATIONAL &#8211; Une nouvelle version du texte qui n\u2019est pas au go\u00fbt de l\u2019\u00c9tat h\u00e9breu. Un vote important est attendu ce lundi 17\u00a0novembre devant le Conseil de s\u00e9curit\u00e9 de l\u2019ONU concernant le soutien (ou non) au <a href=\"https:\/\/www.huffingtonpost.fr\/international\/article\/gaza-le-hamas-balaye-une-mesure-presente-dans-le-plan-de-paix-de-donald-trump_255876.html\" target=\"_blank\" rel=\"noopener\">plan de paix am\u00e9ricain pour Gaza<\/a>. Ce plan port\u00e9 par <a href=\"https:\/\/www.huffingtonpost.fr\/international\/video\/droits-de-douane-cette-decision-de-trump-sonne-comme-un-aveu-d-echec-de-sa-politique-agressive_257174.html\" target=\"_blank\" rel=\"noopener\">Donald Trump<\/a> a toutefois connu quelques modifications depuis sa premi\u00e8re pr\u00e9sentation qui devrait provoquer quelques remous.<\/p>\n<p class=\"asset asset-text\">Le projet de r\u00e9solution am\u00e9ricaine, plusieurs fois modifi\u00e9 lors de n\u00e9gociations sensibles, \u00ab\u00a0endosse\u00a0\u00bb le plan de Donald Trump ayant permis la mise en place, le 10\u00a0octobre, d\u2019un <a href=\"https:\/\/www.huffingtonpost.fr\/international\/article\/israel-mene-une-nouvelle-frappe-a-gaza-apres-avoir-annonce-la-reprise-du-cessez-le-feu_256569.html\" target=\"_blank\" rel=\"noopener\">cessez-le-feu fragile entre Isra\u00ebl et le Hamas<\/a> dans le <a href=\"https:\/\/www.huffingtonpost.fr\/international\/article\/apres-le-plan-trump-pour-gaza-comment-ces-factions-palestiniennes-destabilisent-le-hamas_255987.html\" target=\"_blank\" rel=\"noopener\">territoire palestinien<\/a> ravag\u00e9 par deux ann\u00e9es de guerre apr\u00e8s l\u2019attaque du 7-Octobre.<\/p>\n<p class=\"asset asset-text\">Ce plan pr\u00e9voit notamment le d\u00e9ploiement d\u2019une force internationale, sous la pression des \u00c9tats-Unis qui mettent en garde contre le risque d\u2019une reprise de la guerre. Consult\u00e9 par l\u2019AFP, le texte \u00ab\u00a0autorise\u00a0\u00bb en effet la mise en place d\u2019une \u00ab\u00a0force de stabilisation internationale\u00a0\u00bb (ISF) charg\u00e9e notamment de l\u2019appui \u00e0 la s\u00e9curisation des fronti\u00e8res en coop\u00e9ration avec Isra\u00ebl et l\u2019\u00c9gypte. Mais aussi de la d\u00e9militarisation de Gaza, du d\u00e9sarmement \u00ab\u00a0des groupes arm\u00e9s non \u00e9tatiques\u00a0\u00bb, de la protection des civils, et de la formation d\u2019une police palestinienne. Toutefois, la composition de cette force n\u2019est pas \u00e9voqu\u00e9e \u00e0 ce stade.<\/p>\n<p class=\"asset asset-text\">Il donne \u00e9galement mandat jusqu\u2019au 31\u00a0d\u00e9cembre\u00a02027 \u00e0 un \u00ab\u00a0Comit\u00e9 de la paix\u00a0\u00bb, organe de \u00ab\u00a0gouvernance de transition\u00a0\u00bb \u00e0 Gaza jusqu\u2019\u00e0 la r\u00e9forme de l\u2019Autorit\u00e9 palestinienne. Et selon le plan en 20 points annex\u00e9 \u00e0 la r\u00e9solution, ce comit\u00e9 doit \u00eatre pr\u00e9sid\u00e9 par Donald Trump en personne.<\/p>\n<p>    Benjamin Netanyahu ulc\u00e9r\u00e9    <\/p>\n<p class=\"asset asset-text\">Mais le c\u0153ur du probl\u00e8me r\u00e9side dans un autre point, que <a href=\"https:\/\/www.huffingtonpost.fr\/international\/article\/netanyahu-accuse-le-hamas-de-violer-la-treve-et-ordonne-des-frappes-immediates-sur-gaza_256518.html\" target=\"_blank\" rel=\"noopener\">le Premier ministre isra\u00e9lien Benjamin Netanyahu<\/a> a rejet\u00e9 sans d\u00e9tour. Car contrairement aux premi\u00e8res versions du texte, le projet qui doit \u00eatre soumis au vote ce lundi soir (\u00e0 23\u00a0heures, heure fran\u00e7aise) \u00e9voque l\u2019\u00e9ventualit\u00e9 d\u2019un \u00c9tat palestinien.<\/p>\n<p class=\"asset asset-text\">Apr\u00e8s la r\u00e9forme de l\u2019Autorit\u00e9 palestinienne et l\u2019avanc\u00e9e de la reconstruction de Gaza, \u00ab\u00a0les conditions pourraient finalement \u00eatre en place pour un chemin cr\u00e9dible vers une autod\u00e9termination palestinienne et un statut d\u2019\u00c9tat\u00a0\u00bb, dit ainsi le texte.<\/p>\n<p class=\"asset asset-text\">\u00ab\u00a0Notre opposition \u00e0 un \u00c9tat palestinien sur quelque territoire que ce soit n\u2019a pas chang\u00e9\u00a0\u00bb, a insist\u00e9 dimanche le Premier ministre Benjamin Netanyahu. \u00ab\u00a0Gaza sera d\u00e9mobilis\u00e9e et le Hamas d\u00e9sarm\u00e9, par tous les moyens. Je n\u2019ai besoin ni de renforts, ni de tweets, ni de le\u00e7ons de personne\u00a0\u00bb, a-t-il \u00e9galement assur\u00e9 dans un message relay\u00e9 sur X.<\/p>\n<p> La lecture de ce contenu est susceptible d\u2019entra\u00eener un d\u00e9p\u00f4t de cookies de la part de l\u2019op\u00e9rateur tiers qui l\u2019h\u00e9berge. Compte-tenu des choix que vous avez exprim\u00e9s en mati\u00e8re de d\u00e9p\u00f4t de cookies, nous avons bloqu\u00e9 l\u2019affichage de ce contenu. Si vous souhaitez y acc\u00e9der, vous devez accepter la cat\u00e9gorie de cookies \u201cContenus tiers\u201d en cliquant sur le bouton ci-dessous. <\/p>\n<p> Lire la Vid\u00e9o        <\/p>\n<p class=\"asset asset-text\">Malgr\u00e9 son opposition, Isra\u00ebl n\u2019est pas membre permanent du Conseil de s\u00e9curit\u00e9 de l\u2019ONU ni membre non permanent comme le sont dix pays \u00e9lus pour un mandat de deux ans. Tel-Aviv ne peut donc pas s\u2019opposer directement \u00e0 un vote favorable au plan de paix pour Gaza mentionnant la solution \u00e0 deux \u00c9tats.<\/p>\n<p class=\"asset asset-text\">En septembre,<a href=\"https:\/\/www.huffingtonpost.fr\/international\/article\/gaza-ce-qui-dit-le-texte-adopte-a-l-assemblee-generale-de-l-onu-sur-l-etat-palestinien-et-qui-a-vote-contre_254761.html\" target=\"_blank\" rel=\"noopener\"> l\u2019Assembl\u00e9e g\u00e9n\u00e9rale de l\u2019ONU avait soutenu la \u00ab\u00a0d\u00e9claration de New York\u00a0\u00bb<\/a> par 142 voix pour, 10 contre et 12 abstentions. Ce texte, pr\u00e9par\u00e9 par la France et l\u2019Arabie saoudite, affirmait que \u00ab\u00a0dans le contexte de l\u2019ach\u00e8vement de la guerre \u00e0 Gaza, le Hamas doit cesser d\u2019exercer son autorit\u00e9 sur la bande de Gaza et remettre ses armes \u00e0 l\u2019Autorit\u00e9 palestinienne, avec le soutien et la collaboration de la communaut\u00e9 internationale, conform\u00e9ment \u00e0 l\u2019objectif d\u2019un \u00c9tat de Palestine souverain et ind\u00e9pendant\u00a0\u00bb. Isra\u00ebl, qui avait vot\u00e9 contre, avait alors d\u00e9nonc\u00e9 une r\u00e9solution \u00ab\u00a0honteuse\u00a0\u00bb qui encourage <a href=\"https:\/\/www.huffingtonpost.fr\/international\/article\/le-hamas-denonce-le-fascisme-en-israel-apres-ce-vote-en-faveur-de-la-peine-de-mort_256732.html\" target=\"_blank\" rel=\"noopener\">le Hamas<\/a> \u00e0 la guerre.<\/p>\n<p>                     Probable abstention russe    <\/p>\n<p class=\"asset asset-text\">Concernant le vote de lundi soir, le texte am\u00e9ricain devra toutefois faire face \u00e0 un concurrent. Car la Russie a r\u00e9cemment fait circuler son propre texte, en estimant que la r\u00e9solution am\u00e9ricaine n\u2019allait pas assez loin sur le sujet. Il faut dire que les \u00c9tats-Unis, alli\u00e9 \u00e9troit d\u2019Isra\u00ebl, restent eux aussi oppos\u00e9s \u00e0 l\u2019id\u00e9e. La Russie affirme quant \u00e0 elle un \u00ab\u00a0engagement ind\u00e9fectible\u00a0\u00bb en faveur de cette solution \u00e0 deux \u00c9tats.<\/p>\n<p class=\"asset asset-text\">Mais l\u00e0 o\u00f9 \u00e7a coince pour le texte russe, \u00e9galement consult\u00e9 par l\u2019AFP, c\u2019est qu\u2019il n\u2019autorise ni la cr\u00e9ation d\u2019un Comit\u00e9 de la paix ni le d\u00e9ploiement d\u2019une force \u00e0 ce stade, demandant au secr\u00e9taire g\u00e9n\u00e9ral de l\u2019ONU de proposer des \u00ab\u00a0options\u00a0\u00bb en la mati\u00e8re. Face \u00e0 ce qu\u2019ils ont qualifi\u00e9 de \u00ab\u00a0tentatives de semer la discorde\u00a0\u00bb, les \u00c9tats-Unis ont redoubl\u00e9 d\u2019efforts ces derniers jours pour pousser le Conseil \u00e0 donner son feu vert. Plusieurs sources diplomatiques ont estim\u00e9 aupr\u00e8s de l\u2019AFP que, malgr\u00e9 les critiques affich\u00e9es de la Russie, qui a un droit de veto, et les r\u00e9ticences d\u2019autres \u00c9tats membres, qui s\u2019inqui\u00e8tent d\u2019un manque de clart\u00e9 dans les mandats du Comit\u00e9 de la paix et de l\u2019ISF, il serait surprenant que le texte am\u00e9ricain soit rejet\u00e9.<\/p>\n<p class=\"asset asset-text\">\u00ab\u00a0Il est plus probable que la Chine et la Russie s\u2019abstiennent, expriment leur scepticisme sur le plan, puis regardent les \u00c9tats-Unis se d\u00e9battre pour le mettre en \u0153uvre\u00a0\u00bb, commente pour l\u2019AFP Richard Gowan, de l\u2019International Crisis Group, doutant d\u2019un veto russe \u00e0 une <a href=\"https:\/\/www.huffingtonpost.fr\/international\/article\/pour-elaborer-l-accord-de-paix-a-gaza-ces-pays-arabes-ont-autant-compte-que-donald-trump_255786.html\" target=\"_blank\" rel=\"noopener\">r\u00e9solution soutenue par les pays arabes<\/a>.<\/p>\n","protected":false},"excerpt":{"rendered":"RONEN ZVULUN \/ AFP Le Conseil de s\u00e9curit\u00e9 de l\u2019ONU doit se prononcer ce lundi 17\u00a0novembre sur le&hellip;\n","protected":false},"author":2,"featured_media":540024,"comment_status":"","ping_status":"","sticky":false,"template":"","format":"standard","meta":{"footnotes":""},"categories":[5],"tags":[11,3448,3259,1011,27,14,664,12,3521,28],"class_list":{"0":"post-540023","1":"post","2":"type-post","3":"status-publish","4":"format-standard","5":"has-post-thumbnail","7":"category-international","8":"tag-actualites","9":"tag-benjamin-netanyahou","10":"tag-conflit-israelo-palestinien","11":"tag-fr","12":"tag-france","13":"tag-international","14":"tag-israel","15":"tag-news","16":"tag-onu","17":"tag-world"},"share_on_mastodon":{"url":"https:\/\/pubeurope.com\/@fr\/115564586854154443","error":""},"_links":{"self":[{"href":"https:\/\/www.europesays.com\/fr\/wp-json\/wp\/v2\/posts\/540023","targetHints":{"allow":["GET"]}}],"collection":[{"href":"https:\/\/www.europesays.com\/fr\/wp-json\/wp\/v2\/posts"}],"about":[{"href":"https:\/\/www.europesays.com\/fr\/wp-json\/wp\/v2\/types\/post"}],"author":[{"embeddable":true,"href":"https:\/\/www.europesays.com\/fr\/wp-json\/wp\/v2\/users\/2"}],"replies":[{"embeddable":true,"href":"https:\/\/www.europesays.com\/fr\/wp-json\/wp\/v2\/comments?post=540023"}],"version-history":[{"count":0,"href":"https:\/\/www.europesays.com\/fr\/wp-json\/wp\/v2\/posts\/540023\/revisions"}],"wp:featuredmedia":[{"embeddable":true,"href":"https:\/\/www.europesays.com\/fr\/wp-json\/wp\/v2\/media\/540024"}],"wp:attachment":[{"href":"https:\/\/www.europesays.com\/fr\/wp-json\/wp\/v2\/media?parent=540023"}],"wp:term":[{"taxonomy":"category","embeddable":true,"href":"https:\/\/www.europesays.com\/fr\/wp-json\/wp\/v2\/categories?post=540023"},{"taxonomy":"post_tag","embeddable":true,"href":"https:\/\/www.europesays.com\/fr\/wp-json\/wp\/v2\/tags?post=540023"}],"curies":[{"name":"wp","href":"https:\/\/api.w.org\/{rel}","templated":true}]}}