{"id":540041,"date":"2025-11-17T10:46:24","date_gmt":"2025-11-17T10:46:24","guid":{"rendered":"https:\/\/www.europesays.com\/fr\/540041\/"},"modified":"2025-11-17T10:46:24","modified_gmt":"2025-11-17T10:46:24","slug":"photos-retrouvez-les-images-de-la-rencontre-entre-les-u20-des-gothiques-damiens-et-des-dragons-de-rouen","status":"publish","type":"post","link":"https:\/\/www.europesays.com\/fr\/540041\/","title":{"rendered":"PHOTOS : Retrouvez les images de la rencontre entre les U20 des Gothiques d&rsquo;Amiens et des Dragons de Rouen"},"content":{"rendered":"<p>\n                    Publi\u00e9 le 17 novembre 2025<br \/>\n                    Modifi\u00e9 le 17\/11\/25\n                <\/p>\n<p>\n                    Par Th\u00e9o B\u00e9gler<br \/>\n                    Pour Gazette Sports\n                <\/p>\n<p>                    <img fetchpriority=\"high\" width=\"900\" height=\"600\" src=\"https:\/\/www.europesays.com\/fr\/wp-content\/uploads\/2025\/11\/hockey-sur-glace_u20-ligue-espoir-j11_gothiques-amiens-dragons-rouen_gazette-sports_theo-begler_030..jpeg\" class=\"attachment-full size-full wp-post-image\" alt=\"hockey sur glace u20 ligue espoir j11 gothiques amiens dragons rouen gazette sports theo begler 030\" itemprop=\"image\" decoding=\"async\"  \/>                                            \u24b8 Gazette Sports<\/p>\n<p>                <a class=\"article-leaderboard\" target=\"_blank\" href=\"https:\/\/www.oyezoyez.fr\/\" rel=\"nofollow noopener\"><br \/>\n                    <img loading=\"lazy\" decoding=\"async\" width=\"728\" height=\"90\" src=\"https:\/\/www.europesays.com\/fr\/wp-content\/uploads\/2025\/10\/Banniere_oyez_oyez.gif\" alt=\"Publicit\u00e9 des articles du site GazetteSports\"\/><br \/>\n                <\/a><\/p>\n<p>Comme leurs a\u00een\u00e9s quelques jours plus t\u00f4t face \u00e0 Chamonix, les jeunes Gothiques ont \u00e9t\u00e9 train\u00e9s en prolongation par les Dragons de Rouen. Plus entreprenants et jouant leur va-tout, ils sont parvenus \u00e0 inscrire le but lib\u00e9rateur (5-4).<\/p>\n<p><strong>L\u2019ensemble des \u0153uvres pr\u00e9sentes dans les albums est couvert par des droits d\u2019auteur. Toute extraction et\/ou reproduction est interdite sans l\u2019autorisation des auteurs et du m\u00e9dia.<\/strong><\/p>\n<p><a href=\"https:\/\/citdessaint.com\/\" aria-label=\"publicite cit dessaint 2 gazette sports\" rel=\"nofollow noopener\" target=\"_blank\"><img loading=\"lazy\" decoding=\"async\" src=\"https:\/\/www.europesays.com\/fr\/wp-content\/uploads\/2025\/10\/1761480080_384_PUBLICITE-CIT-DESSAINT-2-GAZETTE-SPORTS.gif\" alt=\"publicite cit dessaint 2 gazette sports\" width=\"760\" height=\"90\"\/><\/a><\/p>\n<p>Cr\u00e9dit photo : Th\u00e9o B\u00e9gler \u2013 Gazette Sports<\/p>\n","protected":false},"excerpt":{"rendered":"Publi\u00e9 le 17 novembre 2025 Modifi\u00e9 le 17\/11\/25 Par Th\u00e9o B\u00e9gler Pour Gazette Sports \u24b8 Gazette Sports Comme&hellip;\n","protected":false},"author":2,"featured_media":540042,"comment_status":"","ping_status":"","sticky":false,"template":"","format":"standard","meta":{"footnotes":""},"categories":[9587],"tags":[1111,11,1777,674,1011,27,12,5161,25,9590],"class_list":{"0":"post-540041","1":"post","2":"type-post","3":"status-publish","4":"format-standard","5":"has-post-thumbnail","7":"category-rouen","8":"tag-actu","9":"tag-actualites","10":"tag-eu","11":"tag-europe","12":"tag-fr","13":"tag-france","14":"tag-news","15":"tag-normandie","16":"tag-republique-francaise","17":"tag-rouen"},"share_on_mastodon":{"url":"https:\/\/pubeurope.com\/@fr\/115564642467180403","error":""},"_links":{"self":[{"href":"https:\/\/www.europesays.com\/fr\/wp-json\/wp\/v2\/posts\/540041","targetHints":{"allow":["GET"]}}],"collection":[{"href":"https:\/\/www.europesays.com\/fr\/wp-json\/wp\/v2\/posts"}],"about":[{"href":"https:\/\/www.europesays.com\/fr\/wp-json\/wp\/v2\/types\/post"}],"author":[{"embeddable":true,"href":"https:\/\/www.europesays.com\/fr\/wp-json\/wp\/v2\/users\/2"}],"replies":[{"embeddable":true,"href":"https:\/\/www.europesays.com\/fr\/wp-json\/wp\/v2\/comments?post=540041"}],"version-history":[{"count":0,"href":"https:\/\/www.europesays.com\/fr\/wp-json\/wp\/v2\/posts\/540041\/revisions"}],"wp:featuredmedia":[{"embeddable":true,"href":"https:\/\/www.europesays.com\/fr\/wp-json\/wp\/v2\/media\/540042"}],"wp:attachment":[{"href":"https:\/\/www.europesays.com\/fr\/wp-json\/wp\/v2\/media?parent=540041"}],"wp:term":[{"taxonomy":"category","embeddable":true,"href":"https:\/\/www.europesays.com\/fr\/wp-json\/wp\/v2\/categories?post=540041"},{"taxonomy":"post_tag","embeddable":true,"href":"https:\/\/www.europesays.com\/fr\/wp-json\/wp\/v2\/tags?post=540041"}],"curies":[{"name":"wp","href":"https:\/\/api.w.org\/{rel}","templated":true}]}}