{"id":540043,"date":"2025-11-17T10:47:10","date_gmt":"2025-11-17T10:47:10","guid":{"rendered":"https:\/\/www.europesays.com\/fr\/540043\/"},"modified":"2025-11-17T10:47:10","modified_gmt":"2025-11-17T10:47:10","slug":"isere-de-la-neige-annoncee-en-plaine-cette-semaine-les-secteurs-concernes","status":"publish","type":"post","link":"https:\/\/www.europesays.com\/fr\/540043\/","title":{"rendered":"Is\u00e8re. De la neige annonc\u00e9e en plaine cette semaine : les secteurs concern\u00e9s"},"content":{"rendered":"<p>                    Par<br \/>\n        <strong><br \/>\n            <a href=\"https:\/\/actu.fr\/auteur\/redaction-grenoble\" title=\"Consulter tous les articles de R\u00e9daction Grenoble\" rel=\"nofollow noopener\" target=\"_blank\">R\u00e9daction Grenoble<\/a><br \/>\n                    <\/strong><\/p>\n<p>        Publi\u00e9 le<\/p>\n<p>            17 nov. 2025 \u00e0 11h26        <\/p>\n<p>Il va falloir ressortir les gros pulls. Apr\u00e8s un d\u00e9but de mois de novembre marqu\u00e9 par <a href=\"https:\/\/actu.fr\/auvergne-rhone-alpes\/grenoble_38185\/meteo-des-temperatures-excessivement-elevees-attendues-en-isere-les-secteurs-concernes_63417046.html\" rel=\"nofollow noopener\" target=\"_blank\">\u00ab\u00a0un \u00e9pisode de douceur marqu\u00e9e\u00a0\u00bb<\/a> dans la continuit\u00e9 de la <a href=\"https:\/\/actu.fr\/auvergne-rhone-alpes\/grenoble_38185\/tempete-claudia-des-vents-violents-vont-frapper-l-isere-voici-ou-ca-va-le-plus-souffler_63425232.html\" rel=\"nofollow noopener\" target=\"_blank\">temp\u00eate Claudia<\/a>, les temp\u00e9ratures vont chuter dans les prochains jours en <a href=\"https:\/\/actu.fr\/auvergne-rhone-alpes\/isere_38\" rel=\"nofollow noopener\" target=\"_blank\">Is\u00e8re<\/a>.\u00a0<\/p>\n<p class=\" wall-content\">Si M\u00e9t\u00e9o-France pr\u00e9voit encore un mercure autour des 10\u00b0C \u00e0 <a href=\"https:\/\/actu.fr\/auvergne-rhone-alpes\/grenoble_38185\" rel=\"nofollow noopener\" target=\"_blank\">Grenoble<\/a> pour la journ\u00e9e de lundi, il va <strong>diminuer de moiti\u00e9<\/strong> d\u2019apr\u00e8s les derni\u00e8res pr\u00e9visions pour atteindre un petit 4\u00b0C vendredi au plus fort de la journ\u00e9e, voire 3\u00b0C dans le week-end.<\/p>\n<p>De la neige d\u00e8s 500 m<\/p>\n<p class=\" wall-content\">En cons\u00e9quence de cette baisse des temp\u00e9ratures, \u00a0\u00bb les <strong>gel\u00e9es seront nombreuses<\/strong> mardi matin\u00a0\u00bb en plaine hors grandes villes et \u00ab\u00a0elles seront g\u00e9n\u00e9ralis\u00e9es mercredi matin\u00a0\u00bb, pr\u00e9vient <a href=\"https:\/\/www.facebook.com\/meteocentreisere\" rel=\"nofollow noopener\" target=\"_blank\">M\u00e9t\u00e9o-Centre Is\u00e8re<\/a>. De plus, des \u00ab\u00a0<strong>brouillards givrants<\/strong> seront possibles dans certaines plaines ou fonds de vall\u00e9es\u00a0\u00bb dans la nuit de mardi \u00e0 mercredi.<\/p>\n<p class=\" wall-content\">De la neige pourrait m\u00eame arriver dans la nuit de mercredi \u00e0 jeudi \u00ab\u00a0d\u00e8s 500 m environ, peut-\u00eatre 300-400 m en fin de nuit\u00a0\u00bb, comme \u00e0 <a href=\"https:\/\/actu.fr\/auvergne-rhone-alpes\/voiron_38563\" rel=\"nofollow noopener\" target=\"_blank\">Voiron<\/a> ou <a href=\"https:\/\/actu.fr\/auvergne-rhone-alpes\/saint-marcellin_38416\" rel=\"nofollow noopener\" target=\"_blank\">Saint-Marcellin<\/a>. Ces pr\u00e9cipitations neigeuses pourraient se poursuivre dans la journ\u00e9e de jeudi d\u00e8s 500 ou 600 m d\u2019altitude.<\/p>\n<p class=\" wall-content\">Cette possibilit\u00e9 de chutes de neige est aussi \u00e9voqu\u00e9e par d\u2019autres pr\u00e9visionnistes m\u00e9t\u00e9o, comme <a href=\"https:\/\/www.meteo-grenoble.com\/\" rel=\"nofollow noopener\" target=\"_blank\">M\u00e9t\u00e9o Grenoble<\/a>.<\/p>\n<p class=\" wall-content\">\n<p>Des flocons possibles ce week-end<\/p>\n<p class=\" wall-content\">En altitude, la neige est attendue d\u00e8s le milieu de semaine, comme \u00e0 <a href=\"https:\/\/actu.fr\/auvergne-rhone-alpes\/villard-de-lans_38548\" rel=\"nofollow noopener\" target=\"_blank\">Villard-de-Lans<\/a> ou \u00e0 Theys en Belledonne. Entre deux chutes de neige, le ciel devrait \u00eatre relativement d\u00e9gag\u00e9.<\/p>\n<p>Votre r\u00e9gion, votre actu !<\/p>\n<p>Recevez chaque jour les infos qui comptent pour vous.<\/p>\n<p>\t<a href=\"https:\/\/actu.fr\/newsletter\" class=\"ac-btn ac-btn--corner ac-btn--medium ac-btn--blue800\" rel=\"nofollow noopener\" target=\"_blank\">S&rsquo;incrire<\/a><\/p>\n<p class=\" wall-content\">Pour le week-end, M\u00e9t\u00e9o-France n\u2019exclut pas la possibilit\u00e9 de nouveaux <strong>flocons en plaine en Nord-Is\u00e8re<\/strong>, accompagn\u00e9s de pluie.<\/p>\n<p class=\" wall-content\">\u00ab\u00a0La semaine suivante sera souvent humide, rythm\u00e9e par le passage de perturbations\u00a0\u00bb et avec de \u00ab\u00a0la neige en moyenne montagne\u00a0\u00bb, ajoute M\u00e9t\u00e9o-Centre Is\u00e8re.<\/p>\n<p class=\" wall-content\">Personnalisez votre actualit\u00e9 en ajoutant vos villes et m\u00e9dias en favori avec <a href=\"https:\/\/moncompte.actu.fr\" title=\"D\u00e9couvez Mon Actu\" rel=\"nofollow noopener\" data-trk=\"{&quot;cta&quot;:{&quot;action&quot;:&quot;https:\\\/\\\/moncompte.actu.fr&quot;,&quot;category&quot;:&quot;mon compte&quot;,&quot;from&quot;:&quot;article footer&quot;,&quot;name&quot;:&quot;Mon actu&quot;,&quot;type&quot;:&quot;cta&quot;}}\" target=\"_blank\">Mon Actu<\/a>.<\/p>\n","protected":false},"excerpt":{"rendered":"Par R\u00e9daction Grenoble Publi\u00e9 le 17 nov. 2025 \u00e0 11h26 Il va falloir ressortir les gros pulls. Apr\u00e8s&hellip;\n","protected":false},"author":2,"featured_media":540044,"comment_status":"","ping_status":"","sticky":false,"template":"","format":"standard","meta":{"footnotes":""},"categories":[9566],"tags":[1111,11,2430,1777,674,1011,27,3447,2731,2487,2357,10584,12,25],"class_list":{"0":"post-540043","1":"post","2":"type-post","3":"status-publish","4":"format-standard","5":"has-post-thumbnail","7":"category-grenoble","8":"tag-actu","9":"tag-actualites","10":"tag-auvergne-rhone-alpes","11":"tag-eu","12":"tag-europe","13":"tag-fr","14":"tag-france","15":"tag-froid","16":"tag-grenoble","17":"tag-meteo","18":"tag-meteo-france","19":"tag-neige","20":"tag-news","21":"tag-republique-francaise"},"share_on_mastodon":{"url":"https:\/\/pubeurope.com\/@fr\/115564645310316581","error":""},"_links":{"self":[{"href":"https:\/\/www.europesays.com\/fr\/wp-json\/wp\/v2\/posts\/540043","targetHints":{"allow":["GET"]}}],"collection":[{"href":"https:\/\/www.europesays.com\/fr\/wp-json\/wp\/v2\/posts"}],"about":[{"href":"https:\/\/www.europesays.com\/fr\/wp-json\/wp\/v2\/types\/post"}],"author":[{"embeddable":true,"href":"https:\/\/www.europesays.com\/fr\/wp-json\/wp\/v2\/users\/2"}],"replies":[{"embeddable":true,"href":"https:\/\/www.europesays.com\/fr\/wp-json\/wp\/v2\/comments?post=540043"}],"version-history":[{"count":0,"href":"https:\/\/www.europesays.com\/fr\/wp-json\/wp\/v2\/posts\/540043\/revisions"}],"wp:featuredmedia":[{"embeddable":true,"href":"https:\/\/www.europesays.com\/fr\/wp-json\/wp\/v2\/media\/540044"}],"wp:attachment":[{"href":"https:\/\/www.europesays.com\/fr\/wp-json\/wp\/v2\/media?parent=540043"}],"wp:term":[{"taxonomy":"category","embeddable":true,"href":"https:\/\/www.europesays.com\/fr\/wp-json\/wp\/v2\/categories?post=540043"},{"taxonomy":"post_tag","embeddable":true,"href":"https:\/\/www.europesays.com\/fr\/wp-json\/wp\/v2\/tags?post=540043"}],"curies":[{"name":"wp","href":"https:\/\/api.w.org\/{rel}","templated":true}]}}