{"id":540049,"date":"2025-11-17T10:50:15","date_gmt":"2025-11-17T10:50:15","guid":{"rendered":"https:\/\/www.europesays.com\/fr\/540049\/"},"modified":"2025-11-17T10:50:15","modified_gmt":"2025-11-17T10:50:15","slug":"voici-les-villes-ou-il-fera-le-plus-froid","status":"publish","type":"post","link":"https:\/\/www.europesays.com\/fr\/540049\/","title":{"rendered":"voici les villes o\u00f9 il fera le plus froid"},"content":{"rendered":"<p>                    Par<br \/>\n        <strong><br \/>\n            <a href=\"https:\/\/actu.fr\/auteur\/laurene-fertin\" title=\"Consulter tous les articles de Laur\u00e8ne Fertin\" target=\"_blank\" rel=\"noopener\">Laur\u00e8ne Fertin<\/a><br \/>\n                    <\/strong><\/p>\n<p>        Publi\u00e9 le<\/p>\n<p>            17 nov. 2025 \u00e0 11h18        <\/p>\n<p>\u00ab\u2009C\u2019est un grand pas vers <strong>l\u2019hiver\u2009\u00bb,<\/strong> indique S\u00e9bastien Decaux, m\u00e9t\u00e9orologue \u00e0 <a href=\"https:\/\/www.meteo.bzh\/\" target=\"_blank\" rel=\"noopener\">M\u00e9t\u00e9o Bretagne<\/a>. Alors que la r\u00e9gion a b\u00e9n\u00e9fici\u00e9<a href=\"https:\/\/actu.fr\/bretagne\/rennes_35238\/meteo-en-bretagne-des-temperatures-proches-des-records-pour-la-saison-mais-ca-ne-va-pas-durer_63397682.html\" target=\"_blank\" rel=\"noopener\"> de temp\u00e9ratures exceptionnellement douces<\/a> pour la saison, <a href=\"https:\/\/actu.fr\/bretagne\/rennes_35238\/il-va-falloir-sortir-les-bonnets-le-froid-de-retour-en-bretagne-gelees-et-neige-fondue-sont-attendues_63440334.html\" target=\"_blank\" rel=\"noopener\"><strong>le froid s\u2019installe progressivement<\/strong><\/a>. D\u00e8s mardi 18\u00a0novembre 2025, <strong>les premi\u00e8res gel\u00e9es<\/strong> significatives vont faire leur apparition.<\/p>\n<p>Un rayonnement nocturne<\/p>\n<p class=\" wall-content\">En effet, entre lundi\u00a017 et mardi 18\u00a0novembre,<strong> la nuit sera d\u00e9gag\u00e9e<\/strong> et sans couverture nuageuse. \u00ab\u2009Il y aura ce qu\u2019on nomme <strong>du rayonnement nocturne\u2009\u00bb,<\/strong> d\u00e9veloppe le m\u00e9t\u00e9orologue \u00e0 la r\u00e9daction d\u2019<a href=\"https:\/\/actu.fr\/rennes\/\" target=\"_blank\" rel=\"noopener\">actu Rennes<\/a>.<\/p>\n<blockquote class=\"ac-article-quote wall-content\">\n<p>Sans nuages, la relative douceur que l&rsquo;on trouve en journ\u00e9e va s&rsquo;\u00e9vacuer vers l&rsquo;espace et faire baisser les temp\u00e9ratures, expliquant les progressives gel\u00e9es. <\/p>\n<p>    <strong>S\u00e9bastien D\u00e9caux<\/strong><br \/>\n        M\u00e9t\u00e9orologue \u00e0 M\u00e9t\u00e9o Bretagne    <\/p><\/blockquote>\n<p class=\" wall-content\">\u00ab\u2009C\u2019est un peu comme lorsqu\u2019on se couche dans un lit sans couverture\u2009: on a froid\u2009\u00bb, illustre-t-il.<\/p>\n<p>Jusqu\u2019\u00e0 -2\u00a0\u00b0C localement<\/p>\n<p class=\" wall-content\">Et l\u2019ensemble de la Bretagne risque de grelotter au petit matin de ce mardi 18\u00a0novembre\u2009:<\/p>\n<ul class=\" wall-content\">\n<li><strong>entre -1 et 0 degr\u00e9<\/strong> sont attendus en Ille-et-Vilaine\u2009: Rennes, Saint-Jacques-de-la-Lande\u2009; mais \u00e9galement dans le secteur de Dinan, au nord de Vannes, \u00e0 Pleucadeuc\u2009;<\/li>\n<li><strong>jusqu\u2019\u00e0 -2 degr\u00e9s<\/strong> pourront s\u2019afficher sur les thermom\u00e8tres vers Montauban-de-Bretagne, Landujan, le secteur de Broc\u00e9liande, La Chapelle-Bou\u00ebxic et Laill\u00e9 en Ille-et-Vilaine.<\/li>\n<\/ul>\n<p>Votre r\u00e9gion, votre actu !<\/p>\n<p>Recevez chaque jour les infos qui comptent pour vous.<\/p>\n<p>\t<a href=\"https:\/\/actu.fr\/newsletter\" class=\"ac-btn ac-btn--corner ac-btn--medium ac-btn--blue800\" target=\"_blank\" rel=\"noopener\">S&rsquo;incrire<\/a><\/p>\n<p class=\" wall-content\">Des temp\u00e9ratures basses, mais positives, <strong>entre 2 et 6 \u00b0C,<\/strong> devront se faire sentir au nord de l\u2019Ille-et-Vilaine, Saint-Malo, Cancale, Saint-Lunaire et le littoral costarmoricain, sans oublier le golfe du Morbihan.<\/p>\n<p class=\" wall-content\">S\u2019il fait frais globalement toute la journ\u00e9e ce mardi, les temp\u00e9ratures devront remonter <strong>dans l\u2019apr\u00e8s-midi<\/strong> pour atteindre les<strong> 9, voire 10 degr\u00e9s sur la Bretagne<\/strong> et de fa\u00e7on assez <strong>homog\u00e8ne.<\/strong><\/p>\n<p class=\" wall-content\">\n<p>\u00ab\u00a0Il faudra gratter les pare-brises\u00a0\u00bb<\/p>\n<p>Si les routes ne risquent pas d&rsquo;\u00eatre verglac\u00e9es, il faudra tout de m\u00eame \u00ab\u00a0gratter les pare-brises\u00a0\u00bb, souligne S\u00e9bastien Decaux, \u00ab\u00a0et penser \u00e0 rentrer ses plantes, pour \u00e9viter le gel.\u00a0\u00bb<\/p>\n<p>Des flocons sur les hauteurs<\/p>\n<p class=\" wall-content\">\u00ab\u2009Pour le reste de la semaine\u2009\u00bb, poursuit S\u00e9bastien Decaux, \u00ab\u2009le temps va se refroidir davantage mercredi\u00a019 et jeudi 20\u00a0novembre.\u2009\u00bb<\/p>\n<p class=\" wall-content\">Comptez <strong>entre 5 et 6\u00a0\u00b0C en matin\u00e9e<\/strong>, avec un ciel variable, des <strong>giboul\u00e9es<\/strong> et <b>des averses<\/b>\u00a0par endroits parfois accompagn\u00e9s de <strong>gr\u00e9sil.<\/strong> \u00ab\u2009En journ\u00e9e, <strong>la sensation de froid sera accentu\u00e9e par un vent du nord<\/strong> \u00e0 40\u00a0km\/h dans les terres et 60\u00a0km\/h dans le littoral de la Manche.\u2009\u00bb<\/p>\n<blockquote class=\"ac-article-quote wall-content\">\n<p>Mercredi soir, le refroidissement s&rsquo;accentue et il n&rsquo;est pas exclu que quelques giboul\u00e9es vont concerner la Bretagne. Ils pourront s&rsquo;accompagner de quelques flocons sur les hauteurs notamment sur les Monts d&rsquo;Arr\u00e9e, dans le pays de Men\u00e9, et \u00e0 Foug\u00e8res.\n<\/p>\n<p>    <strong>S\u00e9bastien Decaux<\/strong><br \/>\n        M\u00e9t\u00e9orologue \u00e0 M\u00e9t\u00e9o Bretagne    <\/p><\/blockquote>\n<p class=\" wall-content\"><strong>Jeudi 20\u00a0novembre<\/strong>, au matin, les temp\u00e9ratures seront l\u00e9g\u00e8rement positives\u2009: entre 0 et 5\u00a0\u00b0C. Des <strong>averses neigeuses<\/strong> seront possibles, l\u00e0 aussi sur les hauteurs. En Ille-et-Vilaine, malheureusement, il est probable que le sol soit trop doux pour la faire tenir.<\/p>\n<p class=\" wall-content\">Le reste de la journ\u00e9e, comptez \u00ab\u20095 \u00b0C \u00e0 Loud\u00e9ac, 6-7 \u00b0C sur le bassin rennais, 8 \u00b0C \u00e0 Vannes et 8 \u00b0C \u00e9galement sur la c\u00f4te d\u2019\u00c9meraude\u2009\u00bb, \u00e9gr\u00e8ne le m\u00e9t\u00e9orologue.<\/p>\n<p>Des gel\u00e9es plus marqu\u00e9es vendredi<\/p>\n<p class=\" wall-content\"><strong>Vendredi 21\u00a0novembre,<\/strong> des gel\u00e9es plus marqu\u00e9es que celles de mardi devraient arriver, car il n\u2019y aura pas de vent, ni de couverture nuageuse. \u00ab\u2009On pourrait avoir <strong>entre -2 et 0\u00a0\u00b0C<\/strong> sur certains secteurs, mais cela reste \u00e0 affiner\u2009\u00bb, expose S\u00e9bastien Decaux.<\/p>\n<p class=\" wall-content\">Si les jours pr\u00e9c\u00e9dents vont \u00eatre teint\u00e9s de grisaille, la journ\u00e9e de vendredi sera <strong>franchement ensoleill\u00e9e.<\/strong> Le thermom\u00e8tre risque ainsi de remonter<strong> vers les 9\u00a0\u00b0C.<\/strong><\/p>\n<p class=\" wall-content\"><strong>Samedi 21\u00a0novembre<\/strong>, le temps <strong>maussade<\/strong> fera son retour avec l\u2019arriv\u00e9e d\u2019une <strong>perturbation.<\/strong> Le mercure oscillera <strong>entre 9 et 11\u00a0\u00b0C.<\/strong><\/p>\n<p class=\" wall-content\">Personnalisez votre actualit\u00e9 en ajoutant vos villes et m\u00e9dias en favori avec <a href=\"https:\/\/moncompte.actu.fr\" title=\"D\u00e9couvez Mon Actu\" rel=\"nofollow noopener\" data-trk=\"{&quot;cta&quot;:{&quot;action&quot;:&quot;https:\\\/\\\/moncompte.actu.fr&quot;,&quot;category&quot;:&quot;mon compte&quot;,&quot;from&quot;:&quot;article footer&quot;,&quot;name&quot;:&quot;Mon actu&quot;,&quot;type&quot;:&quot;cta&quot;}}\" target=\"_blank\">Mon Actu<\/a>.<\/p>\n","protected":false},"excerpt":{"rendered":"Par Laur\u00e8ne Fertin Publi\u00e9 le 17 nov. 2025 \u00e0 11h18 \u00ab\u2009C\u2019est un grand pas vers l\u2019hiver\u2009\u00bb, indique S\u00e9bastien&hellip;\n","protected":false},"author":2,"featured_media":540050,"comment_status":"","ping_status":"","sticky":false,"template":"","format":"standard","meta":{"footnotes":""},"categories":[2821],"tags":[1111,11,829,1777,674,1011,27,3447,2487,2357,10584,12,4459,584,25],"class_list":{"0":"post-540049","1":"post","2":"type-post","3":"status-publish","4":"format-standard","5":"has-post-thumbnail","7":"category-rennes","8":"tag-actu","9":"tag-actualites","10":"tag-bretagne","11":"tag-eu","12":"tag-europe","13":"tag-fr","14":"tag-france","15":"tag-froid","16":"tag-meteo","17":"tag-meteo-france","18":"tag-neige","19":"tag-news","20":"tag-pluie","21":"tag-rennes","22":"tag-republique-francaise"},"share_on_mastodon":{"url":"https:\/\/pubeurope.com\/@fr\/115564657102403400","error":""},"_links":{"self":[{"href":"https:\/\/www.europesays.com\/fr\/wp-json\/wp\/v2\/posts\/540049","targetHints":{"allow":["GET"]}}],"collection":[{"href":"https:\/\/www.europesays.com\/fr\/wp-json\/wp\/v2\/posts"}],"about":[{"href":"https:\/\/www.europesays.com\/fr\/wp-json\/wp\/v2\/types\/post"}],"author":[{"embeddable":true,"href":"https:\/\/www.europesays.com\/fr\/wp-json\/wp\/v2\/users\/2"}],"replies":[{"embeddable":true,"href":"https:\/\/www.europesays.com\/fr\/wp-json\/wp\/v2\/comments?post=540049"}],"version-history":[{"count":0,"href":"https:\/\/www.europesays.com\/fr\/wp-json\/wp\/v2\/posts\/540049\/revisions"}],"wp:featuredmedia":[{"embeddable":true,"href":"https:\/\/www.europesays.com\/fr\/wp-json\/wp\/v2\/media\/540050"}],"wp:attachment":[{"href":"https:\/\/www.europesays.com\/fr\/wp-json\/wp\/v2\/media?parent=540049"}],"wp:term":[{"taxonomy":"category","embeddable":true,"href":"https:\/\/www.europesays.com\/fr\/wp-json\/wp\/v2\/categories?post=540049"},{"taxonomy":"post_tag","embeddable":true,"href":"https:\/\/www.europesays.com\/fr\/wp-json\/wp\/v2\/tags?post=540049"}],"curies":[{"name":"wp","href":"https:\/\/api.w.org\/{rel}","templated":true}]}}