{"id":540051,"date":"2025-11-17T10:51:15","date_gmt":"2025-11-17T10:51:15","guid":{"rendered":"https:\/\/www.europesays.com\/fr\/540051\/"},"modified":"2025-11-17T10:51:15","modified_gmt":"2025-11-17T10:51:15","slug":"alsace-il-y-a-plus-de-6-000-ans-le-massacre-dachenheim-premiere-guerre-totale-dans-la-region","status":"publish","type":"post","link":"https:\/\/www.europesays.com\/fr\/540051\/","title":{"rendered":"Alsace. Il y a plus de 6\u00a0000 ans, le massacre d\u2019Achenheim, premi\u00e8re guerre totale dans la r\u00e9gion"},"content":{"rendered":"<p>Lorsqu\u2019en 2016, l\u2019INRAP (Institut national de recherches en arch\u00e9ologie pr\u00e9ventive) r\u00e9alise des fouilles \u00e0 Achenheim, Philippe Lefranc et son \u00e9quipe mettent au jour les restes de dix personnes jet\u00e9s p\u00eale-m\u00eale dans un silo datant de 4\u00a0250 avant notre \u00e8re, au N\u00e9olithique.<\/p>\n<p>Les ossements portent des dizaines d\u2019impacts\u00a0: cr\u00e2nes d\u00e9fonc\u00e9s, mains en miettes,\u00a0etc. Ils appartiennent tous \u00e0 des hommes adultes massacr\u00e9s alors qu\u2019ils vivaient encore. \u00ab\u00a0Ce n\u2019est pas une <a href=\"https:\/\/www.dna.fr\/societe\/2023\/10\/31\/histoires-de-squelettes\" target=\"_blank\" rel=\"noopener\">s\u00e9pulture<\/a>. <a href=\"https:\/\/www.dna.fr\/culture\/2016\/06\/08\/massacre-a-la-hache-polie-dans-l-alsace-prehistorique\" target=\"_blank\" rel=\"noopener\">C\u2019est un charnier.<\/a> C\u2019est un d\u00e9ferlement de violence in\u00e9dit dans le monde, pour cette p\u00e9riode\u00a0\u00bb, commente Philippe Lefranc, aujourd\u2019hui professeur en arch\u00e9ologie \u00e0 l\u2019Universit\u00e9 de Strasbourg.<\/p>\n<p>Cette explosion de violence s\u2019av\u00e8re \u00eatre le fruit d\u2019une <a href=\"https:\/\/www.dna.fr\/actualite\/2020\/08\/15\/a-achenheim-massacre-et-fete-macabre\" target=\"_blank\" rel=\"noopener\">c\u00e9l\u00e9bration guerri\u00e8re ritualis\u00e9e<\/a> au cours de laquelle ces individus \u00e9taient des troph\u00e9es de guerre captur\u00e9s apr\u00e8s un fait d\u2019armes puis expos\u00e9s. \u00ab\u00a0Les victimes&#8230;<\/p>\n","protected":false},"excerpt":{"rendered":"Lorsqu\u2019en 2016, l\u2019INRAP (Institut national de recherches en arch\u00e9ologie pr\u00e9ventive) r\u00e9alise des fouilles \u00e0 Achenheim, Philippe Lefranc et&hellip;\n","protected":false},"author":2,"featured_media":540052,"comment_status":"","ping_status":"","sticky":false,"template":"","format":"standard","meta":{"footnotes":""},"categories":[2820],"tags":[24061,1111,11,2389,1687,2880,1777,674,107,1011,27,775,937,2410,12,25,104,640,3089],"class_list":{"0":"post-540051","1":"post","2":"type-post","3":"status-publish","4":"format-standard","5":"has-post-thumbnail","7":"category-strasbourg","8":"tag-achenheim","9":"tag-actu","10":"tag-actualites","11":"tag-alsace","12":"tag-culture-loisirs","13":"tag-edition-strasbourg","14":"tag-eu","15":"tag-europe","16":"tag-fil-info","17":"tag-fr","18":"tag-france","19":"tag-grand-est","20":"tag-histoire","21":"tag-livres-bd","22":"tag-news","23":"tag-republique-francaise","24":"tag-societe","25":"tag-strasbourg","26":"tag-strasbourg-sud"},"share_on_mastodon":{"url":"https:\/\/pubeurope.com\/@fr\/115564661044351291","error":""},"_links":{"self":[{"href":"https:\/\/www.europesays.com\/fr\/wp-json\/wp\/v2\/posts\/540051","targetHints":{"allow":["GET"]}}],"collection":[{"href":"https:\/\/www.europesays.com\/fr\/wp-json\/wp\/v2\/posts"}],"about":[{"href":"https:\/\/www.europesays.com\/fr\/wp-json\/wp\/v2\/types\/post"}],"author":[{"embeddable":true,"href":"https:\/\/www.europesays.com\/fr\/wp-json\/wp\/v2\/users\/2"}],"replies":[{"embeddable":true,"href":"https:\/\/www.europesays.com\/fr\/wp-json\/wp\/v2\/comments?post=540051"}],"version-history":[{"count":0,"href":"https:\/\/www.europesays.com\/fr\/wp-json\/wp\/v2\/posts\/540051\/revisions"}],"wp:featuredmedia":[{"embeddable":true,"href":"https:\/\/www.europesays.com\/fr\/wp-json\/wp\/v2\/media\/540052"}],"wp:attachment":[{"href":"https:\/\/www.europesays.com\/fr\/wp-json\/wp\/v2\/media?parent=540051"}],"wp:term":[{"taxonomy":"category","embeddable":true,"href":"https:\/\/www.europesays.com\/fr\/wp-json\/wp\/v2\/categories?post=540051"},{"taxonomy":"post_tag","embeddable":true,"href":"https:\/\/www.europesays.com\/fr\/wp-json\/wp\/v2\/tags?post=540051"}],"curies":[{"name":"wp","href":"https:\/\/api.w.org\/{rel}","templated":true}]}}