{"id":540053,"date":"2025-11-17T10:52:11","date_gmt":"2025-11-17T10:52:11","guid":{"rendered":"https:\/\/www.europesays.com\/fr\/540053\/"},"modified":"2025-11-17T10:52:11","modified_gmt":"2025-11-17T10:52:11","slug":"un-bon-plan-a-saisir-jusqua-mercredi-pour-reduire-le-cout-du-trajet","status":"publish","type":"post","link":"https:\/\/www.europesays.com\/fr\/540053\/","title":{"rendered":"un bon plan \u00e0 saisir jusqu\u2019\u00e0 mercredi pour r\u00e9duire le co\u00fbt du trajet"},"content":{"rendered":"<p>                    Par<br \/>\n        <strong><br \/>\n            <a href=\"https:\/\/actu.fr\/auteur\/ivan-capecchi\" title=\"Consulter tous les articles de Ivan CAPECCHI\" target=\"_blank\" rel=\"noopener\">Ivan CAPECCHI<\/a><br \/>\n                    <\/strong><\/p>\n<p>        Publi\u00e9 le<\/p>\n<p>            17 nov. 2025 \u00e0 11h35        <\/p>\n<p>BlaBlaCar met en place une <strong>r\u00e9duction de 50 % sur ses billets de bus r\u00e9serv\u00e9s entre le 17 et le 19 novembre 2025<\/strong>, pour des <strong>trajets effectu\u00e9s entre le 17 novembre et le 16 d\u00e9cembre 2025<\/strong>, puis <strong>entre le 6 janvier et le 4 f\u00e9vrier 2026<\/strong>.<\/p>\n<p class=\" wall-content\">Cette r\u00e9duction s\u2019applique sur tout le r\u00e9seau <strong>BlaBlaCar Bus<\/strong>, en France et vers l\u2019\u00e9tranger, ainsi que sur les lignes vers les stations de ski, avec le code <strong>HALF<\/strong>.<\/p>\n<p class=\" wall-content\">Cette p\u00e9riode recouvre notamment celle des <a href=\"https:\/\/actu.fr\/grand-est\/strasbourg_67482\/strasbourg-les-dates-du-marche-de-noel-2025-sont-connues_62710676.html\" target=\"_blank\" rel=\"noopener\">march\u00e9s de No\u00ebl, dont celui de Strasbourg<\/a>.<\/p>\n<p>Un Paris \u2013 Strasbourg \u00e0 partir de 8,99 \u20ac gr\u00e2ce \u00e0 la r\u00e9duction Blablacar Bus<\/p>\n<p class=\" wall-content\">Par exemple, un trajet <strong>Paris \u2013 Strasbourg<\/strong> le 6 d\u00e9cembre 2025 est propos\u00e9 \u00e0 partir de <strong>11,49\u00a0\u20ac<\/strong> (contre 22,99 \u20ac sans r\u00e9duction).<\/p>\n<p class=\" wall-content\">Pour rappel, le march\u00e9 de No\u00ebl de Strasbourg sera ouvert du 26 novembre au 24 d\u00e9cembre 2025.<\/p>\n<p>Valable aussi pour d\u00e9couvrir les march\u00e9s de No\u00ebl de Metz ou la Saint-Nicolas \u00e0 Nancy<\/p>\n<p class=\" wall-content\">Le bon plan est aussi valable pour celles et ceux qui souhaiteraient d\u00e9couvrir le <a href=\"https:\/\/actu.fr\/grand-est\/metz_57463\/nouveaute-du-marche-de-noel-a-metz-une-foret-de-lutins-installee-devant-la-gare_63440396.html\" target=\"_blank\" rel=\"noopener\">march\u00e9 de No\u00ebl de Metz<\/a> ou les <a href=\"https:\/\/actu.fr\/grand-est\/nancy_54395\/les-fetes-de-saint-nicolas-seront-inaugurees-vendredi-a-nancy-voici-le-programme_63432773.html\" target=\"_blank\" rel=\"noopener\">f\u00eates de la Saint-Nicolas \u00e0 Nancy<\/a>.<\/p>\n<p>Votre r\u00e9gion, votre actu !<\/p>\n<p>Recevez chaque jour les infos qui comptent pour vous.<\/p>\n<p>\t<a href=\"https:\/\/actu.fr\/newsletter\" class=\"ac-btn ac-btn--corner ac-btn--medium ac-btn--blue800\" target=\"_blank\" rel=\"noopener\">S&rsquo;incrire<\/a><\/p>\n<p class=\" wall-content\">Ou encore pour les personnes d\u00e9sireuses de <strong>quitter la r\u00e9gion<\/strong> pendant cette p\u00e9riode. Ainsi, voici des exemples de prix (avec le -50 % appliqu\u00e9) pour des d\u00e9parts depuis Strasbourg :<\/p>\n<ul class=\" wall-content\">\n<li>Strasbourg \u2013 Paris : 8,49 \u20ac<\/li>\n<li>Strasbourg \u2013 Metz : 3,39 \u20ac<\/li>\n<li>Strasbourg \u2013 Lyon : 10,99 \u20ac<\/li>\n<li>Strasbourg \u2013 Bruxelles : 6,99 \u20ac<\/li>\n<li>Strasbourg \u2013 Francfort : 5,49 \u20ac<\/li>\n<li>Strasbourg \u2013 Colmar : 1,99 \u20ac<\/li>\n<li>Strasbourg \u2013 Amsterdam : 12,49 \u20ac.<\/li>\n<\/ul>\n<p class=\" wall-content\">Personnalisez votre actualit\u00e9 en ajoutant vos villes et m\u00e9dias en favori avec <a href=\"https:\/\/moncompte.actu.fr\" title=\"D\u00e9couvez Mon Actu\" rel=\"nofollow noopener\" data-trk=\"{&quot;cta&quot;:{&quot;action&quot;:&quot;https:\\\/\\\/moncompte.actu.fr&quot;,&quot;category&quot;:&quot;mon compte&quot;,&quot;from&quot;:&quot;article footer&quot;,&quot;name&quot;:&quot;Mon actu&quot;,&quot;type&quot;:&quot;cta&quot;}}\" target=\"_blank\">Mon Actu<\/a>.<\/p>\n","protected":false},"excerpt":{"rendered":"Par Ivan CAPECCHI Publi\u00e9 le 17 nov. 2025 \u00e0 11h35 BlaBlaCar met en place une r\u00e9duction de 50&hellip;\n","protected":false},"author":2,"featured_media":540054,"comment_status":"","ping_status":"","sticky":false,"template":"","format":"standard","meta":{"footnotes":""},"categories":[2820],"tags":[1111,11,677,1777,674,1011,27,775,1652,56596,12,25,640],"class_list":{"0":"post-540053","1":"post","2":"type-post","3":"status-publish","4":"format-standard","5":"has-post-thumbnail","7":"category-strasbourg","8":"tag-actu","9":"tag-actualites","10":"tag-bons-plans","11":"tag-eu","12":"tag-europe","13":"tag-fr","14":"tag-france","15":"tag-grand-est","16":"tag-loisirs-culture","17":"tag-marche-de-noel-de-strasbourg","18":"tag-news","19":"tag-republique-francaise","20":"tag-strasbourg"},"share_on_mastodon":{"url":"https:\/\/pubeurope.com\/@fr\/115564664909965310","error":""},"_links":{"self":[{"href":"https:\/\/www.europesays.com\/fr\/wp-json\/wp\/v2\/posts\/540053","targetHints":{"allow":["GET"]}}],"collection":[{"href":"https:\/\/www.europesays.com\/fr\/wp-json\/wp\/v2\/posts"}],"about":[{"href":"https:\/\/www.europesays.com\/fr\/wp-json\/wp\/v2\/types\/post"}],"author":[{"embeddable":true,"href":"https:\/\/www.europesays.com\/fr\/wp-json\/wp\/v2\/users\/2"}],"replies":[{"embeddable":true,"href":"https:\/\/www.europesays.com\/fr\/wp-json\/wp\/v2\/comments?post=540053"}],"version-history":[{"count":0,"href":"https:\/\/www.europesays.com\/fr\/wp-json\/wp\/v2\/posts\/540053\/revisions"}],"wp:featuredmedia":[{"embeddable":true,"href":"https:\/\/www.europesays.com\/fr\/wp-json\/wp\/v2\/media\/540054"}],"wp:attachment":[{"href":"https:\/\/www.europesays.com\/fr\/wp-json\/wp\/v2\/media?parent=540053"}],"wp:term":[{"taxonomy":"category","embeddable":true,"href":"https:\/\/www.europesays.com\/fr\/wp-json\/wp\/v2\/categories?post=540053"},{"taxonomy":"post_tag","embeddable":true,"href":"https:\/\/www.europesays.com\/fr\/wp-json\/wp\/v2\/tags?post=540053"}],"curies":[{"name":"wp","href":"https:\/\/api.w.org\/{rel}","templated":true}]}}