{"id":540057,"date":"2025-11-17T10:54:12","date_gmt":"2025-11-17T10:54:12","guid":{"rendered":"https:\/\/www.europesays.com\/fr\/540057\/"},"modified":"2025-11-17T10:54:12","modified_gmt":"2025-11-17T10:54:12","slug":"la-proposition-deric-ciotti-a-la-principaute","status":"publish","type":"post","link":"https:\/\/www.europesays.com\/fr\/540057\/","title":{"rendered":"la proposition d&rsquo;\u00c9ric Ciotti \u00e0 la Principaut\u00e9"},"content":{"rendered":"<p><strong>\u00c9ric Ciotti avance l\u2019id\u00e9e d\u2019une zone d\u2019activit\u00e9 dans les Alpes-Maritimes o\u00f9 les entreprises mon\u00e9gasques pourraient b\u00e9n\u00e9ficier des m\u00eames avantages fiscaux qu\u2019en Principaut\u00e9.<\/strong><\/p>\n<p>Pr\u00e9sident du groupe d\u2019amiti\u00e9 franco-mon\u00e9gasque \u00e0 l\u2019Assembl\u00e9e nationale, le candidat aux municipales ni\u00e7oises part d\u2019un constat : environ 25 000 Ni\u00e7ois font partie des 40 000 Maralpins qui travaillent quotidiennement \u00e0 Monaco. Des d\u00e9placements qui g\u00e9n\u00e8rent des saturations importantes aux abords de la Principaut\u00e9. \u00ab\u00a0C\u2019est une id\u00e9e qui doit \u00eatre poursuivie et qui doit prosp\u00e9rer car elle permettrait d\u2019avoir une croissance des deux c\u00f4t\u00e9s de la fronti\u00e8re\u00a0\u00bb, affirme \u00c9ric Ciotti au micro de TVMonaco <\/p>\n<blockquote class=\"instagram-media\" data-instgrm-permalink=\"https:\/\/www.instagram.com\/reel\/DRJf5liFLxJ\/?utm_source=ig_embed&amp;utm_campaign=loading\" data-instgrm-version=\"14\" style=\" background:#FFF; border:0; border-radius:3px; box-shadow:0 0 1px 0 rgba(0,0,0,0.5),0 1px 10px 0 rgba(0,0,0,0.15); margin: 1px; max-width:540px; min-width:326px; padding:0; width:99.375%; width:-webkit-calc(100% - 2px); width:calc(100% - 2px);\">\n<\/blockquote>\n<p><strong>L\u2019\u00e9co-Vall\u00e9e dans le viseur<\/strong><\/p>\n<p>Candidat \u00e0 la succession de Christian Estrosi, \u00c9ric Ciotti cible d\u00e9sormais la plaine du Var, qui accueille actuellement l\u2019\u00e9co-Vall\u00e9e, projet lanc\u00e9 en 2005, pour constituer cette zone franche. \u00ab\u00a0Nous pensons que c\u2019est une tr\u00e8s bonne id\u00e9e. L\u2019\u00e9conomie mon\u00e9gasque a besoin de se d\u00e9velopper de 1000 emplois par an \u00bb, d\u00e9clare \u00e0 TVMonaco Philippe Ortelli, pr\u00e9sident de la FEDEM, qui y voit une opportunit\u00e9 pour les entreprises mon\u00e9gasques et leurs salari\u00e9s fran\u00e7ais. <\/p>\n<p>Pour Fabrice Notari, du c\u00f4t\u00e9 du Conseil National, cette alternative au couteux et peu probable <a href=\"https:\/\/www.monaco-tribune.com\/2025\/09\/les-dirigeants-dentreprises-monegasques-proposent-un-metro-pour-desengorger-monaco\/\" rel=\"nofollow noopener\" target=\"_blank\">m\u00e9tro entre Nice et Monaco<\/a> doit cependant garantir des conditions fiscales et sociales comparables. <\/p>\n<p>                <script async src=\"\/\/www.instagram.com\/embed.js\"><\/script><\/p>\n","protected":false},"excerpt":{"rendered":"\u00c9ric Ciotti avance l\u2019id\u00e9e d\u2019une zone d\u2019activit\u00e9 dans les Alpes-Maritimes o\u00f9 les entreprises mon\u00e9gasques pourraient b\u00e9n\u00e9ficier des m\u00eames&hellip;\n","protected":false},"author":2,"featured_media":540058,"comment_status":"","ping_status":"","sticky":false,"template":"","format":"standard","meta":{"footnotes":""},"categories":[2819],"tags":[1111,11,1777,674,1011,27,12,2401,882,25,2803],"class_list":{"0":"post-540057","1":"post","2":"type-post","3":"status-publish","4":"format-standard","5":"has-post-thumbnail","7":"category-nice","8":"tag-actu","9":"tag-actualites","10":"tag-eu","11":"tag-europe","12":"tag-fr","13":"tag-france","14":"tag-news","15":"tag-nice","16":"tag-provence-alpes-cote-dazur","17":"tag-republique-francaise","18":"tag-transport"},"share_on_mastodon":{"url":"https:\/\/pubeurope.com\/@fr\/115564672786363981","error":""},"_links":{"self":[{"href":"https:\/\/www.europesays.com\/fr\/wp-json\/wp\/v2\/posts\/540057","targetHints":{"allow":["GET"]}}],"collection":[{"href":"https:\/\/www.europesays.com\/fr\/wp-json\/wp\/v2\/posts"}],"about":[{"href":"https:\/\/www.europesays.com\/fr\/wp-json\/wp\/v2\/types\/post"}],"author":[{"embeddable":true,"href":"https:\/\/www.europesays.com\/fr\/wp-json\/wp\/v2\/users\/2"}],"replies":[{"embeddable":true,"href":"https:\/\/www.europesays.com\/fr\/wp-json\/wp\/v2\/comments?post=540057"}],"version-history":[{"count":0,"href":"https:\/\/www.europesays.com\/fr\/wp-json\/wp\/v2\/posts\/540057\/revisions"}],"wp:featuredmedia":[{"embeddable":true,"href":"https:\/\/www.europesays.com\/fr\/wp-json\/wp\/v2\/media\/540058"}],"wp:attachment":[{"href":"https:\/\/www.europesays.com\/fr\/wp-json\/wp\/v2\/media?parent=540057"}],"wp:term":[{"taxonomy":"category","embeddable":true,"href":"https:\/\/www.europesays.com\/fr\/wp-json\/wp\/v2\/categories?post=540057"},{"taxonomy":"post_tag","embeddable":true,"href":"https:\/\/www.europesays.com\/fr\/wp-json\/wp\/v2\/tags?post=540057"}],"curies":[{"name":"wp","href":"https:\/\/api.w.org\/{rel}","templated":true}]}}