{"id":540059,"date":"2025-11-17T10:55:22","date_gmt":"2025-11-17T10:55:22","guid":{"rendered":"https:\/\/www.europesays.com\/fr\/540059\/"},"modified":"2025-11-17T10:55:22","modified_gmt":"2025-11-17T10:55:22","slug":"extension-dune-carriere-de-sable-en-loire-atlantique-la-decision-repoussee","status":"publish","type":"post","link":"https:\/\/www.europesays.com\/fr\/540059\/","title":{"rendered":"Extension d\u2019une carri\u00e8re de sable en Loire-Atlantique\u00a0: la d\u00e9cision repouss\u00e9e"},"content":{"rendered":"<p><a href=\"https:\/\/nantes.maville.com\/actu\/actudet_-en-loire-atlantique-la-sabliere-qui-exacerbe-les-tensions-_8-7009006_actu.Htm\" target=\"_self\" rel=\"nofollow noopener\">Ils s\u2019y opposent depuis plusieurs ann\u00e9es.<\/a> Des habitants de Saint-Colomban et de communes p\u00e9riph\u00e9riques de Grand-Lieu communaut\u00e9, r\u00e9unis dans l\u2019association la T\u00eate dans le sable, saluent une nouvelle victoire dans leur \u00a0combat\u00a0 contre l\u2019extension de la carri\u00e8re de sable du groupe Heidelberg. \u00a0Le pr\u00e9fet repousse de sept mois suppl\u00e9mentaires sa d\u00e9cision\u00a0, se r\u00e9jouit l\u2019association dans un communiqu\u00e9, lundi 17\u00a0novembre 2025.<\/p>\n<p>Les opposants d\u00e9noncent un \u00a0projet d\u2019un autre temps\u00a0 qui \u00a0[mettrait \u00e0 mal] l\u2019avenir du territoire\u00a0.<\/p>\n<p>Une r\u00e9union en pr\u00e9fecture<\/p>\n<p>La T\u00eate dans le sable salue un \u00a0nouveau coup de frein important dans la proc\u00e9dure en cours pour l\u2019extension\u00a0 de la sabli\u00e8re de Saint-Colomban. <a href=\"https:\/\/nantes.maville.com\/actu\/actudet_-sabliere-de-saint-colomban-les-opposants-en-prefecture-_8-6987596_actu.Htm\" target=\"_self\" rel=\"nofollow noopener\">L\u2019association avait \u00e9t\u00e9 re\u00e7ue par le pr\u00e9fet de Loire-Atlantique pour exposer ses arguments<\/a>.<\/p>\n<p>Les opposants avaient soulign\u00e9, selon eux, les \u00a0failles juridiques du dossier\u00a0, le \u00a0fort impact sur les esp\u00e8ces prot\u00e9g\u00e9es\u00a0 et la \u00a0fragilit\u00e9 de la ressource en eau\u00a0 dans le secteur.<\/p>\n<p><a href=\"https:\/\/nantes.maville.com\/actu\/actudet_-carriere-de-sable-au-sud-de-nantes-quid-de-la-protection-de-l-environnement-_52716-6911197_actu.Htm\" target=\"_self\" rel=\"nofollow noopener\"> <strong>? \u00c0 LIRE AUSSI. Carri\u00e8re de sable au sud de Nantes\u00a0: quid de la protection de l\u2019environnement\u00a0?<\/strong> <\/a><\/p>\n<p>Un arr\u00eat\u00e9 du 23\u00a0octobre<\/p>\n<p>La pr\u00e9fecture de Loire-Atlantique a publi\u00e9 un arr\u00eat\u00e9 le 23\u00a0octobre 2025. Il prolonge jusqu\u2019au 31\u00a0mai 2026 \u00a0la phase de d\u00e9cision de la demande d\u2019autorisation environnementale relative au renouvellement et de l\u2019extension de la carri\u00e8re de la Grande Garde\u00a0.<\/p>\n<p>Pour la T\u00eate dans le sable, ces \u00a0sept mois suppl\u00e9mentaires sont d\u00e9terminants et nous renforcent dans la bataille que nous menons depuis pr\u00e8s de six ans\u00a0. Elle indique ne \u00a0rien l\u00e2cher\u00a0 et \u00a0engager tous nouveaux recours qui seraient n\u00e9cessaires\u00a0.<\/p>\n<p>\u00a0<\/p>\n","protected":false},"excerpt":{"rendered":"Ils s\u2019y opposent depuis plusieurs ann\u00e9es. Des habitants de Saint-Colomban et de communes p\u00e9riph\u00e9riques de Grand-Lieu communaut\u00e9, r\u00e9unis&hellip;\n","protected":false},"author":2,"featured_media":540060,"comment_status":"","ping_status":"","sticky":false,"template":"","format":"standard","meta":{"footnotes":""},"categories":[2818],"tags":[1111,11,1282,17227,1777,674,14576,1011,27,3047,766,12,2636,65842,25,19463],"class_list":{"0":"post-540059","1":"post","2":"type-post","3":"status-publish","4":"format-standard","5":"has-post-thumbnail","7":"category-nantes","8":"tag-actu","9":"tag-actualites","10":"tag-carriere","11":"tag-decision","12":"tag-eu","13":"tag-europe","14":"tag-extension","15":"tag-fr","16":"tag-france","17":"tag-loire-atlantique","18":"tag-nantes","19":"tag-news","20":"tag-pays-de-la-loire","21":"tag-repoussee","22":"tag-republique-francaise","23":"tag-sable"},"share_on_mastodon":{"url":"https:\/\/pubeurope.com\/@fr\/115564676719927401","error":""},"_links":{"self":[{"href":"https:\/\/www.europesays.com\/fr\/wp-json\/wp\/v2\/posts\/540059","targetHints":{"allow":["GET"]}}],"collection":[{"href":"https:\/\/www.europesays.com\/fr\/wp-json\/wp\/v2\/posts"}],"about":[{"href":"https:\/\/www.europesays.com\/fr\/wp-json\/wp\/v2\/types\/post"}],"author":[{"embeddable":true,"href":"https:\/\/www.europesays.com\/fr\/wp-json\/wp\/v2\/users\/2"}],"replies":[{"embeddable":true,"href":"https:\/\/www.europesays.com\/fr\/wp-json\/wp\/v2\/comments?post=540059"}],"version-history":[{"count":0,"href":"https:\/\/www.europesays.com\/fr\/wp-json\/wp\/v2\/posts\/540059\/revisions"}],"wp:featuredmedia":[{"embeddable":true,"href":"https:\/\/www.europesays.com\/fr\/wp-json\/wp\/v2\/media\/540060"}],"wp:attachment":[{"href":"https:\/\/www.europesays.com\/fr\/wp-json\/wp\/v2\/media?parent=540059"}],"wp:term":[{"taxonomy":"category","embeddable":true,"href":"https:\/\/www.europesays.com\/fr\/wp-json\/wp\/v2\/categories?post=540059"},{"taxonomy":"post_tag","embeddable":true,"href":"https:\/\/www.europesays.com\/fr\/wp-json\/wp\/v2\/tags?post=540059"}],"curies":[{"name":"wp","href":"https:\/\/api.w.org\/{rel}","templated":true}]}}