{"id":540066,"date":"2025-11-17T10:59:12","date_gmt":"2025-11-17T10:59:12","guid":{"rendered":"https:\/\/www.europesays.com\/fr\/540066\/"},"modified":"2025-11-17T10:59:12","modified_gmt":"2025-11-17T10:59:12","slug":"jusquou-le-thermometre-va-descendre-cette-semaine","status":"publish","type":"post","link":"https:\/\/www.europesays.com\/fr\/540066\/","title":{"rendered":"jusqu&rsquo;o\u00f9 le thermom\u00e8tre va descendre cette semaine"},"content":{"rendered":"<p>                    Par<br \/>\n        <strong><br \/>\n            <a href=\"https:\/\/actu.fr\/auteur\/david-saint-sernin\" title=\"Consulter tous les articles de David Saint-Sernin\" rel=\"nofollow noopener\" target=\"_blank\">David Saint-Sernin<\/a><br \/>\n                    <\/strong><\/p>\n<p>        Publi\u00e9 le<\/p>\n<p>            17 nov. 2025 \u00e0 11h39        <\/p>\n<p>Lundi 17\u00a0novembre 2025, en d\u00e9but de journ\u00e9e, il a encore fait assez doux <a href=\"https:\/\/actu.fr\/toulouse\/\" rel=\"nofollow noopener\" target=\"_blank\">\u00e0 Toulouse<\/a> et en Haute-Garonne. Mais cela va changer.<\/p>\n<p>Un avant-go\u00fbt de l\u2019hiver<\/p>\n<p class=\" wall-content\">Ces prochains jours vont nous donner un avant-go\u00fbt de l\u2019hiver en Haute-Garonne avec les <a href=\"https:\/\/actu.fr\/occitanie\/arfons_81016\/meteo-les-premieres-gelees-de-la-saison-attendues-et-de-la-neige-possible-entre-la-haute-garonne-et-le-tarn_63445281.html\" rel=\"nofollow noopener\" target=\"_blank\">premi\u00e8res gel\u00e9es blanches<\/a> durables de la saison.<\/p>\n<p class=\" wall-content\">Le flux d\u2019air va en effet basculer au nord mardi et l\u2019air va donc arriver de Scandinavie. Les temp\u00e9ratures vont passer en dessous des normales de saison.<strong> M\u00e9t\u00e9o France<\/strong> indique \u00e0 Actu Toulouse jusqu\u2019o\u00f9 les temp\u00e9ratures vont descendre, jour apr\u00e8s jour\u2009:<\/p>\n<p class=\" wall-content\">D\u00e8s ce mardi, \u00ab\u2009le thermom\u00e8tre va descendre avec des temp\u00e9ratures de l\u2019ordre de 1 \u00e0 3\u00b0 en plaine et 2 \u00e0 3\u00b0 en plaine toulousaine. Les temp\u00e9ratures seront presque n\u00e9gatives dans le sud du d\u00e9partement avec 0\u00b0 dans le Volvestre et le Comminges. Les gel\u00e9es seront cons\u00e9quentes en montagne\u2009\u00bb, d\u00e9taille M\u00e9t\u00e9o France.<\/p>\n<p>Temp\u00e9ratures n\u00e9gatives en plaine ce mercredi matin<\/p>\n<p class=\" wall-content\">Mercredi, les temp\u00e9ratures seront n\u00e9gatives en plaine toulousaine, de l\u2019ordre de -1\u00b0. Elles seront positives sur les coteaux avec 2\u00b0 attendus \u00e0 Pech-David. \u00c0 basse altitude, il fera -3\u00b0.<\/p>\n<p class=\" wall-content\">Le passage d\u2019une perturbation dans la nuit de mercredi \u00e0 jeudi va faire remonter les temp\u00e9ratures au-dessus de 0\u00b0. Cela ne sera qu\u2019une parenth\u00e8se.<\/p>\n<p>Vid\u00e9os : en ce moment sur ActuNouvelle baisse vendredi et samedi<\/p>\n<p class=\" wall-content\">D\u00e8s vendredi, les temp\u00e9ratures vont \u00e0 nouveau baisser. Il fera entre 0 et 1\u00b0 en plaine toulousaine. Et jusqu\u2019\u00e0 -3\u00b0 sur les coteaux du Volvestre et du Comminges. En vall\u00e9e de Luchon, les temp\u00e9ratures \u00e9volueront entre -4\u00b0 et -6\u00b0 vendredi et samedi.<\/p>\n<p class=\" wall-content\">\u00ab\u2009<strong>On repasse en dessous des moyennes de saison<\/strong> qui sont de 5\u00b0 \u00e0 6\u00b0 pour la Haute-Garonne le matin\u2009\u00bb, indique M\u00e9t\u00e9o France.<\/p>\n<p>Votre r\u00e9gion, votre actu !<\/p>\n<p>Recevez chaque jour les infos qui comptent pour vous.<\/p>\n<p>\t<a href=\"https:\/\/actu.fr\/newsletter\" class=\"ac-btn ac-btn--corner ac-btn--medium ac-btn--blue800\" rel=\"nofollow noopener\" target=\"_blank\">S&rsquo;incrire<\/a><br \/>\nUn peu de neige dans les Pyr\u00e9n\u00e9es<\/p>\n<p class=\" wall-content\">Cet air froid, accompagn\u00e9 de passages perturb\u00e9s, pourra provoquer des chutes de neige vers 2000 m\u00e8tres d\u2019altitude ce lundi, puis un peu plus bas la nuit prochaine. La neige pourra \u00e0 nouveau tomber sur les Pyr\u00e9n\u00e9es en fin de semaine.<\/p>\n<p class=\" wall-content\">Personnalisez votre actualit\u00e9 en ajoutant vos villes et m\u00e9dias en favori avec <a href=\"https:\/\/moncompte.actu.fr\" title=\"D\u00e9couvez Mon Actu\" rel=\"nofollow noopener\" data-trk=\"{&quot;cta&quot;:{&quot;action&quot;:&quot;https:\\\/\\\/moncompte.actu.fr&quot;,&quot;category&quot;:&quot;mon compte&quot;,&quot;from&quot;:&quot;article footer&quot;,&quot;name&quot;:&quot;Mon actu&quot;,&quot;type&quot;:&quot;cta&quot;}}\" target=\"_blank\">Mon Actu<\/a>.<\/p>\n","protected":false},"excerpt":{"rendered":"Par David Saint-Sernin Publi\u00e9 le 17 nov. 2025 \u00e0 11h39 Lundi 17\u00a0novembre 2025, en d\u00e9but de journ\u00e9e, il&hellip;\n","protected":false},"author":2,"featured_media":540067,"comment_status":"","ping_status":"","sticky":false,"template":"","format":"standard","meta":{"footnotes":""},"categories":[2816],"tags":[1111,11,1777,674,1011,27,2357,10584,12,2680,2723,25,104,2312],"class_list":{"0":"post-540066","1":"post","2":"type-post","3":"status-publish","4":"format-standard","5":"has-post-thumbnail","7":"category-toulouse","8":"tag-actu","9":"tag-actualites","10":"tag-eu","11":"tag-europe","12":"tag-fr","13":"tag-france","14":"tag-meteo-france","15":"tag-neige","16":"tag-news","17":"tag-occitanie","18":"tag-pyrenees","19":"tag-republique-francaise","20":"tag-societe","21":"tag-toulouse"},"share_on_mastodon":{"url":"https:\/\/pubeurope.com\/@fr\/115564692338747755","error":""},"_links":{"self":[{"href":"https:\/\/www.europesays.com\/fr\/wp-json\/wp\/v2\/posts\/540066","targetHints":{"allow":["GET"]}}],"collection":[{"href":"https:\/\/www.europesays.com\/fr\/wp-json\/wp\/v2\/posts"}],"about":[{"href":"https:\/\/www.europesays.com\/fr\/wp-json\/wp\/v2\/types\/post"}],"author":[{"embeddable":true,"href":"https:\/\/www.europesays.com\/fr\/wp-json\/wp\/v2\/users\/2"}],"replies":[{"embeddable":true,"href":"https:\/\/www.europesays.com\/fr\/wp-json\/wp\/v2\/comments?post=540066"}],"version-history":[{"count":0,"href":"https:\/\/www.europesays.com\/fr\/wp-json\/wp\/v2\/posts\/540066\/revisions"}],"wp:featuredmedia":[{"embeddable":true,"href":"https:\/\/www.europesays.com\/fr\/wp-json\/wp\/v2\/media\/540067"}],"wp:attachment":[{"href":"https:\/\/www.europesays.com\/fr\/wp-json\/wp\/v2\/media?parent=540066"}],"wp:term":[{"taxonomy":"category","embeddable":true,"href":"https:\/\/www.europesays.com\/fr\/wp-json\/wp\/v2\/categories?post=540066"},{"taxonomy":"post_tag","embeddable":true,"href":"https:\/\/www.europesays.com\/fr\/wp-json\/wp\/v2\/tags?post=540066"}],"curies":[{"name":"wp","href":"https:\/\/api.w.org\/{rel}","templated":true}]}}