{"id":540070,"date":"2025-11-17T11:02:12","date_gmt":"2025-11-17T11:02:12","guid":{"rendered":"https:\/\/www.europesays.com\/fr\/540070\/"},"modified":"2025-11-17T11:02:12","modified_gmt":"2025-11-17T11:02:12","slug":"une-adolescente-de-17-ans-retrouvee-morte-a-roubaix-du-protoxyde-dazote-en-grande-quantite-decouvert-dans-son-appartement","status":"publish","type":"post","link":"https:\/\/www.europesays.com\/fr\/540070\/","title":{"rendered":"Une adolescente de 17\u00a0ans retrouv\u00e9e morte \u00e0 Roubaix, du protoxyde d\u2019azote en grande quantit\u00e9 d\u00e9couvert dans son appartement"},"content":{"rendered":"<p class=\"paragraph text_align_left lp-f-body-02\">Que s\u2019est-il pass\u00e9 dans cet appartement du troisi\u00e8me \u00e9tage de Roubaix (<a href=\"https:\/\/www.leparisien.fr\/nord-59\/\" target=\"_blank\" rel=\"noreferrer nofollow noopener\">Nord<\/a>) ? Le corps sans vie d\u2019une adolescente de 17 ans a \u00e9t\u00e9 retrouv\u00e9, ce dimanche, dans un appartement o\u00f9 une trentaine de bonbonnes <a href=\"https:\/\/www.leparisien.fr\/faits-divers\/le-protoxyde-dazote-est-un-fleau-la-mere-de-mathis-tue-par-un-chauffard-reclame-une-loi-06-11-2025-EBRKADM3MBBUFFAYTYLG7VGKMI.php\" target=\"_blank\" rel=\"noreferrer nofollow noopener\">de protoxyde d\u2019azote<\/a> ont \u00e9t\u00e9 d\u00e9couvertes, a appris Le Parisien de source polici\u00e8re.<\/p>\n<p class=\"paragraph text_align_left lp-f-body-02\">Ce dimanche, en d\u00e9but d\u2019apr\u00e8s-midi, les policiers de Roubaix sont contact\u00e9s par une habitante d\u2019un immeuble de la rue Drouot, en plein centre-ville. Celle-ci s\u2019inqui\u00e8te de ne pas avoir de nouvelles de sa voisine de 17 ans.<\/p>\n<p>Une enqu\u00eate ouverte pour \u00ab homicide involontaire \u00bb<\/p>\n<p class=\"paragraph text_align_left lp-f-body-02\">Avertis, les policiers, accompagn\u00e9s des secours, se rendent \u00e0 l\u2019adresse indiqu\u00e9e vers 15h15 et d\u00e9couvrent, dans un appartement du troisi\u00e8me \u00e9tage, le corps sans vie de l\u2019adolescente.<\/p>\n<p class=\"paragraph text_align_left lp-f-body-02\">Selon les premi\u00e8res constatations du m\u00e9decin l\u00e9giste, le d\u00e9c\u00e8s de la jeune femme semble li\u00e9 \u00e0 une prise excessive de protoxyde d\u2019azote. Sur place, dans l\u2019appartement, les policiers ont retrouv\u00e9 une trentaine <a href=\"https:\/\/www.leparisien.fr\/paris-75\/paris-le-bazar-des-sales-gosses-polis-shootes-au-gaz-hilarant-ne-fait-pas-rire-les-riverains-12-08-2025-ABN2RCNYJBHUPKFLWL6G2ELHH4.php\" target=\"_blank\" rel=\"noreferrer nofollow noopener\">de bonbonnes de protoxyde d\u2019azote<\/a> \u00ab de grande contenance \u00bb, qui \u00ab expliquerait son d\u00e9c\u00e8s \u00bb, selon une source polici\u00e8re.<\/p>\n<p class=\"lp-card-podcast-highlighting__title  lp-f-subtitle-05\">[2\/2] Mus\u00e9e Marmottan\u00a0: le vol spectaculaire d\u2019un chef-d\u2019\u0153uvre de Monet<\/p>\n<p class=\"lp-card-podcast-highlighting__description lp-f-ui-05\">Crime story raconte chaque semaine les grandes affaires criminelles.<\/p>\n<p><a class=\"lp-card-podcast-highlighting__call-to-action\" data-page-type=\"HP\" data-block-name=\"podcast-highlight\">\u00c9couter<\/a><\/p>\n<p class=\"paragraph text_align_left lp-f-body-02\">Ce \u00ab gaz hilarant \u00bb, notamment utilis\u00e9 pour un usage professionnel en cuisine et en m\u00e9decine, est d\u00e9tourn\u00e9 par les jeunes pour un usage r\u00e9cr\u00e9atif. Une enqu\u00eate a \u00e9t\u00e9 ouverte par le parquet de Lille pour \u00ab homicide involontaire \u00bb. Les investigations ont \u00e9t\u00e9 confi\u00e9es \u00e0 la Circonscription de Police Nationale (CPN) du Nord.<\/p>\n","protected":false},"excerpt":{"rendered":"Que s\u2019est-il pass\u00e9 dans cet appartement du troisi\u00e8me \u00e9tage de Roubaix (Nord) ? Le corps sans vie d\u2019une&hellip;\n","protected":false},"author":2,"featured_media":540071,"comment_status":"","ping_status":"","sticky":false,"template":"","format":"standard","meta":{"footnotes":""},"categories":[2815],"tags":[1111,11,459,1777,674,118,1011,27,811,1307,12,25],"class_list":{"0":"post-540070","1":"post","2":"type-post","3":"status-publish","4":"format-standard","5":"has-post-thumbnail","7":"category-lille","8":"tag-actu","9":"tag-actualites","10":"tag-departements-horsidfo","11":"tag-eu","12":"tag-europe","13":"tag-faits-divers","14":"tag-fr","15":"tag-france","16":"tag-hauts-de-france","17":"tag-lille","18":"tag-news","19":"tag-republique-francaise"},"share_on_mastodon":{"url":"https:\/\/pubeurope.com\/@fr\/115564704222710048","error":""},"_links":{"self":[{"href":"https:\/\/www.europesays.com\/fr\/wp-json\/wp\/v2\/posts\/540070","targetHints":{"allow":["GET"]}}],"collection":[{"href":"https:\/\/www.europesays.com\/fr\/wp-json\/wp\/v2\/posts"}],"about":[{"href":"https:\/\/www.europesays.com\/fr\/wp-json\/wp\/v2\/types\/post"}],"author":[{"embeddable":true,"href":"https:\/\/www.europesays.com\/fr\/wp-json\/wp\/v2\/users\/2"}],"replies":[{"embeddable":true,"href":"https:\/\/www.europesays.com\/fr\/wp-json\/wp\/v2\/comments?post=540070"}],"version-history":[{"count":0,"href":"https:\/\/www.europesays.com\/fr\/wp-json\/wp\/v2\/posts\/540070\/revisions"}],"wp:featuredmedia":[{"embeddable":true,"href":"https:\/\/www.europesays.com\/fr\/wp-json\/wp\/v2\/media\/540071"}],"wp:attachment":[{"href":"https:\/\/www.europesays.com\/fr\/wp-json\/wp\/v2\/media?parent=540070"}],"wp:term":[{"taxonomy":"category","embeddable":true,"href":"https:\/\/www.europesays.com\/fr\/wp-json\/wp\/v2\/categories?post=540070"},{"taxonomy":"post_tag","embeddable":true,"href":"https:\/\/www.europesays.com\/fr\/wp-json\/wp\/v2\/tags?post=540070"}],"curies":[{"name":"wp","href":"https:\/\/api.w.org\/{rel}","templated":true}]}}