{"id":540076,"date":"2025-11-17T11:05:12","date_gmt":"2025-11-17T11:05:12","guid":{"rendered":"https:\/\/www.europesays.com\/fr\/540076\/"},"modified":"2025-11-17T11:05:12","modified_gmt":"2025-11-17T11:05:12","slug":"sebastien-delogu-depute-lfi-officialise-sa-candidature","status":"publish","type":"post","link":"https:\/\/www.europesays.com\/fr\/540076\/","title":{"rendered":"S\u00e9bastien Delogu, d\u00e9put\u00e9 LFI, officialise sa candidature"},"content":{"rendered":"<p>                    Par<br \/>\n        <strong><br \/>\n            <a href=\"https:\/\/actu.fr\/auteur\/fabien-binacchi\" title=\"Consulter tous les articles de Fabien Binacchi\" target=\"_blank\" rel=\"noopener\">Fabien Binacchi<\/a><br \/>\n                    <\/strong><\/p>\n<p>        Publi\u00e9 le<\/p>\n<p>            17 nov. 2025 \u00e0 11h27        <\/p>\n<p>C\u2019\u00e9tait un secret de polichinelle\u2009: S\u00e9bastien Delogu a officialis\u00e9 ce dimanche 16\u00a0novembre 2025 sa candidature \u00e0 la mairie de <a href=\"https:\/\/actu.fr\/marseille\/\" target=\"_blank\" rel=\"noopener\">Marseille.<\/a>\u00a0<a href=\"https:\/\/actu.fr\/provence-alpes-cote-d-azur\/marseille_13055\/municipales-2026-a-marseille-lfi-acte-sa-rupture-avec-benoit-payan-et-designe-ses-chefs-de-file_62657416.html\" target=\"_blank\" rel=\"noopener\">Tr\u00e8s critique avec la majorit\u00e9 sortante,<\/a> le d\u00e9put\u00e9 insoumis assure qu\u2019il souhaitait <strong>\u00ab\u2009ramener le peuple au pouvoir\u2009\u00bb.<\/strong><\/p>\n<p class=\" wall-content\">Selon les derniers sondages, le parlementaire arriverait <strong>4e au premier tour,<\/strong> derri\u00e8re le maire en place Beno\u00eet Payan, Franck Allisio (RN) et la pr\u00e9sidente de la m\u00e9tropole et du d\u00e9partement Martine Vassal, dont les positions semblent encore interchangeables.<\/p>\n<p>\u00ab\u2009Briser les fronti\u00e8res artificielles qui nous divisent\u2009\u00bb<\/p>\n<p class=\" wall-content\">\u00ab\u2009Je suis candidat \u00e0 la mairie de Marseille\u2009! Pour recr\u00e9er un pont entre le peuple et des institutions enfin \u00e0 son service, briser les fronti\u00e8res artificielles qui nous divisent et <strong>unir tout le peuple marseillais<\/strong>\u2009\u00bb, a post\u00e9 S\u00e9bastien Delogu sur ses r\u00e9seaux sociaux apr\u00e8s avoir r\u00e9serv\u00e9 la primeur de son annonce \u00e0 l\u2019Agence France Presse (AFP).<\/p>\n<p class=\" wall-content\">\n<p class=\" wall-content\">Solidement implant\u00e9 dans les quartiers Nord o\u00f9 il a \u00e9t\u00e9 <strong>r\u00e9\u00e9lu d\u00e9put\u00e9 d\u00e8s le premier tour en 2024,<\/strong> le d\u00e9put\u00e9 des Bouches-du-Rh\u00f4ne devra \u00e9galement s\u00e9duire les quartiers plus ais\u00e9s du Sud. Il compte sur un programme \u00e9cologique et notamment des transports \u00ab\u2009au service de la nature et des habitants\u2009\u00bb dans la deuxi\u00e8me ville de France, qui fait plus deux fois la taille de celle de Paris et qui n\u2019a pourtant que deux lignes de m\u00e9tro.<\/p>\n<p>Il ne ferme pas la porte \u00e0 une \u00ab\u2009union\u2009\u00bb au second tour<\/p>\n<p class=\" wall-content\">Avec cette annonce, S\u00e9bastien Delogu officialise donc son entr\u00e9e en campagne et, de fait, que la gauche part divis\u00e9e \u00e0 Marseille, o\u00f9 <strong>les \u00e9cologistes, le PCF et le Parti socialiste<\/strong> ont d\u00e9j\u00e0 annonc\u00e9, de leur c\u00f4t\u00e9, qu\u2019ils prenaient part \u00e0 la coalition du Printemps marseillais.<\/p>\n<p class=\" wall-content\">Cr\u00e9dit\u00e9 <a href=\"https:\/\/actu.fr\/provence-alpes-cote-d-azur\/marseille_13055\/seisme-a-marseille-un-sondage-place-le-rn-en-tete-au-premier-tour-des-municipales-en-2026_63416381.html\" target=\"_blank\" rel=\"noopener\">de 13\u2009% \u00e0 16\u2009% des voix au premier tour selon les derniers sondages<\/a> (r\u00e9alis\u00e9s avant l\u2019annonce du ralliement de S\u00e9bastien Barles, adjoint au maire et d\u00e9sormais ex-candidat, de son mouvement \u00e9colo-citoyen Va\u00ef, ainsi que de la R\u00e9volution \u00e9cologique pour le vivant parti du d\u00e9put\u00e9 apparent\u00e9 LFI Aymeric Caron), S\u00e9bastien Delogu ne \u00ab\u2009ferme\u2009\u00bb pourtant \u00ab\u2009pas la porte \u00e0 une union des gauches\u2009\u00bb au second tour, a-t-il assur\u00e9 \u00e0 l\u2019AFP.<\/p>\n<p>Votre r\u00e9gion, votre actu !<\/p>\n<p>Recevez chaque jour les infos qui comptent pour vous.<\/p>\n<p>\t<a href=\"https:\/\/actu.fr\/newsletter\" class=\"ac-btn ac-btn--corner ac-btn--medium ac-btn--blue800\" target=\"_blank\" rel=\"noopener\">S&rsquo;incrire<\/a><br \/>\nDelogu \u00ab\u2009irresponsable\u2009\u00bb selon les Jeunes socialistes<\/p>\n<p class=\" wall-content\">L\u2019officialisation de sa candidature laisse pourtant pantois au sein de la majorit\u00e9 sortante, que les Insoumis ciblent r\u00e9guli\u00e8rement <strong>\u00ab\u2009en \u00e9pargnant la droite et l\u2019extr\u00eame droite\u2009\u00bb.<\/strong><\/p>\n<p class=\" wall-content\">\u00ab\u2009C\u2019est une honte de voir une ville aussi sale et de voir un maire qui dit \u2018c\u2019est pas moi\u2019, tape encore S\u00e9bastien Delogu dans son entretien avec l\u2019AFP. Certes, 80\u2009% des comp\u00e9tences de la ville de Marseille sont \u00e0 la m\u00e9tropole [pr\u00e9sid\u00e9e par la candidate de la droite Martine Vassal] mais est-ce qu\u2019aujourd\u2019hui il s\u2019est retrouss\u00e9 les manches pour se battre pour la propret\u00e9\u2009?\u2009\u00bb<\/p>\n<p class=\" wall-content\">\u00ab\u2009Face au risque de l\u2019extr\u00eame-droite, l\u2019irresponsable Delogu endosse la responsabilit\u00e9 de diviser l\u2019Union de la gauche\u2009\u00bb, ont notamment r\u00e9agi les Jeunes socialistes des Bouches-du-Rh\u00f4ne sur leur compte X. Le candidat du Rassemblement national (RN) Franck Allisio, soutenu par le s\u00e9nateur St\u00e9phane Ravier, ferait <strong>la course en t\u00eate \u00e0 \u00e9galit\u00e9 avec le maire sortant \u00e0 29\u2009%,<\/strong> pour la premi\u00e8re fois, selon le tout dernier sondage.<\/p>\n<p class=\" wall-content\"><strong>Avec AFP<\/strong><\/p>\n<p class=\" wall-content\">Personnalisez votre actualit\u00e9 en ajoutant vos villes et m\u00e9dias en favori avec <a href=\"https:\/\/moncompte.actu.fr\" title=\"D\u00e9couvez Mon Actu\" rel=\"nofollow noopener\" data-trk=\"{&quot;cta&quot;:{&quot;action&quot;:&quot;https:\\\/\\\/moncompte.actu.fr&quot;,&quot;category&quot;:&quot;mon compte&quot;,&quot;from&quot;:&quot;article footer&quot;,&quot;name&quot;:&quot;Mon actu&quot;,&quot;type&quot;:&quot;cta&quot;}}\" target=\"_blank\">Mon Actu<\/a>.<\/p>\n","protected":false},"excerpt":{"rendered":"Par Fabien Binacchi Publi\u00e9 le 17 nov. 2025 \u00e0 11h27 C\u2019\u00e9tait un secret de polichinelle\u2009: S\u00e9bastien Delogu a&hellip;\n","protected":false},"author":2,"featured_media":540077,"comment_status":"","ping_status":"","sticky":false,"template":"","format":"standard","meta":{"footnotes":""},"categories":[2814],"tags":[1111,11,6469,4188,1777,674,1011,27,1023,884,3434,12,316,882,25],"class_list":{"0":"post-540076","1":"post","2":"type-post","3":"status-publish","4":"format-standard","5":"has-post-thumbnail","7":"category-marseille","8":"tag-actu","9":"tag-actualites","10":"tag-benoit-payan","11":"tag-elections-municipales","12":"tag-eu","13":"tag-europe","14":"tag-fr","15":"tag-france","16":"tag-la-france-insoumise-lfi","17":"tag-marseille","18":"tag-municipales-2026","19":"tag-news","20":"tag-politique","21":"tag-provence-alpes-cote-dazur","22":"tag-republique-francaise"},"share_on_mastodon":{"url":"https:\/\/pubeurope.com\/@fr\/115564716095330705","error":""},"_links":{"self":[{"href":"https:\/\/www.europesays.com\/fr\/wp-json\/wp\/v2\/posts\/540076","targetHints":{"allow":["GET"]}}],"collection":[{"href":"https:\/\/www.europesays.com\/fr\/wp-json\/wp\/v2\/posts"}],"about":[{"href":"https:\/\/www.europesays.com\/fr\/wp-json\/wp\/v2\/types\/post"}],"author":[{"embeddable":true,"href":"https:\/\/www.europesays.com\/fr\/wp-json\/wp\/v2\/users\/2"}],"replies":[{"embeddable":true,"href":"https:\/\/www.europesays.com\/fr\/wp-json\/wp\/v2\/comments?post=540076"}],"version-history":[{"count":0,"href":"https:\/\/www.europesays.com\/fr\/wp-json\/wp\/v2\/posts\/540076\/revisions"}],"wp:featuredmedia":[{"embeddable":true,"href":"https:\/\/www.europesays.com\/fr\/wp-json\/wp\/v2\/media\/540077"}],"wp:attachment":[{"href":"https:\/\/www.europesays.com\/fr\/wp-json\/wp\/v2\/media?parent=540076"}],"wp:term":[{"taxonomy":"category","embeddable":true,"href":"https:\/\/www.europesays.com\/fr\/wp-json\/wp\/v2\/categories?post=540076"},{"taxonomy":"post_tag","embeddable":true,"href":"https:\/\/www.europesays.com\/fr\/wp-json\/wp\/v2\/tags?post=540076"}],"curies":[{"name":"wp","href":"https:\/\/api.w.org\/{rel}","templated":true}]}}