{"id":540080,"date":"2025-11-17T11:07:19","date_gmt":"2025-11-17T11:07:19","guid":{"rendered":"https:\/\/www.europesays.com\/fr\/540080\/"},"modified":"2025-11-17T11:07:19","modified_gmt":"2025-11-17T11:07:19","slug":"avec-des-propositions-concretes-on-peut-creer-un-engouement-a-lyon","status":"publish","type":"post","link":"https:\/\/www.europesays.com\/fr\/540080\/","title":{"rendered":"Avec des propositions concr\u00e8tes, on peut cr\u00e9er un engouement \u00e0 Lyon"},"content":{"rendered":"<p>Candidate \u00ab\u00a0pour faire mieux pour Lyon\u00a0\u00bb, <a href=\"https:\/\/www.lyonmag.com\/profil-personnalite-lyonnaise\/698\/anais-belouassa-cherifi\" target=\"_blank\" rel=\"noopener\">Ana\u00efs Belouassa-Cherifi<\/a> porte un projet de gauche radicale avec la France Insoumise. \u00ab\u00a0Quand la politique nationale ne r\u00e9pond plus aux pr\u00e9occupations des gens, il faut agir concr\u00e8tement avec des mesures ambitieuses\u00a0\u00bb, souligne la d\u00e9put\u00e9e du Rh\u00f4ne.<\/p>\n<p>Elle veut ainsi la r\u00e9quisition des logements vacants, car \u00ab\u00a0lorsqu&rsquo;il y a une urgence sociale dans la ville, il faut trouver des solutions. La r\u00e9quisition, c&rsquo;est une possibilit\u00e9 pour le maire\u00a0\u00bb.<\/p>\n<p>Mais aussi la gratuit\u00e9 des TCL, de la cantine scolaire et d&rsquo;un petit-d\u00e9jeune dans chaque \u00e9cole.<\/p>\n<p>\u00ab\u00a0Je suis convaincue que lorsqu&rsquo;on arrive avec des propositions concr\u00e8tes, on peut cr\u00e9er un engouement et l&rsquo;engagement des gens dans la campagne\u00a0\u00bb, poursuit Ana\u00efs Belouassa-Cherifi.<\/p>\n<p>Si elle a attaqu\u00e9 le PS alli\u00e9 \u00e0 <a href=\"https:\/\/www.lyonmag.com\/profil-personnalite-lyonnaise\/504\/gregory-doucet\" target=\"_blank\" rel=\"noopener\">Gr\u00e9gory Doucet<\/a>, la candidate insoumise estime que <a href=\"https:\/\/www.lyonmag.com\/profil-personnalite-lyonnaise\/8\/jean-michel-aulas\" target=\"_blank\" rel=\"noopener\">Jean-Michel Aulas<\/a> est son adversaire principal : \u00ab\u00a0Monsieur Aulas est arriv\u00e9 l\u00e0 parce qu&rsquo;il n&rsquo;avait plus rien \u00e0 faire. Il est l&rsquo;instrument de la droite lyonnaise et d&rsquo;une Macronie qui n&rsquo;existe plus vraiment. (&#8230;) Ce n&rsquo;est s\u00fbrement pas avec des selfies et des petites phrases qu&rsquo;on peut gagner\u00a0\u00bb.<\/p>\n<p><strong><a href=\"https:\/\/www.lyonmag.com\/category\/50\/les-coulisses-du-grand-lyon\" target=\"_blank\" rel=\"noopener\">Les Coulisses du Grand Lyon<\/a>\u00a0sont \u00e0 retrouver tous les jours \u00e0 12h sur LyonMag.com et sur\u00a0<a href=\"https:\/\/www.youtube.com\/channel\/UCepdRYTQt5vKtrz-CuaFzpg\" target=\"_blank\" rel=\"noopener\">la cha\u00eene Youtube de LyonMag<\/a>.<\/strong><\/p>\n<p>00:00 Candidature sans les \u00e9cologistes<br \/>00:48 Gratuit\u00e9 des TCL<br \/>02:54 R\u00e9quisition des logements vacants<br \/>04:33 Alimentation<br \/>07:32 Ch\u00e8ques de Jean-Michel Aulas<br \/>08:28 Critiques envers le PS<br \/>11:37 Jean-Michel Aulas<br \/>12:20 Election encore gagnable ?<br \/>12:46 Quelle maire pour Lyon ?<\/p>\n<p>            <a href=\"#\" class=\"back-page\" rel=\"back\">X<\/a><\/p>\n","protected":false},"excerpt":{"rendered":"Candidate \u00ab\u00a0pour faire mieux pour Lyon\u00a0\u00bb, Ana\u00efs Belouassa-Cherifi porte un projet de gauche radicale avec la France Insoumise.&hellip;\n","protected":false},"author":2,"featured_media":540081,"comment_status":"","ping_status":"","sticky":false,"template":"","format":"standard","meta":{"footnotes":""},"categories":[1889],"tags":[1111,11,2813,2190,2430,1109,251,1112,2811,1777,674,118,1011,27,1922,1110,1114,2428,2810,12,241,316,25,2812,517,800],"class_list":{"0":"post-540080","1":"post","2":"type-post","3":"status-publish","4":"format-standard","5":"has-post-thumbnail","7":"category-lyon","8":"tag-actu","9":"tag-actualites","10":"tag-article","11":"tag-asvel","12":"tag-auvergne-rhone-alpes","13":"tag-breves","14":"tag-culture","15":"tag-depeches","16":"tag-economique","17":"tag-eu","18":"tag-europe","19":"tag-faits-divers","20":"tag-fr","21":"tag-france","22":"tag-info","23":"tag-informations","24":"tag-infos","25":"tag-lyon","26":"tag-lyonmag","27":"tag-news","28":"tag-ol","29":"tag-politique","30":"tag-republique-francaise","31":"tag-sociale","32":"tag-sport","33":"tag-transports"},"share_on_mastodon":{"url":"https:\/\/pubeurope.com\/@fr\/115564723754377392","error":""},"_links":{"self":[{"href":"https:\/\/www.europesays.com\/fr\/wp-json\/wp\/v2\/posts\/540080","targetHints":{"allow":["GET"]}}],"collection":[{"href":"https:\/\/www.europesays.com\/fr\/wp-json\/wp\/v2\/posts"}],"about":[{"href":"https:\/\/www.europesays.com\/fr\/wp-json\/wp\/v2\/types\/post"}],"author":[{"embeddable":true,"href":"https:\/\/www.europesays.com\/fr\/wp-json\/wp\/v2\/users\/2"}],"replies":[{"embeddable":true,"href":"https:\/\/www.europesays.com\/fr\/wp-json\/wp\/v2\/comments?post=540080"}],"version-history":[{"count":0,"href":"https:\/\/www.europesays.com\/fr\/wp-json\/wp\/v2\/posts\/540080\/revisions"}],"wp:featuredmedia":[{"embeddable":true,"href":"https:\/\/www.europesays.com\/fr\/wp-json\/wp\/v2\/media\/540081"}],"wp:attachment":[{"href":"https:\/\/www.europesays.com\/fr\/wp-json\/wp\/v2\/media?parent=540080"}],"wp:term":[{"taxonomy":"category","embeddable":true,"href":"https:\/\/www.europesays.com\/fr\/wp-json\/wp\/v2\/categories?post=540080"},{"taxonomy":"post_tag","embeddable":true,"href":"https:\/\/www.europesays.com\/fr\/wp-json\/wp\/v2\/tags?post=540080"}],"curies":[{"name":"wp","href":"https:\/\/api.w.org\/{rel}","templated":true}]}}