{"id":540095,"date":"2025-11-17T11:16:17","date_gmt":"2025-11-17T11:16:17","guid":{"rendered":"https:\/\/www.europesays.com\/fr\/540095\/"},"modified":"2025-11-17T11:16:17","modified_gmt":"2025-11-17T11:16:17","slug":"le-geant-chinois-shein-deploie-une-vaste-offre-de-livres-doccasion-aux-etats-unis","status":"publish","type":"post","link":"https:\/\/www.europesays.com\/fr\/540095\/","title":{"rendered":"Le g\u00e9ant chinois Shein d\u00e9ploie une vaste offre de livres d&rsquo;occasion aux Etats-Unis"},"content":{"rendered":"<p>Shein, la multinationale de mode bas\u00e9e \u00e0 Singapour, fait ses premiers pas dans la vente de livres. En\u00a0ouvrant sa marketplace \u00e0 Alibris, plateforme sp\u00e9cialis\u00e9e dans la vente de livres d\u2019occasion, le d\u00e9taillant chinois entend proposer plus de 100 000 ouvrages de tous genres, notamment de romance et de fantasy, aux \u00c9tats-Unis, mais aussi d\u2019offrir un acc\u00e8s plus abordable aux manuels scolaires, denr\u00e9e particuli\u00e8rement on\u00e9reuse Outre-Atlantique.<\/p>\n<p>Si l\u2019initiative risque de ne pas faire l\u2019unanimit\u00e9, elle serait n\u00e9anmoins, d\u2019apr\u00e8s le g\u00e9ant chinois \u2014 par ailleurs r\u00e9guli\u00e8rement critiqu\u00e9 pour ses pratiques de production \u2014, motiv\u00e9e par une demande croissante de sa client\u00e8le. D\u2019apr\u00e8s une enqu\u00eate interne men\u00e9e aupr\u00e8s de 11 000 adultes am\u00e9ricains, Shein affirme qu\u2019un tiers des r\u00e9pondants lisent quotidiennement et manifestent un fort int\u00e9r\u00eat pour des genres comme la romance, la fantasy ou le thriller, genres tr\u00e8s populaires chez les adolescents et jeunes adultes, cible privil\u00e9gi\u00e9e de Shein.<\/p>\n<p>Une demande de la g\u00e9n\u00e9ration Z\u00a0<\/p>\n<p>\u00ab Ce n&rsquo;est pas une tendance, c&rsquo;est un mode de vie\u00a0\u00bb, a d\u00e9clar\u00e9 <strong>George Chang,<\/strong> directeur g\u00e9n\u00e9ral et responsable de Shein Marketplace U.S, dans un communiqu\u00e9. \u00ab\u00a0Nous sommes ravis de cultiver cet amour de nos clients pour la lecture et l&rsquo;apprentissage en nous associant \u00e0 Alibris, afin d\u2019offrir pour la toute premi\u00e8re fois une grande vari\u00e9t\u00e9 de livres \u00e0 nos acheteurs\u00a0\u00bb, a-t-il ajout\u00e9.<\/p>\n<p>La plateforme Alibris revendique aujourd\u2019hui plus de 140 millions de r\u00e9f\u00e9rences, dont une large s\u00e9lection d\u2019ouvrages \u00e9puis\u00e9s ou plus commercialis\u00e9s. Cr\u00e9\u00e9e en 1998, elle indique, sur son site, collaborer aujourd\u2019hui avec pr\u00e8s de 5 000 biblioth\u00e8ques et librairies, qui l\u2019utilisent pour retrouver des livres devenus quasi introuvables.<\/p>\n<p>Selon elle, ses clients profitent d\u00e9sormais d\u2019un usage \u00e9largi, gr\u00e2ce \u00e0 un mod\u00e8le offrant paiements flexibles et commandes group\u00e9es, mieux adapt\u00e9 aux acquisitions collectives et institutionnelles qu\u2019aux achats individuels. Et si la plateforme est rest\u00e9e relativement discr\u00e8te sur le march\u00e9 ces derni\u00e8res ann\u00e9es, elle a toutefois conclu, dans l\u2019ombre, plusieurs partenariats avec des d\u00e9taillants majeurs comme Barnes &amp; Noble et Waterstones.<\/p>\n<blockquote class=\"instagram-media\" data-instgrm-captioned=\"\" data-instgrm-permalink=\"https:\/\/www.instagram.com\/p\/DRA02waDmlf\/?utm_source=ig_embed&amp;utm_campaign=loading\" data-instgrm-version=\"14\">\n<\/blockquote>\n<p>\u00ab Nous sommes ravis de nous associer \u00e0 Shein pour proposer notre large s\u00e9lection de livres \u00e0 un tout nouveau public compos\u00e9 de lecteurs de la g\u00e9n\u00e9ration Z et de la g\u00e9n\u00e9ration Y \u00bb, a d\u00e9clar\u00e9 son vice-pr\u00e9sident des ventes et du marketing mondiaux chez Alibris, <strong>Rob Lambert<\/strong>. \u00ab Ensemble, nous permettons aux lecteurs de d\u00e9couvrir et d&rsquo;acc\u00e9der plus facilement que jamais aux livres qu&rsquo;ils souhaitent. \u00bb <\/p>\n<p>Si Shein n\u2019a pas encore pr\u00e9cis\u00e9 ses ambitions \u00e0 long terme, la piste d\u2019une possible expansion en Europe ne peut \u00eatre \u00e9cart\u00e9e. Avec le risque, \u00e0 l\u2019image d\u2019Amazon, de bouleverser la concurrence et de fragiliser une fili\u00e8re qu&rsquo;inqui\u00e8tent d\u00e9j\u00e0 les enjeux du\u00a0livre d\u2019occasion.<\/p>\n<p>                                      <script async src=\"\/\/www.instagram.com\/embed.js\"><\/script><\/p>\n","protected":false},"excerpt":{"rendered":"Shein, la multinationale de mode bas\u00e9e \u00e0 Singapour, fait ses premiers pas dans la vente de livres. En\u00a0ouvrant&hellip;\n","protected":false},"author":2,"featured_media":540096,"comment_status":"","ping_status":"","sticky":false,"template":"","format":"standard","meta":{"footnotes":""},"categories":[1589],"tags":[11,73,1866,12,1864,1865,1863,308],"class_list":{"0":"post-540095","1":"post","2":"type-post","3":"status-publish","4":"format-standard","5":"has-post-thumbnail","7":"category-etats-unis","8":"tag-actualites","9":"tag-etats-unis","10":"tag-etats-unis-damerique","11":"tag-news","12":"tag-united-states","13":"tag-united-states-of-america","14":"tag-us","15":"tag-usa"},"share_on_mastodon":{"url":"https:\/\/pubeurope.com\/@fr\/115564759333507236","error":""},"_links":{"self":[{"href":"https:\/\/www.europesays.com\/fr\/wp-json\/wp\/v2\/posts\/540095","targetHints":{"allow":["GET"]}}],"collection":[{"href":"https:\/\/www.europesays.com\/fr\/wp-json\/wp\/v2\/posts"}],"about":[{"href":"https:\/\/www.europesays.com\/fr\/wp-json\/wp\/v2\/types\/post"}],"author":[{"embeddable":true,"href":"https:\/\/www.europesays.com\/fr\/wp-json\/wp\/v2\/users\/2"}],"replies":[{"embeddable":true,"href":"https:\/\/www.europesays.com\/fr\/wp-json\/wp\/v2\/comments?post=540095"}],"version-history":[{"count":0,"href":"https:\/\/www.europesays.com\/fr\/wp-json\/wp\/v2\/posts\/540095\/revisions"}],"wp:featuredmedia":[{"embeddable":true,"href":"https:\/\/www.europesays.com\/fr\/wp-json\/wp\/v2\/media\/540096"}],"wp:attachment":[{"href":"https:\/\/www.europesays.com\/fr\/wp-json\/wp\/v2\/media?parent=540095"}],"wp:term":[{"taxonomy":"category","embeddable":true,"href":"https:\/\/www.europesays.com\/fr\/wp-json\/wp\/v2\/categories?post=540095"},{"taxonomy":"post_tag","embeddable":true,"href":"https:\/\/www.europesays.com\/fr\/wp-json\/wp\/v2\/tags?post=540095"}],"curies":[{"name":"wp","href":"https:\/\/api.w.org\/{rel}","templated":true}]}}