{"id":540097,"date":"2025-11-17T11:17:13","date_gmt":"2025-11-17T11:17:13","guid":{"rendered":"https:\/\/www.europesays.com\/fr\/540097\/"},"modified":"2025-11-17T11:17:13","modified_gmt":"2025-11-17T11:17:13","slug":"la-grande-bretagne-menace-de-restreindre-les-visas-pour-trois-pays-africains-juges-peu-cooperatifs","status":"publish","type":"post","link":"https:\/\/www.europesays.com\/fr\/540097\/","title":{"rendered":"La Grande-Bretagne menace de restreindre les visas pour trois pays africains jug\u00e9s peu coop\u00e9ratifs"},"content":{"rendered":"<p>\t\t\t\t\t\t\t<strong>Un ultimatum adress\u00e9 \u00e0 trois \u00c9tats africains\u00a0<\/strong><\/p>\n<p>Le Royaume-Uni a menac\u00e9 lundi de limiter l\u2019octroi de visas \u00e0 l\u2019Angola, \u00e0 la Namibie et \u00e0 la R\u00e9publique d\u00e9mocratique du Congo, accus\u00e9s de ne pas collaborer suffisamment pour reprendre leurs ressortissants en situation irr\u00e9guli\u00e8re. Le minist\u00e8re de l\u2019Int\u00e9rieur juge cette coop\u00e9ration \u00ab inacceptable \u00bb et affirme que \u00ab des milliers de migrants ill\u00e9gaux \u00bb originaires de ces pays vivent actuellement au Royaume-Uni.\u00a0<br \/>Alex Norris, secr\u00e9taire d\u2019\u00c9tat \u00e0 l\u2019Asile et \u00e0 la s\u00e9curit\u00e9 des fronti\u00e8res, a pr\u00e9venu sur Sky News que les trois pays concern\u00e9s \u00ab ont un mois \u00bb pour am\u00e9liorer leur coop\u00e9ration. Les restrictions viseraient d\u2019abord les visas touristiques et les visas VIP, mais pourraient \u00eatre \u00e9tendues \u00e0 d\u2019autres pays, notamment ceux affichant des taux \u00e9lev\u00e9s de demandes d\u2019asile apr\u00e8s une entr\u00e9e l\u00e9gale sur le territoire britannique.\u00a0La ministre de l\u2019Int\u00e9rieur Shabana Mahmood a adress\u00e9 un message direct : \u00ab Acceptez le retour de vos ressortissants ou vous perdrez le privil\u00e8ge de pouvoir entrer dans notre pays.\u00a0\u00bb<\/p>\n<blockquote class=\"twitter-tweet\"><p>&#13;<\/p>\n<p dir=\"ltr\" lang=\"en\">I know this country is an open, tolerant and generous place. <\/p>\n<p>But the public also rightly expect that we can control our borders. <\/p>\n<p>Unless we act, we risk losing popular consent for having an asylum system at all. <\/p>\n<p>While today\u2019s measures will restore control to our borders, I\u2026<\/p>\n<p>&#13;<br \/>\n\u2014 Shabana Mahmood MP (@ShabanaMahmood) <a href=\"https:\/\/twitter.com\/ShabanaMahmood\/status\/1990339054978650322?ref_src=twsrc%5Etfw\" rel=\"nofollow noopener\" target=\"_blank\">November 17, 2025<\/a><\/p><\/blockquote>\n<p><strong>Une r\u00e9forme migratoire ambitieuse pour contrer les arriv\u00e9es irr\u00e9guli\u00e8res\u00a0<\/strong><\/p>\n<p>Cette mise en garde intervient alors que le gouvernement travailliste s\u2019appr\u00eate \u00e0 pr\u00e9senter une vaste r\u00e9forme destin\u00e9e \u00e0 r\u00e9duire les arriv\u00e9es irr\u00e9guli\u00e8res, en particulier celles effectu\u00e9es \u00e0 bord de petites embarcations depuis le nord de la France. Ces travers\u00e9es, en hausse, alimentent la progression du parti d\u2019extr\u00eame droite Reform UK.\u00a0Parmi les mesures d\u00e9j\u00e0 annonc\u00e9es figurent une r\u00e9duction de la protection accord\u00e9e aux r\u00e9fugi\u00e9s, qui pourront \u00eatre \u00ab forc\u00e9s \u00bb de rentrer dans leur pays d\u00e8s qu\u2019il sera jug\u00e9 s\u00fbr, ainsi que la suppression de l\u2019acc\u00e8s automatique aux aides sociales pour les demandeurs d\u2019asile.<\/p>\n<p><strong>A lire aussi :<a href=\"https:\/\/www.africaradio.com\/actualite-111680-royaume-uni-arrestation-du-demandeur-d-asile-ethiopien-libere-par-erreur-de-prison\" target=\"_blank\" rel=\"noopener nofollow\"> Royaume-Uni : arrestation du demandeur d\u2019asile \u00e9thiopien lib\u00e9r\u00e9 par erreur de prison<\/a><\/strong><\/p>\n<p>Londres veut \u00e9galement acc\u00e9l\u00e9rer les expulsions en l\u00e9gif\u00e9rant sur les recours li\u00e9s \u00e0 la Convention europ\u00e9enne des droits de l\u2019homme.\u00a0<br \/>Depuis le 1er janvier, 39 292 personnes ont travers\u00e9 la Manche \u00e0 bord de petites embarcations, d\u00e9passant d\u00e9j\u00e0 le total de 2024. Les demandes d\u2019asile, en augmentation de 18 % l\u2019an dernier, ont atteint plus de 400 000 depuis 2021, contre 150 000 entre 2011 et 2015.\u00a0<\/p>\n<p>\t\t\t\t\t\t<script async src=\"https:\/\/platform.twitter.com\/widgets.js\" charset=\"utf-8\"><\/script><\/p>\n","protected":false},"excerpt":{"rendered":"Un ultimatum adress\u00e9 \u00e0 trois \u00c9tats africains\u00a0 Le Royaume-Uni a menac\u00e9 lundi de limiter l\u2019octroi de visas \u00e0&hellip;\n","protected":false},"author":2,"featured_media":540098,"comment_status":"","ping_status":"","sticky":false,"template":"","format":"standard","meta":{"footnotes":""},"categories":[1588],"tags":[11,1777,674,12,473,1853,1851,1850,1852],"class_list":{"0":"post-540097","1":"post","2":"type-post","3":"status-publish","4":"format-standard","5":"has-post-thumbnail","7":"category-royaume-uni","8":"tag-actualites","9":"tag-eu","10":"tag-europe","11":"tag-news","12":"tag-royaume-uni","13":"tag-royaume-uni-de-grande-bretagne-et-dirlande-du-nord","14":"tag-uk","15":"tag-united-kingdom","16":"tag-united-kingdom-of-great-britain-and-northern-ireland"},"share_on_mastodon":{"url":"https:\/\/pubeurope.com\/@fr\/115564763297302878","error":""},"_links":{"self":[{"href":"https:\/\/www.europesays.com\/fr\/wp-json\/wp\/v2\/posts\/540097","targetHints":{"allow":["GET"]}}],"collection":[{"href":"https:\/\/www.europesays.com\/fr\/wp-json\/wp\/v2\/posts"}],"about":[{"href":"https:\/\/www.europesays.com\/fr\/wp-json\/wp\/v2\/types\/post"}],"author":[{"embeddable":true,"href":"https:\/\/www.europesays.com\/fr\/wp-json\/wp\/v2\/users\/2"}],"replies":[{"embeddable":true,"href":"https:\/\/www.europesays.com\/fr\/wp-json\/wp\/v2\/comments?post=540097"}],"version-history":[{"count":0,"href":"https:\/\/www.europesays.com\/fr\/wp-json\/wp\/v2\/posts\/540097\/revisions"}],"wp:featuredmedia":[{"embeddable":true,"href":"https:\/\/www.europesays.com\/fr\/wp-json\/wp\/v2\/media\/540098"}],"wp:attachment":[{"href":"https:\/\/www.europesays.com\/fr\/wp-json\/wp\/v2\/media?parent=540097"}],"wp:term":[{"taxonomy":"category","embeddable":true,"href":"https:\/\/www.europesays.com\/fr\/wp-json\/wp\/v2\/categories?post=540097"},{"taxonomy":"post_tag","embeddable":true,"href":"https:\/\/www.europesays.com\/fr\/wp-json\/wp\/v2\/tags?post=540097"}],"curies":[{"name":"wp","href":"https:\/\/api.w.org\/{rel}","templated":true}]}}